{"id":281947,"date":"2025-12-10T23:17:14","date_gmt":"2025-12-10T23:17:14","guid":{"rendered":"https:\/\/www.europesays.com\/es\/281947\/"},"modified":"2025-12-10T23:17:14","modified_gmt":"2025-12-10T23:17:14","slug":"querer-a-un-desconocido-ctxt-es","status":"publish","type":"post","link":"https:\/\/www.europesays.com\/es\/281947\/","title":{"rendered":"Querer a un desconocido | ctxt.es"},"content":{"rendered":"<p>No es original ni es nuevo entablar relaciones sentimentales con desconocidos. Nos pasa a todos. En el autob\u00fas, en la m\u00fasica o la literatura. Las carpetas de instituto de los noventa estaban forradas justo de eso. Un eso tan intenso que no quedaba un cent\u00edmetro que explicase c\u00f3mo era aquel archivador cuando sali\u00f3 de la papeler\u00eda. Algunos, demasiado t\u00edmidos como para exponernos en p\u00fablico \u2013es curioso\u2013, no forr\u00e1bamos carpetas para mostrarnos al mundo. Cre\u00e1bamos mundos en nuestro cuarto, capillas sixtinas a base de forrar paredes que desconch\u00e1bamos de tanto mirarlas. No sab\u00edamos que el tiempo pasar\u00eda. No sab\u00edamos que nos cansar\u00edamos de ver aquel p\u00f3ster, que lo cambiar\u00edamos por otro, que nos ir\u00edamos de casa ni que volver\u00edamos malheridos. No sab\u00edamos que nos ir\u00edamos de nuevo para volver de visita con un beb\u00e9 bajo el brazo ni que aquellas paredes del cuarto acabar\u00edan como nunca las imaginamos: de color blanco. No sab\u00edamos que aquel tipo que, como los t\u00faneles de Extremadura, aparec\u00eda y desaparec\u00eda de la vida, en realidad estar\u00eda siempre acompa\u00f1ando con m\u00e1s o menos intensidad. Lo seguir\u00e1 haciendo en el futuro y para siempre porque, cuando el arte nombra hijos predilectos, les regala inmortalidad.<\/p>\n<p>No daba pr\u00e1cticamente entrevistas y, vistas las pocas y desganadas que dio, se agradece mucho que se negara. Cuando conoces demasiados rincones de alguien a quien admiras, es cuesti\u00f3n de tiempo que dejes de hacerlo. Que hablen las canciones por m\u00ed, dec\u00eda sin decirlo, pero todos lo entend\u00edamos. Los profetas de cualquier religi\u00f3n, y esta, desde hoy, lo es, no dan entrevistas, dejan textos para que los interpretemos. Le dieron una medalla en su tierra y la noticia es que fue a recogerla. Con vaqueros y camiseta blanca, acept\u00f3 el galard\u00f3n de manos de las autoridades y aprovech\u00f3 para pedir locales de ensayo para los chavales en todos los pueblos de la zona. Para pedir el salario m\u00ednimo ya hay otra gente, yo tengo que pedir para los artistas que ya lo son y los que podr\u00edan serlo, explic\u00f3. Un t\u00edo pr\u00e1ctico, como demostr\u00f3 durante toda su vida fabricando cientos de unidades del producto m\u00e1s \u00fatil que uno puede fabricar: compa\u00f1\u00eda para la gente. Hombros sobre los que llorar. Lemas sobre los que celebrar. Sinton\u00edas que recordar. Se recuerdan sin la ayuda de una gran industria que se resisti\u00f3 a abrirle las puertas. Su arte, en tiempos sin internet, llegaba por otra v\u00eda. Si en los a\u00f1os setenta conoc\u00edas el chiste de Carrero Blanco del vino por las nubes y en los a\u00f1os noventa su m\u00fasica, no es que te lo contase la tele, sino que ibas a los bares adecuados.<\/p>\n<p>A pocos kil\u00f3metros de donde me hab\u00eda tocado mudarme, descolocado y sin saber d\u00f3nde estaban mis amigos, sac\u00f3 su primer disco, pero era un ni\u00f1o demasiado peque\u00f1o para enterarme. Los siguientes discos me sacaron a m\u00ed. Creo que soy esto, pens\u00e9. Y lo era. De una forma u otra, uno es el arte que decide consumir cuando descubre que respirar no va solo de pulmones. Esa primera inhalaci\u00f3n, ese meconio cultural elegido, marca. O al menos acompa\u00f1a. Conmigo lo hizo muchas veces. En festivales de m\u00fasica fue banda sonora de mezclas suicidas de alcohol con refrescos pasados de rosca. Acompa\u00f1\u00f3 rupturas, nuevos amores y autobuses con retraso de camino a clase. Cuando naci\u00f3 mi hijo y tocaba pasearlo pasillo arriba y abajo, no le puse, para presentarme, el \u00faltimo disco de Foo Fighters que andaba escuchando esos d\u00edas, sino uno de los suyos. Uno que ya nunca escuchaba: y si fuera mi vida una escalera me la he pasado entera buscando el siguiente escal\u00f3n, convencido que est\u00e1s en el tejado esperando a ver si llego yo. Con d\u00edas de vida era demasiado peque\u00f1o para entender que aquello era un te quiero, pero en cambio se cag\u00f3 inmediatamente encima, lo que me pareci\u00f3 un gesto muy rockero. De camino al hospital para ver a mi padre, volv\u00ed a escucharlo con intensidad de adolescencia porque cuando uno necesita compa\u00f1\u00eda y cari\u00f1o la busca en los seres queridos. Robe Iniesta lo era. Lo echaremos de menos. Y, aunque no nos lea, gracias por tanta compa\u00f1\u00eda.<\/p>\n<p><a href=\"https:\/\/agora.ctxt.es\/donaciones\/\" target=\"_blank\" rel=\"nofollow noopener\"><img loading=\"lazy\" decoding=\"async\" style=\"display: block; margin-left: auto; margin-right: auto;\" src=\"https:\/\/www.europesays.com\/es\/wp-content\/uploads\/2025\/12\/cms-image-000038490.jpeg\" alt=\"\" width=\"952\" height=\"351\"\/><\/a><\/p>\n<p>No es original ni es nuevo entablar relaciones sentimentales con desconocidos. Nos pasa a todos. En el autob\u00fas, en la m\u00fasica o la literatura. Las carpetas de instituto de los noventa estaban forradas justo de eso. Un eso tan intenso que no quedaba un cent\u00edmetro que explicase c\u00f3mo era aquel archivador cuando sali\u00f3&#8230;<br \/>\n                                <\/p>\n<p>\t\t\t\t    Este art\u00edculo es exclusivo para las personas suscritas a CTXT. Puedes iniciar sesi\u00f3n <strong><a href=\"https:\/\/ctxt.es\/auth\" rel=\"nofollow noopener\" target=\"_blank\">aqu\u00ed<\/a><\/strong> o suscribirte <strong><a target=\"_blank\" href=\"https:\/\/agora.ctxt.es\/suscripciones\/\" rel=\"nofollow noopener\">aqu\u00ed<\/a><\/strong><\/p>\n","protected":false},"excerpt":{"rendered":"No es original ni es nuevo entablar relaciones sentimentales con desconocidos. Nos pasa a todos. En el autob\u00fas,&hellip;\n","protected":false},"author":2,"featured_media":281948,"comment_status":"","ping_status":"","sticky":false,"template":"","format":"standard","meta":{"footnotes":""},"categories":[91],"tags":[1709,1710,146,147,25,24,21388,6979,30,44417,23],"class_list":{"0":"post-281947","1":"post","2":"type-post","3":"status-publish","4":"format-standard","5":"has-post-thumbnail","7":"category-entretenimiento","8":"tag-ctxt-revista-contexto-politica","9":"tag-economia-y-cultura-feminismos-cambio-climatico-noticias","10":"tag-entertainment","11":"tag-entretenimiento","12":"tag-es","13":"tag-espana","14":"tag-extremoduro","15":"tag-gerardo-tece","16":"tag-hijo","17":"tag-robe-iniesta","18":"tag-spain"},"share_on_mastodon":{"url":"https:\/\/pubeurope.com\/@es\/115697827906565565","error":""},"_links":{"self":[{"href":"https:\/\/www.europesays.com\/es\/wp-json\/wp\/v2\/posts\/281947","targetHints":{"allow":["GET"]}}],"collection":[{"href":"https:\/\/www.europesays.com\/es\/wp-json\/wp\/v2\/posts"}],"about":[{"href":"https:\/\/www.europesays.com\/es\/wp-json\/wp\/v2\/types\/post"}],"author":[{"embeddable":true,"href":"https:\/\/www.europesays.com\/es\/wp-json\/wp\/v2\/users\/2"}],"replies":[{"embeddable":true,"href":"https:\/\/www.europesays.com\/es\/wp-json\/wp\/v2\/comments?post=281947"}],"version-history":[{"count":0,"href":"https:\/\/www.europesays.com\/es\/wp-json\/wp\/v2\/posts\/281947\/revisions"}],"wp:featuredmedia":[{"embeddable":true,"href":"https:\/\/www.europesays.com\/es\/wp-json\/wp\/v2\/media\/281948"}],"wp:attachment":[{"href":"https:\/\/www.europesays.com\/es\/wp-json\/wp\/v2\/media?parent=281947"}],"wp:term":[{"taxonomy":"category","embeddable":true,"href":"https:\/\/www.europesays.com\/es\/wp-json\/wp\/v2\/categories?post=281947"},{"taxonomy":"post_tag","embeddable":true,"href":"https:\/\/www.europesays.com\/es\/wp-json\/wp\/v2\/tags?post=281947"}],"curies":[{"name":"wp","href":"https:\/\/api.w.org\/{rel}","templated":true}]}}