{"id":281952,"date":"2025-12-10T23:20:09","date_gmt":"2025-12-10T23:20:09","guid":{"rendered":"https:\/\/www.europesays.com\/es\/281952\/"},"modified":"2025-12-10T23:20:09","modified_gmt":"2025-12-10T23:20:09","slug":"es-un-desproposito-un-genetista-sobre-el-donante-de-esperma-portador-de-un-gen-cancerigeno-que-engendro-casi-200-hijos-salud-y-bienestar","status":"publish","type":"post","link":"https:\/\/www.europesays.com\/es\/281952\/","title":{"rendered":"\u00abEs un desprop\u00f3sito\u00bb: un genetista, sobre el donante de esperma portador de un gen cancer\u00edgeno que engendr\u00f3 casi 200 hijos | Salud y bienestar"},"content":{"rendered":"<p class=\"loc\">Madrid<\/p>\n<p>Seg\u00fan una investigaci\u00f3n de la Red de Periodismo de Investigaci\u00f3n de la Uni\u00f3n Europea de Radiodifusi\u00f3n (UER) publicada este mi\u00e9rcoles, un banco de esperma de Dinamarca ha vendido semen de un donante portador de un gen cancer\u00edgeno a cl\u00ednicas de fertilidad en 14 pa\u00edses europeos. Con ese gen potencialmente mortal se han engendrado casi 200 hijos, al menos 35 de ellos en Espa\u00f1a. En nuestro pa\u00eds, han dado positivo en la mutaci\u00f3n tres ni\u00f1os y uno ya est\u00e1 enfermo. Para entender las derivadas de este caso, hablamos en Hora 25 con Llu\u00eds Montoliu, genetista y biotecn\u00f3logo del Centro Nacional de Biotecnolog\u00eda.<\/p>\n<p>\u00bfC\u00f3mo ha podido pasar? \u00abEsto es un desprop\u00f3sito. Es inaudito que hayan nacido casi 200 personas de una misma donaci\u00f3n\u00bb, empieza diciendo Montoliu. \u00abNuestra ley de reproducci\u00f3n humana asistida limita a seis personas las que pueden usar la donaci\u00f3n de un semen. Aqu\u00ed han fallado muchas cosas\u00bb.<\/p>\n<p>\u00bfY el gen con potencialidad cancer\u00edgena? \u00abEste es un gen muy raro. El gen P-53 es el que llamamos nosotros el guardi\u00e1n del genoma. Este gen se pasea arriba y abajo por el genoma en busca de heridas y cicatrices en el ADN y cuando las encuentra las repara. Por eso se le llama un supresor de tumores. Si falla este gen, se acumulan los problemas en nuestro genoma y aparecen los c\u00e1nceres\u00bb, aclara el genetista.<\/p>\n<p>\u00bfY no avisaron? \u00bfNo se hizo un cribado previo? \u00abSe hace un cribado, pero no puede ser sistem\u00e1tico ni total. El s\u00edndrome este de Li-Fraumeni que est\u00e1 asociado a la mutaci\u00f3n del gen P-53 no se detecta\u00bb, responde el experto. \u00abNo es la primera vez que ha sucedido. Hay gente que tiene ese narcisismo de querer repartir hijos por el mundo. Si no se cumple la legislaci\u00f3n, nos arriesgamos a que ocurra\u00bb.<\/p>\n","protected":false},"excerpt":{"rendered":"Madrid Seg\u00fan una investigaci\u00f3n de la Red de Periodismo de Investigaci\u00f3n de la Uni\u00f3n Europea de Radiodifusi\u00f3n (UER)&hellip;\n","protected":false},"author":2,"featured_media":281464,"comment_status":"","ping_status":"","sticky":false,"template":"","format":"standard","meta":{"footnotes":""},"categories":[42],"tags":[17,18,13,14,11,61,62,63,64,19,20,9,10,15,16,12,21,22,65,66,67],"class_list":{"0":"post-281952","1":"post","2":"type-post","3":"status-publish","4":"format-standard","5":"has-post-thumbnail","7":"category-internacional","8":"tag-breaking-news","9":"tag-breakingnews","10":"tag-featured-news","11":"tag-featurednews","12":"tag-headlines","13":"tag-internacional","14":"tag-international","15":"tag-international-news","16":"tag-internationalnews","17":"tag-latest-news","18":"tag-latestnews","19":"tag-news","20":"tag-noticias","21":"tag-noticias-destacadas","22":"tag-noticiasdestacadas","23":"tag-titulares","24":"tag-ultimas-noticias","25":"tag-ultimasnoticias","26":"tag-world","27":"tag-world-news","28":"tag-worldnews"},"share_on_mastodon":{"url":"https:\/\/pubeurope.com\/@es\/115697839410830392","error":""},"_links":{"self":[{"href":"https:\/\/www.europesays.com\/es\/wp-json\/wp\/v2\/posts\/281952","targetHints":{"allow":["GET"]}}],"collection":[{"href":"https:\/\/www.europesays.com\/es\/wp-json\/wp\/v2\/posts"}],"about":[{"href":"https:\/\/www.europesays.com\/es\/wp-json\/wp\/v2\/types\/post"}],"author":[{"embeddable":true,"href":"https:\/\/www.europesays.com\/es\/wp-json\/wp\/v2\/users\/2"}],"replies":[{"embeddable":true,"href":"https:\/\/www.europesays.com\/es\/wp-json\/wp\/v2\/comments?post=281952"}],"version-history":[{"count":0,"href":"https:\/\/www.europesays.com\/es\/wp-json\/wp\/v2\/posts\/281952\/revisions"}],"wp:featuredmedia":[{"embeddable":true,"href":"https:\/\/www.europesays.com\/es\/wp-json\/wp\/v2\/media\/281464"}],"wp:attachment":[{"href":"https:\/\/www.europesays.com\/es\/wp-json\/wp\/v2\/media?parent=281952"}],"wp:term":[{"taxonomy":"category","embeddable":true,"href":"https:\/\/www.europesays.com\/es\/wp-json\/wp\/v2\/categories?post=281952"},{"taxonomy":"post_tag","embeddable":true,"href":"https:\/\/www.europesays.com\/es\/wp-json\/wp\/v2\/tags?post=281952"}],"curies":[{"name":"wp","href":"https:\/\/api.w.org\/{rel}","templated":true}]}}