{"id":281966,"date":"2025-12-10T23:33:17","date_gmt":"2025-12-10T23:33:17","guid":{"rendered":"https:\/\/www.europesays.com\/es\/281966\/"},"modified":"2025-12-10T23:33:17","modified_gmt":"2025-12-10T23:33:17","slug":"la-familia-de-martin-chirino-dona-al-niemeyer-el-viento-espiral-de-la-rosa","status":"publish","type":"post","link":"https:\/\/www.europesays.com\/es\/281966\/","title":{"rendered":"La familia de Mart\u00edn Chirino dona al Niemeyer \u00abEl Viento. Espiral de la rosa\u00bb"},"content":{"rendered":"<p class=\"ft-text ft-helper-closenews\">La familia del escultor <strong>Mart\u00edn Chirino<\/strong> (1925\u20132019), figura clave del arte espa\u00f1ol contempor\u00e1neo y referente de la abstracci\u00f3n en Canarias y a nivel internacional, ha donado la obra <strong>\u201cEl Viento. Espiral de la rosa\u201d (2005)<\/strong> a la <strong>Fundaci\u00f3n Centro Cultural Internacional \u00d3scar Niemeyer \u2013 Principado de Asturias<\/strong>.<\/p>\n<p class=\"ft-text\">El acto de entrega se celebr\u00f3 en la Sala del Abrazo del Centro Niemeyer, con la participaci\u00f3n de <strong>Marta Chirino<\/strong>, presidenta de la Fundaci\u00f3n Arte y Pensamiento Mart\u00edn Chirino e hija del artista, y <strong>Eduardo Rodr\u00edguez P\u00e9rez<\/strong>, secretario de dicha instituci\u00f3n, quienes formalizaron la incorporaci\u00f3n de la pieza al patrimonio cultural gestionado por el complejo avilesino.<\/p>\n<p class=\"ft-text\">La obra, una <strong>caja escult\u00f3rica patinada en negro<\/strong> que sintetiza la investigaci\u00f3n pl\u00e1stica de Chirino sobre el movimiento, la materia y los s\u00edmbolos primigenios, va acompa\u00f1ada de una carpeta con <strong>doce grabados<\/strong> titulada <strong>La espiral, naturaleza, simbolog\u00eda y cosmo<\/strong><strong>s<\/strong>. Este conjunto profundiza en el universo conceptual del creador, para quien la espiral represent\u00f3 un nexo entre la cultura atl\u00e1ntica, la energ\u00eda del viento y la idea de creaci\u00f3n continua. La familia subray\u00f3 que esta donaci\u00f3n reafirma su compromiso con la difusi\u00f3n y preservaci\u00f3n del legado art\u00edstico del maestro del hierro.<\/p>\n<p class=\"ft-text\">La incorporaci\u00f3n de la obra coincide con la reciente celebraci\u00f3n del <strong>centenario del nacimiento de Chirino<\/strong>, conmemoraci\u00f3n que el Centro Niemeyer destac\u00f3 mediante la exposici\u00f3n \u00ab<strong>Dear Chirino\u00bb<\/strong>, que coordin\u00f3 Alfonso de la Torre. La muestra, que se desarroll\u00f3 nentre junio y septiembre de 2025, reuni\u00f3 una treintena de esculturas y dibujos, adem\u00e1s de material documental, procedente de destacadas colecciones p\u00fablicas y privadas.<\/p>\n<p class=\"ft-text\">Este proyecto reforz\u00f3 la proyecci\u00f3n internacional de la obra del artista y contextualiz\u00f3 su estrecha relaci\u00f3n con Estados Unidos.<\/p>\n<p data-close=\"closedContent\" class=\"subscribeHideForDisplay\">Suscr\u00edbete para seguir leyendo<\/p>\n","protected":false},"excerpt":{"rendered":"La familia del escultor Mart\u00edn Chirino (1925\u20132019), figura clave del arte espa\u00f1ol contempor\u00e1neo y referente de la abstracci\u00f3n&hellip;\n","protected":false},"author":2,"featured_media":281967,"comment_status":"","ping_status":"","sticky":false,"template":"","format":"standard","meta":{"footnotes":""},"categories":[173],"tags":[229,233,231,230,13849,23466,68279,232,234,4128,146,147,25,24,367,2881,1730,23465,23,6641],"class_list":{"0":"post-281966","1":"post","2":"type-post","3":"status-publish","4":"format-standard","5":"has-post-thumbnail","7":"category-arte-y-diseno","8":"tag-arte","9":"tag-arte-y-diseno","10":"tag-arts","11":"tag-arts-and-design","12":"tag-aviles","13":"tag-centro-niemeyer","14":"tag-chirino","15":"tag-design","16":"tag-diseno","17":"tag-dona","18":"tag-entertainment","19":"tag-entretenimiento","20":"tag-es","21":"tag-espana","22":"tag-familia","23":"tag-fundacion","24":"tag-martin","25":"tag-niemeyer","26":"tag-spain","27":"tag-viento"},"share_on_mastodon":{"url":"https:\/\/pubeurope.com\/@es\/115697890329041340","error":""},"_links":{"self":[{"href":"https:\/\/www.europesays.com\/es\/wp-json\/wp\/v2\/posts\/281966","targetHints":{"allow":["GET"]}}],"collection":[{"href":"https:\/\/www.europesays.com\/es\/wp-json\/wp\/v2\/posts"}],"about":[{"href":"https:\/\/www.europesays.com\/es\/wp-json\/wp\/v2\/types\/post"}],"author":[{"embeddable":true,"href":"https:\/\/www.europesays.com\/es\/wp-json\/wp\/v2\/users\/2"}],"replies":[{"embeddable":true,"href":"https:\/\/www.europesays.com\/es\/wp-json\/wp\/v2\/comments?post=281966"}],"version-history":[{"count":0,"href":"https:\/\/www.europesays.com\/es\/wp-json\/wp\/v2\/posts\/281966\/revisions"}],"wp:featuredmedia":[{"embeddable":true,"href":"https:\/\/www.europesays.com\/es\/wp-json\/wp\/v2\/media\/281967"}],"wp:attachment":[{"href":"https:\/\/www.europesays.com\/es\/wp-json\/wp\/v2\/media?parent=281966"}],"wp:term":[{"taxonomy":"category","embeddable":true,"href":"https:\/\/www.europesays.com\/es\/wp-json\/wp\/v2\/categories?post=281966"},{"taxonomy":"post_tag","embeddable":true,"href":"https:\/\/www.europesays.com\/es\/wp-json\/wp\/v2\/tags?post=281966"}],"curies":[{"name":"wp","href":"https:\/\/api.w.org\/{rel}","templated":true}]}}