{"id":281988,"date":"2025-12-10T23:50:27","date_gmt":"2025-12-10T23:50:27","guid":{"rendered":"https:\/\/www.europesays.com\/es\/281988\/"},"modified":"2025-12-10T23:50:27","modified_gmt":"2025-12-10T23:50:27","slug":"television-la-revuelta-boris-becker-revela-como-conocio-a-rafa-nadal-en-mallorca-cuando-solo-tenia-14-anos-siempre-pense-que-era-muy-muy-talentoso","status":"publish","type":"post","link":"https:\/\/www.europesays.com\/es\/281988\/","title":{"rendered":"TELEVISI\u00d3N LA REVUELTA | Boris Becker revela c\u00f3mo conoci\u00f3 a Rafa Nadal en Mallorca cuando solo ten\u00eda 14 a\u00f1os: \u201cSiempre pens\u00e9 que era muy, muy talentoso\u201d"},"content":{"rendered":"<p class=\"ft-text\">El seis veces campe\u00f3n de Grand Slam y leyenda del tenis mundial, <strong>Boris Becker<\/strong>, ha compartido en una entrevista publicada por La Revuelta una serie de an\u00e9cdotas poco conocidas sobre su relaci\u00f3n con <strong>Rafa Nadal<\/strong> y su conexi\u00f3n con <a class=\"ft-link ft-link--decoration\" href=\"https:\/\/www.diariodemallorca.es\/mallorca\/\" target=\"_blank\" rel=\"nofollow noopener\">Mallorca<\/a>.<\/p>\n<p class=\"ft-text\">Becker, <strong>primer alem\u00e1n de la historia en ganar Wimbledon <\/strong>y el campe\u00f3n m\u00e1s joven en lograrlo, explic\u00f3 que su v\u00ednculo con el entorno de Nadal se remonta a finales de los a\u00f1os 90, cuando pasaba largas temporadas en la isla. \u201cTen\u00eda una casa de verano cerca de donde \u00e9l es, en <strong>Manacor<\/strong>. Estuve all\u00ed mucho tiempo, as\u00ed que lo conozco desde entonces\u201d, relat\u00f3.<\/p>\n<p>\u201cConoc\u00ed a Rafa cuando ten\u00eda 14 o 15 a\u00f1os\u201d<\/p>\n<p class=\"ft-text\">Seg\u00fan Becker, su primer encuentro con Nadal se produjo cuando el manacor\u00ed era poco m\u00e1s que un ni\u00f1o. \u201c<strong>Lo conoc\u00ed cuando ten\u00eda unos 14 o 15 a\u00f1os<\/strong>\u201d, recuerda. Fue entonces cuando tuvo un encuentro significativo con<a class=\"ft-link ft-link--decoration\" href=\"https:\/\/www.diariodemallorca.es\/deportes\/2025\/10\/04\/toni-revela-formula-exito-rafa-nadal-dv-122242989.html\" target=\"_blank\" rel=\"nofollow noopener\"> Toni Nadal<\/a>, a quien en el v\u00eddeo menciona primero, por error, como padre, antes de corregir que se refer\u00eda a su t\u00edo y entrenador.<\/p>\n<p class=\"ft-text\">\u201c<strong>Toni me pregunt\u00f3 qu\u00e9 pensaba de un tal Nadal de 14 a\u00f1os<\/strong>\u201d, revela Becker. Aquel joven Rafa ya llamaba la atenci\u00f3n por un detalle t\u00e9cnico muy particular: aunque es <strong>diestro<\/strong>, jugaba <strong>como zurdo<\/strong>, una decisi\u00f3n que, seg\u00fan Becker, vino influenciada por su entorno formativo y por la b\u00fasqueda de una ventaja competitiva. \u201cPor un tiempo jug\u00f3 con las dos manos en ambos lados\u201d, explica el alem\u00e1n, destacando lo inusual de aquella t\u00e9cnica durante su desarrollo.<\/p>\n<p class=\"ft-text\">Becker confiesa que, en aquel momento, no estaba convencido de la idea: \u201cLe dije a Toni que no era una buena idea. Que deb\u00eda quedarse con una mano\u201d. Entre risas, el entrevistador insin\u00faa que quiz\u00e1 el alem\u00e1n tuvo algo de responsabilidad en el rumbo que tom\u00f3 el juego de Nadal, a lo que Becker responde inmediatamente: \u201cNo, no, no. Solo lo conozco desde hace mucho tiempo y siempre pens\u00e9 que era <strong>muy, muy talentoso<\/strong>\u201d.<\/p>\n<p>\u201cEs demasiado espa\u00f1ol\u201d para nacionalizarlo<\/p>\n<p class=\"ft-text\">En tono distendido, la entrevista tambi\u00e9n deja un comentario curioso: cuando le preguntan si intent\u00f3 convencer a Nadal para que jugara para Alemania, Becker responde entre bromas: \u201cNo\u2026 Rafa es <strong>demasiado espa\u00f1ol<\/strong>\u201d. El ex n\u00famero uno del mundo subraya adem\u00e1s el cari\u00f1o que tiene por la isla y por la familia <a class=\"ft-link ft-link--decoration\" href=\"https:\/\/www.diariodemallorca.es\/tags\/rafael-nadal\/\" target=\"_blank\" rel=\"nofollow noopener\">Nadal<\/a>. \u201c<strong>He estado mucho tiempo all\u00ed. Fui a su academia y conoc\u00ed a su familia<\/strong>\u201d, afirma.<\/p>\n","protected":false},"excerpt":{"rendered":"El seis veces campe\u00f3n de Grand Slam y leyenda del tenis mundial, Boris Becker, ha compartido en una&hellip;\n","protected":false},"author":2,"featured_media":281989,"comment_status":"","ping_status":"","sticky":false,"template":"","format":"standard","meta":{"footnotes":""},"categories":[274],"tags":[36386,38106,14526,54074,168,13755,25,24,367,29956,2457,12830,6894,1789,23,167,807,327,326],"class_list":{"0":"post-281988","1":"post","2":"type-post","3":"status-publish","4":"format-standard","5":"has-post-thumbnail","7":"category-tenis","8":"tag-becker","9":"tag-boris","10":"tag-boris-becker","11":"tag-conocio","12":"tag-deportes","13":"tag-dvl","14":"tag-es","15":"tag-espana","16":"tag-familia","17":"tag-la-revuelta","18":"tag-mallorca","19":"tag-rafa","20":"tag-rafa-nadal","21":"tag-revela","22":"tag-spain","23":"tag-sports","24":"tag-television","25":"tag-tenis","26":"tag-tennis"},"share_on_mastodon":{"url":"https:\/\/pubeurope.com\/@es\/115697957271953440","error":""},"_links":{"self":[{"href":"https:\/\/www.europesays.com\/es\/wp-json\/wp\/v2\/posts\/281988","targetHints":{"allow":["GET"]}}],"collection":[{"href":"https:\/\/www.europesays.com\/es\/wp-json\/wp\/v2\/posts"}],"about":[{"href":"https:\/\/www.europesays.com\/es\/wp-json\/wp\/v2\/types\/post"}],"author":[{"embeddable":true,"href":"https:\/\/www.europesays.com\/es\/wp-json\/wp\/v2\/users\/2"}],"replies":[{"embeddable":true,"href":"https:\/\/www.europesays.com\/es\/wp-json\/wp\/v2\/comments?post=281988"}],"version-history":[{"count":0,"href":"https:\/\/www.europesays.com\/es\/wp-json\/wp\/v2\/posts\/281988\/revisions"}],"wp:featuredmedia":[{"embeddable":true,"href":"https:\/\/www.europesays.com\/es\/wp-json\/wp\/v2\/media\/281989"}],"wp:attachment":[{"href":"https:\/\/www.europesays.com\/es\/wp-json\/wp\/v2\/media?parent=281988"}],"wp:term":[{"taxonomy":"category","embeddable":true,"href":"https:\/\/www.europesays.com\/es\/wp-json\/wp\/v2\/categories?post=281988"},{"taxonomy":"post_tag","embeddable":true,"href":"https:\/\/www.europesays.com\/es\/wp-json\/wp\/v2\/tags?post=281988"}],"curies":[{"name":"wp","href":"https:\/\/api.w.org\/{rel}","templated":true}]}}