{"id":281990,"date":"2025-12-10T23:51:06","date_gmt":"2025-12-10T23:51:06","guid":{"rendered":"https:\/\/www.europesays.com\/es\/281990\/"},"modified":"2025-12-10T23:51:06","modified_gmt":"2025-12-10T23:51:06","slug":"el-director-del-bora-defiende-una-actuacion-consecuente-con-el-despido-de-lazkano","status":"publish","type":"post","link":"https:\/\/www.europesays.com\/es\/281990\/","title":{"rendered":"El director del Bora defiende una actuaci\u00f3n \u00abconsecuente\u00bb con el despido de Lazkano"},"content":{"rendered":"<p>El director del Red Bull-Bora-Hansgrohe defendi\u00f3 ayer una reacci\u00f3n \u00abmuy consecuente\u00bb por parte del equipo tras la suspensi\u00f3n provisional de Oier Lazkano por  &#8230; parte de la UCI tras haberle detectado \u00abanomal\u00edas inexplicables\u00bb en su pasaporte biol\u00f3gico. El alem\u00e1n Ralph Denk justific\u00f3 la posici\u00f3n del equipo de despedir de forma fulminante al ciclista vitoriano el mismo d\u00eda en el que la Uni\u00f3n Ciclista Internacional confirm\u00f3 el castigo provisional a Lazkano, el pasado 30 de octubre. <\/p>\n<p class=\"v-p\">En cualquier caso, Denk opt\u00f3 por la prudencia y evit\u00f3 hacer m\u00e1s declaraciones sobre un caso que sigue en curso. \u00abNo puedo decir mucho porque este caso sigue abierto, no est\u00e1 cerrado. Tal vez podamos hablar m\u00e1s tarde cuando realmente el caso est\u00e9 cerrado. No puedo decir mucho\u00bb, insisti\u00f3 el responsable del equipo teut\u00f3n, al que Lazkano lleg\u00f3 hace un a\u00f1o con un contrato por tres temporadas a raz\u00f3n de m\u00e1s de un mill\u00f3n de euros por cada una.<\/p>\n<p class=\"v-p\">El jefe del equipo recalc\u00f3 tambi\u00e9n que los hechos investigados por la UCI tuvieron lugar antes del fichaje del clasic\u00f3mano vitoriano por la escuadra. \u00abNo fue en nuestro tiempo, es en la \u00e9poca de Movistar\u00bb, insisti\u00f3. Los valores del vitoriano comenzaron a ser an\u00f3malos en 2022, cuando hab\u00eda dado el salto al World Tour con el Movistar tras haber causado una gran impresi\u00f3n con el Caja Rural. Sus mejores resultados llegaron en ese periodo de tres cursos (2022-2024) que pas\u00f3 con el conjunto telef\u00f3nico.<\/p>\n<blockquote class=\"twitter-tweet\" data-media-max-width=\"560\">\n<p lang=\"es\" dir=\"ltr\">\ud83d\udde3\ufe0f Ralph Denk, m\u00e1nager del Red Bull-BORA-Hansgrohe, habla sobre la sanci\u00f3n a Oier Lazkano por anomal\u00edas en su pasaporte biol\u00f3gico:<\/p>\n<p>\u00abNo fue en nuestro tiempo, es el tiempo de Movistar. Actuamos consecuentemente. No puedo hablar mucho porque el caso no est\u00e1 cerrado\u00bb <a href=\"https:\/\/t.co\/1h0ehBpEoB\" rel=\"nofollow\">pic.twitter.com\/1h0ehBpEoB<\/a><\/p>\n<p>\u2014 Eurosport.es (@Eurosport_ES) <a href=\"https:\/\/twitter.com\/Eurosport_ES\/status\/1998777309608673721?ref_src=twsrc%5Etfw\" rel=\"nofollow noopener\" target=\"_blank\">December 10, 2025<\/a><\/p><\/blockquote>\n<p class=\"v-p\">Ahora la UCI estudia el caso de Lazkano, que no compite desde la Paris Roubaix del pasado 13 de abril, para determinar la resoluci\u00f3n final. En el caso de que sea sancionado por el uso de \u00abuna sustancia o m\u00e9todo prohibido\u00bb el castigo puede oscilar entre los dos y cuatro a\u00f1os. El vitoriano defendi\u00f3 su inocencia por medio de un comunicado. M\u00e1s all\u00e1 de su defensa como \u00abdeportista limpio y persona \u00edntegra\u00bb, el ciclista alav\u00e9s de 25 a\u00f1os anunci\u00f3 que ha emprendido acciones para restaurar su imagen y justificar los datos que figuran en el pasaporte.<\/p>\n<p><script async src=\"https:\/\/platform.twitter.com\/widgets.js\" charset=\"utf-8\"><\/script><\/p>\n","protected":false},"excerpt":{"rendered":"El director del Red Bull-Bora-Hansgrohe defendi\u00f3 ayer una reacci\u00f3n \u00abmuy consecuente\u00bb por parte del equipo tras la suspensi\u00f3n&hellip;\n","protected":false},"author":2,"featured_media":281991,"comment_status":"","ping_status":"","sticky":false,"template":"","format":"standard","meta":{"footnotes":""},"categories":[273],"tags":[4641,7479,313,40431,312,5443,168,5702,411,25,24,37189,23,167],"class_list":{"0":"post-281990","1":"post","2":"type-post","3":"status-publish","4":"format-standard","5":"has-post-thumbnail","7":"category-ciclismo","8":"tag-actuacion","9":"tag-bora","10":"tag-ciclismo","11":"tag-consecuente","12":"tag-cycling","13":"tag-defiende","14":"tag-deportes","15":"tag-despido","16":"tag-director","17":"tag-es","18":"tag-espana","19":"tag-lazkano","20":"tag-spain","21":"tag-sports"},"share_on_mastodon":{"url":"https:\/\/pubeurope.com\/@es\/115697961053623523","error":""},"_links":{"self":[{"href":"https:\/\/www.europesays.com\/es\/wp-json\/wp\/v2\/posts\/281990","targetHints":{"allow":["GET"]}}],"collection":[{"href":"https:\/\/www.europesays.com\/es\/wp-json\/wp\/v2\/posts"}],"about":[{"href":"https:\/\/www.europesays.com\/es\/wp-json\/wp\/v2\/types\/post"}],"author":[{"embeddable":true,"href":"https:\/\/www.europesays.com\/es\/wp-json\/wp\/v2\/users\/2"}],"replies":[{"embeddable":true,"href":"https:\/\/www.europesays.com\/es\/wp-json\/wp\/v2\/comments?post=281990"}],"version-history":[{"count":0,"href":"https:\/\/www.europesays.com\/es\/wp-json\/wp\/v2\/posts\/281990\/revisions"}],"wp:featuredmedia":[{"embeddable":true,"href":"https:\/\/www.europesays.com\/es\/wp-json\/wp\/v2\/media\/281991"}],"wp:attachment":[{"href":"https:\/\/www.europesays.com\/es\/wp-json\/wp\/v2\/media?parent=281990"}],"wp:term":[{"taxonomy":"category","embeddable":true,"href":"https:\/\/www.europesays.com\/es\/wp-json\/wp\/v2\/categories?post=281990"},{"taxonomy":"post_tag","embeddable":true,"href":"https:\/\/www.europesays.com\/es\/wp-json\/wp\/v2\/tags?post=281990"}],"curies":[{"name":"wp","href":"https:\/\/api.w.org\/{rel}","templated":true}]}}