{"id":282057,"date":"2025-12-11T00:45:25","date_gmt":"2025-12-11T00:45:25","guid":{"rendered":"https:\/\/www.europesays.com\/es\/282057\/"},"modified":"2025-12-11T00:45:25","modified_gmt":"2025-12-11T00:45:25","slug":"la-nueva-temporada-de-berlin-el-spin-off-de-la-casa-de-papel-ya-tiene-fecha-de-estreno-en-netflix-llamando-a-la-banda","status":"publish","type":"post","link":"https:\/\/www.europesays.com\/es\/282057\/","title":{"rendered":"La nueva temporada de &#8216;Berl\u00edn&#8217;, el spin-off de &#8216;La casa de papel&#8217;, ya tiene fecha de estreno en Netflix: \u00abLlamando a la banda\u00bb"},"content":{"rendered":"<p style=\"\"><strong>&#8216;La casa de papel&#8217;<\/strong> se convirti\u00f3 en un \u00e9xito sin precedentes en la ficci\u00f3n espa\u00f1ola a nivel mundial. Lo que comenz\u00f3 como una serie emitida en televisi\u00f3n, creci\u00f3 exponencialmente tras su llegada a <a href=\"https:\/\/www.abc.es\/play\/series\/criticas\/abci-casa-papel-taquillazo-espanol-definitivo-remonta-ultima-y-mejor-parte-netflix-202112060113_noticia.html\" title=\"www.abc.es\" data-voc-vtm-id=\"in-text-traffic\" data-mrf-link=\"www.abc.es\" rel=\"nofollow noopener\" target=\"_blank\">Netflix<\/a>, donde encontr\u00f3 una audiencia fiel que se vio  &#8230; atrapada por su ritmo vertiginoso y su plantel de carism\u00e1ticos personajes.<\/p>\n<p class=\"voc-p\" style=\"\">En este sentido, uno de los personajes m\u00e1s populares fue el de <strong>Berl\u00edn<\/strong>, cuyo nombre real es Andr\u00e9s de Fonollosa. Interpretado por <strong>Pedro Alonso<\/strong>, el &#8216;n\u00famero 2&#8217; del Profesor destac\u00f3 por su magnetismo. Consciente de ello, y del fen\u00f3meno en el que se hab\u00eda convertido &#8216;La casa de papel&#8217;, sus creadores, \u00c1lex Pina y Esther Mart\u00ednez Lobato, decidieron llevar a cabo un<strong> spin-off<\/strong> de la serie.<\/p>\n<p class=\"voc-p\" style=\"\">As\u00ed naci\u00f3<strong> &#8216;Berl\u00edn&#8217;<\/strong>, una precuela de la exitosa serie de Netflix que explora la vida del personaje anterior al gran atraco de la F\u00e1brica Nacional de Moneda y Timbre. En concreto, narra las aventuras de una <strong>banda de ladrones<\/strong>, encabezada por Berl\u00edn, que se re\u00fane en Par\u00eds para ejecutar un ambicioso golpe: robar 44 millones de euros en joyas en una noche. <\/p>\n<p class=\"voc-p\" style=\"\">La serie, que lleg\u00f3 a Netflix el 29 de diciembre de 2023, mantuvo el estilo trepidante que hizo famosa a la producci\u00f3n original. Lo hizo con un nuevo elenco de actores entre los que se encontraban <strong>Michelle Jenner, Trist\u00e1n Ulloa, Julio Pe\u00f1a o Bego\u00f1a Vargas<\/strong>.<\/p>\n<p class=\"voc-p\" style=\"\">La primera temporada de &#8216;Berl\u00edn&#8217; fue todo un \u00e9xito. Lider\u00f3 el ranking de Netflix de las ficciones de habla no inglesa m\u00e1s vistas, superando los 50 millones de visualizaciones en todo el mundo. Ahora, dos a\u00f1os despu\u00e9s de su aterrizaje en la plataforma, conocemos <strong>cu\u00e1ndo ser\u00e1 el estreno de la segunda temporada<\/strong>.<\/p>\n<p>\nUn \u00abgolpe maestro\u00bb en Sevilla y nuevos personajes\n<\/p>\n<p class=\"voc-p\" style=\"\"><strong>&#8216;Berl\u00edn y la dama del armi\u00f1o&#8217;<\/strong> es el t\u00edtulo de la nueva entrega de la serie protagonizada por Pedro Alonso, cuya trama estar\u00e1 centrada en un nuevo golpe maestro que, en este caso, tendr\u00e1 como escenario de fondo una ciudad espa\u00f1ola. Y es que ser\u00e1 <strong>Sevilla <\/strong>el lugar donde se desarrollar\u00e1 este nuevo atraco.<\/p>\n<p class=\"voc-p\" style=\"\">Berl\u00edn y Dami\u00e1n re\u00fanen de nuevo a su banda para ejecutar un nuevo golpe maestro: fingir que van a robar la dama del armi\u00f1o. Y es que, en realidad, sus verdaderos objetivos son el <strong>Duque de M\u00e1laga <\/strong>y su esposa, un matrimonio que cree poder chantajear a Berl\u00edn. Un desaf\u00edo que despertar\u00e1 el lado m\u00e1s oscuro y rencoroso del protagonista, as\u00ed como su sed de venganza. <\/p>\n<p><img decoding=\"async\" loading=\"lazy\" src=\"https:\/\/www.europesays.com\/es\/wp-content\/uploads\/2025\/12\/BERLINYLDDA_S02_27012025_FelipeHernandez_DSCF8590 copy-kT8B--760x427@diario_abc.jpg\" class=\"voc-img\" width=\"760\" height=\"427\" alt=\"Berl\u00edn en la segunda temporada de la serie\" data-voc-vtm-id=\"in-text-traffic\"\/><\/p>\n<p>Berl\u00edn en la segunda temporada de la serie<\/p>\n<p>NETFLIX<\/p>\n<p class=\"voc-p\" style=\"\">Pedro Alonso, Michelle Jenner, Trist\u00e1n Ulloa, Bego\u00f1a Vargas, Julio Pe\u00f1a Fern\u00e1ndez y Joel S\u00e1nchez retoman sus papeles en esta nueva entrega, que contar\u00e1 con diferentes incorporaciones. <strong>Inma Cuesta<\/strong> se suma al elenco de actores con Candela, nuevo miembro de la banda que le robar\u00e1 el coraz\u00f3n a Berl\u00edn, mientras que <strong>Jos\u00e9 Luis Garc\u00eda-P\u00e9rez<\/strong> y <strong>Marta Nieto <\/strong>ser\u00e1n el Duque y la Duquesa de M\u00e1laga.<\/p>\n<p class=\"voc-p\" style=\"\">\u00c1lex Pina y Esther Mart\u00ednez Lobato vuelven a estar detr\u00e1s de la serie y de sus guiones, escritos por ellos mismos junto a David Barrocal, Lorena G. Maldonado, Itziar Sanju\u00e1n, Humberto Ortega y Luis Garrido Julve. En cuanto a la direcci\u00f3n, corre a cargo de <strong>Albert Pint\u00f3, David Barrocal y Jos\u00e9 Manuel Cravioto<\/strong>. <\/p>\n<p>\nFecha de estreno de la segunda temporada de &#8216;Berl\u00edn&#8217;\n<\/p>\n<p class=\"voc-p\" style=\"\">Para poder ser testigos de la nueva aventura de la banda de Berl\u00edn todav\u00eda habr\u00e1 que esperar unos meses. Y es que Netflix ha anunciado este mi\u00e9rcoles la fecha de estreno de la segunda temporada de la serie. Ser\u00e1 el <strong>15 de mayo de 2026 <\/strong>cuando podremos disfrutar de <strong>ocho nuevos episodios <\/strong>de la ficci\u00f3n.<\/p>\n<p class=\"voc-p\" style=\"\">\u00ab<strong>Llamando a la banda<\/strong>: Berl\u00edn vuelve a la acci\u00f3n en Sevilla con un golpe que ser\u00e1 una obra de arte\u00bb, ha apuntado Netflix en sus redes sociales, en una publicaci\u00f3n en la que ha desvelado cu\u00e1ndo podremos ver &#8216;Berl\u00edn y la dama del armi\u00f1o&#8217;.<\/p>\n<p class=\"voc-p\" style=\"\">Adem\u00e1s de anunciar la fecha de estreno de la segunda temporada de la serie, Netflix ha publicado este mi\u00e9rcoles las <strong>primeras im\u00e1genes <\/strong>de la nueva entrega, donde ya se puede vislumbrar alguno de los escenarios de la ficci\u00f3n. <\/p>\n<p class=\"voc-p\" style=\"\">El rodaje, que se prolong\u00f3 durante casi nueve meses, se produjo en distintas localizaciones de<strong> Sevilla, Madrid, San Sebasti\u00e1n y Pe\u00f1\u00edscola<\/strong>, entre otras localidades espa\u00f1olas.<\/p>\n","protected":false},"excerpt":{"rendered":"&#8216;La casa de papel&#8217; se convirti\u00f3 en un \u00e9xito sin precedentes en la ficci\u00f3n espa\u00f1ola a nivel mundial.&hellip;\n","protected":false},"author":2,"featured_media":282058,"comment_status":"","ping_status":"","sticky":false,"template":"","format":"standard","meta":{"footnotes":""},"categories":[171],"tags":[3677,9495,385,146,147,25,24,1055,1151,68299,152,795,847,23,68298,1152,214],"class_list":{"0":"post-282057","1":"post","2":"type-post","3":"status-publish","4":"format-standard","5":"has-post-thumbnail","7":"category-tv","8":"tag-banda","9":"tag-berlin","10":"tag-casa","11":"tag-entertainment","12":"tag-entretenimiento","13":"tag-es","14":"tag-espana","15":"tag-estreno","16":"tag-fecha","17":"tag-llamando","18":"tag-netflix","19":"tag-nueva","20":"tag-papel","21":"tag-spain","22":"tag-spinoff","23":"tag-temporada","24":"tag-tv"},"share_on_mastodon":{"url":"https:\/\/pubeurope.com\/@es\/115698173782683517","error":""},"_links":{"self":[{"href":"https:\/\/www.europesays.com\/es\/wp-json\/wp\/v2\/posts\/282057","targetHints":{"allow":["GET"]}}],"collection":[{"href":"https:\/\/www.europesays.com\/es\/wp-json\/wp\/v2\/posts"}],"about":[{"href":"https:\/\/www.europesays.com\/es\/wp-json\/wp\/v2\/types\/post"}],"author":[{"embeddable":true,"href":"https:\/\/www.europesays.com\/es\/wp-json\/wp\/v2\/users\/2"}],"replies":[{"embeddable":true,"href":"https:\/\/www.europesays.com\/es\/wp-json\/wp\/v2\/comments?post=282057"}],"version-history":[{"count":0,"href":"https:\/\/www.europesays.com\/es\/wp-json\/wp\/v2\/posts\/282057\/revisions"}],"wp:featuredmedia":[{"embeddable":true,"href":"https:\/\/www.europesays.com\/es\/wp-json\/wp\/v2\/media\/282058"}],"wp:attachment":[{"href":"https:\/\/www.europesays.com\/es\/wp-json\/wp\/v2\/media?parent=282057"}],"wp:term":[{"taxonomy":"category","embeddable":true,"href":"https:\/\/www.europesays.com\/es\/wp-json\/wp\/v2\/categories?post=282057"},{"taxonomy":"post_tag","embeddable":true,"href":"https:\/\/www.europesays.com\/es\/wp-json\/wp\/v2\/tags?post=282057"}],"curies":[{"name":"wp","href":"https:\/\/api.w.org\/{rel}","templated":true}]}}