{"id":282061,"date":"2025-12-11T00:48:13","date_gmt":"2025-12-11T00:48:13","guid":{"rendered":"https:\/\/www.europesays.com\/es\/282061\/"},"modified":"2025-12-11T00:48:13","modified_gmt":"2025-12-11T00:48:13","slug":"asi-es-la-periodista-melissa-jimenez-la-mujer-con-la-que-fernando-alonso-sera-padre-por-primera-vez-su-matrimonio-con-marc-bartra-y-sus-tres-hijos-el-mundo","status":"publish","type":"post","link":"https:\/\/www.europesays.com\/es\/282061\/","title":{"rendered":"As\u00ed es la periodista Melissa Jim\u00e9nez, la mujer con la que Fernando Alonso ser\u00e1 padre por primera vez: su matrimonio con Marc Bartra y sus tres hijos &#8211; El Mundo"},"content":{"rendered":"<ol>\n<li><a href=\"https:\/\/news.google.com\/rss\/articles\/CBMihgFBVV95cUxNMmJSSUs0VFpNY1dBOTN3aTRWTmFGZjZhZUxTOFVZWXE1bmplbngzX0lxR3FZY3FSNVB1OTRpa3lBSkZWb1JWNmtiVnY0V0N6cWxVaVJoVHY1SURaZkh0b1J0YndOUDNvX1V4TlpiRWFVSjRWdHZWSlcxVHlRdVNVczF0WFVNd9IBhgFBVV95cUxQT01CNl85cHF5ZVd6Mlh2czBvaWFfSDJZRG5SeGxiY0dZYV9YZmtKa1RKcUFyX09KNGQyVkxuSlpSOGMxbkF2d1JzcDFYa3pLd3RVdjNkM2dnd083anJTdjZfZXZ0YUh2R1R4SEJmd3hYc2JHMkcwYVpEaF9HallrZUJYa2VWZw?oc=5\" target=\"_blank\" rel=\"nofollow noopener\">As\u00ed es la periodista Melissa Jim\u00e9nez, la mujer con la que Fernando Alonso ser\u00e1 padre por primera vez: su matrimonio con Marc Bartra y sus tres hijos<\/a>&nbsp;&nbsp;El Mundo<\/li>\n<li><a href=\"https:\/\/news.google.com\/rss\/articles\/CBMipwFBVV95cUxOb0JlLUF0M21VMTQtVllwcmVqcXd5ZW5ySlhjeXlYbVAwRndISzc1Z0N6WHYyeFotb2Z5enJlSkVxLVFxUTNlVFVZQ2pkZ3djVmZNNXYyaU5vRkRnTEM3ZzRRMk85ZzVhVWktNHYtVkNGbHhnVHl1VW9YYVU4R203LUZYdE1iWXZicExLejVBc204VldITUZjZTFVbGcyMzhjNzJ6U0hkVQ?oc=5\" target=\"_blank\" rel=\"nofollow noopener\">Fernando Alonso y Melissa Jim\u00e9nez esperan su primer hijo juntos<\/a>&nbsp;&nbsp;EL PA\u00cdS<\/li>\n<li><a href=\"https:\/\/news.google.com\/rss\/articles\/CBMivgFBVV95cUxPbGpWeEltMnJQOVl2YjhhQURQTXh4bG9xd0J4UVExaWJQR21UQmFfcFMzMl9pdzVyaDN5enB6QkZsSlR0V0pwZmwyUXNMMmxZUm5RZHJTUGI4ekIxd2VvWE5YbFktS1dubW9iaHltVjBKelVzYy1Xa1J6SWRxc3ROZzliTmxxd2pCcHAtTmRsX0ozc1VGWXhTWHJteDJnS2RLNWFHdHRZMEZOSHdFWTRTUDNIeEVPc2hpRUJYWUhR?oc=5\" target=\"_blank\" rel=\"nofollow noopener\">La obsesi\u00f3n de Fernando Alonso por ser padre contada por su c\u00edrculo m\u00e1s cercano (y por \u00e9l mismo)<\/a>&nbsp;&nbsp;HOLA<\/li>\n<li><a href=\"https:\/\/news.google.com\/rss\/articles\/CBMiggJBVV95cUxOVnduNUFyQ0tWVElXLTNETEk0Y0JfcUdIN2lDNWMtU1dnc1R0ZFdMRFVOR2ZTN3cwSW9PMUNnako0Q0NwQmNQbDBxZkpGbHVmdnBTcmJ0WWc5dEtJNmY0Q1hxRzF0ZDktZ0xGaWsxenUwQW1udGhiNGF5eldJS29iSTg1U3lkdUxwQmJuX2xsZE91eFVUejV3X2c5S3RHNWNPYVpiWHhJSDctRlcxNFFpeEYxZjBuS1gtbkhzZmxqTzd4cTNhN2VJVHlVVTNGRzdwNGFRZkZWSGRjQ3BrVmNCUi1wX3pfYURxUjZiZXdCVnBEMGxGdnZIM2ZMVnVMSkNDb3fSAYICQVVfeXFMT2h5R24yLTJsNVhKc2NPbFVZX293Q3ExaERsNmhNZDY5TF96dzJMbkhZb2JDSVFkOHM5engyeS15ckdsYnlNMV9VbS0xODVYMzV5Zk1lODBQOUFEUXBucHF3ZExMa2V3VGtwaU9FR3ZzaC1vOTNBaUNmeHRIb2VJa1ljMVd6ZnZ1SmpDc1QwYkhld2J3NWNvRXZkLWdnOVlDVXpyWXJielBPUUdTaHB5X2QzRTFaWE1oRGVoaVd1c09zY0c5bzNWWDhEdHBzMG5jTW5lVmpWWTVzYXd1R3poWGhiQWIybWxOMnJUSFNTNXJnYm1LakdaLWxyMzhpdm1NNEZB?oc=5\" target=\"_blank\" rel=\"nofollow noopener\">V\u00cdDEO | Juan Sanguino explica lo que se sabe hasta ahora del hijo que esperan Fernando Alonso y Melissa<\/a>&nbsp;&nbsp;LaSexta<\/li>\n<li><a href=\"https:\/\/news.google.com\/rss\/articles\/CBMiowJBVV95cUxPSFBUaHJ2OHRxLS1JQi1fb2haZUpiWFNUNFdOYVlkbTBiUzd6OV80N2tRZkVwVTRuUE5yNlBidHpQVGdZY0xkaXQyWUpSU3FmSndGeHRaQThZa1ZTQUdNVUR5d29PQVNWc2ZpTGNtRTEzTFg5REN6a1BSTVVTZS1NM0FaOGxkcEFnX3Y2Rm5LVHZWdXJibEJCNnUxbWxvakhmZlN3Q3ZGZWRNdV93T2V3T1Z2ZjJ1OEhXNEhRYm1UNkhSYTk0ek1wdkc4LWpDak9nQ1cwemZ4ajhHY1B6WXM2TzdHaFhfSDY4NmJkZ05pWEFuYzBTVWdRWnR6MmxvTmdpajlOYlNQTzBzdjl0VVN4bzJmWktSV3IxdVYta2dTNzdjd1HSAaMCQVVfeXFMTy1keG9FX2tHUmdvUWZzRlZIWTdkeGNPTEpyeWlUR3dtREN5YkR1TnZyem9lRi1jSUtfT1g4ZW5HWlVPZ3FQQk5VQUhtZ1Z3TC1LVmFzRXo5S1JoT2FmdldxNUgwVDcxUmpwOXE5THNiOFg4Ml9SQjNWVjMwT0xMMk9aaFhOMGJ6c0tPVGdYWG1LQWJuNE5GbzlUdkJKaFBVREczUzh2Wm54VXRRd0pxdDVQM0hOV1MtQ25vaGk2eWVoc3lwcVd5VFluN2g0UWZlMnlrMURpdkVjOHpBSWRSS1ZkNURtTDF1N3M2a3pHRmkyVldnVkVoTEw1QVJFSTlES1BDQ3p5dVJuWUlnRE44amw0aDNRSnRTZTRpaEtrQXdVd0p3?oc=5\" target=\"_blank\" rel=\"nofollow noopener\">Pilar Vidal cuenta el secretismo de Melissa Jim\u00e9nez en sus 6 meses de embarazo de Fernando Alonso: \u00abHace<\/a>&nbsp;&nbsp;Antena 3<\/li>\n<\/ol>\n","protected":false},"excerpt":{"rendered":"As\u00ed es la periodista Melissa Jim\u00e9nez, la mujer con la que Fernando Alonso ser\u00e1 padre por primera vez:&hellip;\n","protected":false},"author":2,"featured_media":282062,"comment_status":"","ping_status":"","sticky":false,"template":"","format":"standard","meta":{"footnotes":""},"categories":[93],"tags":[168,25,24,2096,10536,23,167],"class_list":{"0":"post-282061","1":"post","2":"type-post","3":"status-publish","4":"format-standard","5":"has-post-thumbnail","7":"category-deportes","8":"tag-deportes","9":"tag-es","10":"tag-espana","11":"tag-fernando-alonso","12":"tag-loc-celebrities","13":"tag-spain","14":"tag-sports"},"share_on_mastodon":{"url":"https:\/\/pubeurope.com\/@es\/115698185330118949","error":""},"_links":{"self":[{"href":"https:\/\/www.europesays.com\/es\/wp-json\/wp\/v2\/posts\/282061","targetHints":{"allow":["GET"]}}],"collection":[{"href":"https:\/\/www.europesays.com\/es\/wp-json\/wp\/v2\/posts"}],"about":[{"href":"https:\/\/www.europesays.com\/es\/wp-json\/wp\/v2\/types\/post"}],"author":[{"embeddable":true,"href":"https:\/\/www.europesays.com\/es\/wp-json\/wp\/v2\/users\/2"}],"replies":[{"embeddable":true,"href":"https:\/\/www.europesays.com\/es\/wp-json\/wp\/v2\/comments?post=282061"}],"version-history":[{"count":0,"href":"https:\/\/www.europesays.com\/es\/wp-json\/wp\/v2\/posts\/282061\/revisions"}],"wp:featuredmedia":[{"embeddable":true,"href":"https:\/\/www.europesays.com\/es\/wp-json\/wp\/v2\/media\/282062"}],"wp:attachment":[{"href":"https:\/\/www.europesays.com\/es\/wp-json\/wp\/v2\/media?parent=282061"}],"wp:term":[{"taxonomy":"category","embeddable":true,"href":"https:\/\/www.europesays.com\/es\/wp-json\/wp\/v2\/categories?post=282061"},{"taxonomy":"post_tag","embeddable":true,"href":"https:\/\/www.europesays.com\/es\/wp-json\/wp\/v2\/tags?post=282061"}],"curies":[{"name":"wp","href":"https:\/\/api.w.org\/{rel}","templated":true}]}}