{"id":282064,"date":"2025-12-11T00:50:18","date_gmt":"2025-12-11T00:50:18","guid":{"rendered":"https:\/\/www.europesays.com\/es\/282064\/"},"modified":"2025-12-11T00:50:18","modified_gmt":"2025-12-11T00:50:18","slug":"asi-es-su-relacion-tras-anos-de-polemicas-y-distanciamiento","status":"publish","type":"post","link":"https:\/\/www.europesays.com\/es\/282064\/","title":{"rendered":"as\u00ed es su relaci\u00f3n tras a\u00f1os de pol\u00e9micas y distanciamiento"},"content":{"rendered":"<p style=\"\">Corr\u00eda 2012 cuando la emisi\u00f3n de Gand\u00eda Shore lanz\u00f3 a la fama a un grupo de j\u00f3venes con actitud desafiante y noches sin fin bajo el sol de la costa valenciana. Entre ellos despuntaban dos nombres: <a href=\"https:\/\/www.abc.es\/gente\/ylenia-padilla-verdad-sobre-paradero-20250110173957-nt.html\" target=\"_self\" data-voc-vtm-id=\"in-text-traffic\" title=\"Ylenia Padilla\" data-mrf-link=\"www.abc.es\" rel=\"nofollow noopener\">Ylenia Padilla<\/a>, con su car\u00e1cter explosivo, su sinceridad  &#8230; sin filtros y su promesa de convertirse en un torbellino medi\u00e1tico; y Jos\u00e9 Labrador, el &#8216;macho alfa&#8217; de la casa, con su f\u00edsico cuidado, su presencia imponente y su manera directa de afrontar la vida.<\/p>\n<p class=\"voc-p\" style=\"\">Desde el principio hubo una chispa. Los mensajes por redes, las videollamadas previas al casting\u2026 sus caminos se cruzaron incluso antes de ponerse frente a las c\u00e1maras. En Gand\u00eda Shore, esa tensi\u00f3n se convirti\u00f3 en relaci\u00f3n: de encuentros intensos, discusiones, reconciliaciones\u2026 un tira y afloja constante. Pero no tardaron en saltar los reproches. <a href=\"https:\/\/www.abc.es\/gente\/descenso-infiernos-ylenia-padilla-seguidores-criticada-paso-20240510153102-nt.html\" target=\"_self\" data-voc-vtm-id=\"in-text-traffic\" title=\"Ylenia\" data-mrf-link=\"www.abc.es\" rel=\"nofollow noopener\">Ylenia<\/a> terminar\u00eda explicando con crudeza, fuera en plat\u00f3s o en entrevistas, que su v\u00ednculo con Labrador hab\u00eda sido fugaz. \u00abNos liamos tres o cuatro veces\u00bb, dijo, y neg\u00f3 rotundamente que \u00e9l hubiera sido su pareja:<strong> \u00abNunca ha estado enamorado de m\u00ed y nunca ha sido mi novio\u00bb.<\/strong><\/p>\n<p class=\"voc-p\" style=\"\">Sin embargo, lo que parec\u00eda una historia cerrada ha tomado un giro imprevisto: seg\u00fan ha revelado recientemente Labrador, la relaci\u00f3n entre ambos hoy es muy distinta. En una entrevista difundida a ra\u00edz de su participaci\u00f3n en &#8216;La casa de los gemelos 2&#8217;, reconoci\u00f3 que mantiene una relaci\u00f3n cordial con Ylenia. <strong>\u00abYo me llevo bien con ella, la verdad. La veo muy bien, muy centrada, m\u00e1s que nunca\u00bb<\/strong>, confes\u00f3 con cierta dosis de ternura.<\/p>\n<p class=\"voc-title\">\u00abLo nuestro fue una relaci\u00f3n t\u00f3xica\u2026 pero estoy agradecido y a ella le pasa igual conmigo\u00bb<\/p>\n<p class=\"voc-p\" style=\"\">Labrador asegura que le sorprendi\u00f3 positivamente su cambio: tras a\u00f1os de ausencia medi\u00e1tica, de pol\u00e9micas p\u00fablicas y de momentos oscuros, incluyendo serias controversias, denuncias y un alejamiento absoluto del foco, <strong>ella parece haber encontrado un refugio en su vida privada<\/strong>. Una tranquilidad que, seg\u00fan \u00e9l, permite ver a la Ylenia m\u00e1s centrada de los \u00faltimos tiempos.<\/p>\n<p>\nCerrojazo p\u00fablico\n<\/p>\n<p class=\"voc-p\" style=\"\">Dicho distanciamiento de los plat\u00f3s ha sido importante: tras su primer \u00e9xito en reality shows y colaboraciones televisivas, <strong>Ylenia cerr\u00f3 sus perfiles p\u00fablicos, se alej\u00f3 de las luces, y comenz\u00f3 un camino de reinvenci\u00f3n personal dif\u00edcil<\/strong>, marcado por sus problemas de salud, padecimientos intestinales, enfermedades cr\u00f3nicas, y por sus propias decisiones de privacidad.<\/p>\n<p class=\"voc-p\" style=\"\">Aun as\u00ed, la conexi\u00f3n con Labrador  demuestra que, para ellos, aquella \u00e9poca convulsa no significa un punto final definitivo. \u00c9l, que en su d\u00eda confes\u00f3 sentirse atra\u00eddo desde la primera vez que la vio, asegura hoy tener \u00abgratitud\u00bb hacia ella: una mezcla de respeto, nostalgia y reconocimiento mutuo. <strong>\u00abFue una relaci\u00f3n t\u00f3xica\u2026 pero estoy agradecido y a ella le pasa igual conmigo\u00bb<\/strong>, admiti\u00f3.<\/p>\n","protected":false},"excerpt":{"rendered":"Corr\u00eda 2012 cuando la emisi\u00f3n de Gand\u00eda Shore lanz\u00f3 a la fama a un grupo de j\u00f3venes con&hellip;\n","protected":false},"author":2,"featured_media":282065,"comment_status":"","ping_status":"","sticky":false,"template":"","format":"standard","meta":{"footnotes":""},"categories":[91],"tags":[3586,988,14075,146,147,25,24,59326,14744,644,5977,23,575,41555],"class_list":{"0":"post-282064","1":"post","2":"type-post","3":"status-publish","4":"format-standard","5":"has-post-thumbnail","7":"category-entretenimiento","8":"tag-actual","9":"tag-anos","10":"tag-distanciamiento","11":"tag-entertainment","12":"tag-entretenimiento","13":"tag-es","14":"tag-espana","15":"tag-labrador","16":"tag-padilla","17":"tag-polemicas","18":"tag-relacion","19":"tag-spain","20":"tag-tras","21":"tag-ylenia"},"share_on_mastodon":{"url":"https:\/\/pubeurope.com\/@es\/115698193300047769","error":""},"_links":{"self":[{"href":"https:\/\/www.europesays.com\/es\/wp-json\/wp\/v2\/posts\/282064","targetHints":{"allow":["GET"]}}],"collection":[{"href":"https:\/\/www.europesays.com\/es\/wp-json\/wp\/v2\/posts"}],"about":[{"href":"https:\/\/www.europesays.com\/es\/wp-json\/wp\/v2\/types\/post"}],"author":[{"embeddable":true,"href":"https:\/\/www.europesays.com\/es\/wp-json\/wp\/v2\/users\/2"}],"replies":[{"embeddable":true,"href":"https:\/\/www.europesays.com\/es\/wp-json\/wp\/v2\/comments?post=282064"}],"version-history":[{"count":0,"href":"https:\/\/www.europesays.com\/es\/wp-json\/wp\/v2\/posts\/282064\/revisions"}],"wp:featuredmedia":[{"embeddable":true,"href":"https:\/\/www.europesays.com\/es\/wp-json\/wp\/v2\/media\/282065"}],"wp:attachment":[{"href":"https:\/\/www.europesays.com\/es\/wp-json\/wp\/v2\/media?parent=282064"}],"wp:term":[{"taxonomy":"category","embeddable":true,"href":"https:\/\/www.europesays.com\/es\/wp-json\/wp\/v2\/categories?post=282064"},{"taxonomy":"post_tag","embeddable":true,"href":"https:\/\/www.europesays.com\/es\/wp-json\/wp\/v2\/tags?post=282064"}],"curies":[{"name":"wp","href":"https:\/\/api.w.org\/{rel}","templated":true}]}}