{"id":282094,"date":"2025-12-11T01:16:14","date_gmt":"2025-12-11T01:16:14","guid":{"rendered":"https:\/\/www.europesays.com\/es\/282094\/"},"modified":"2025-12-11T01:16:14","modified_gmt":"2025-12-11T01:16:14","slug":"ucrania-confirma-ataque-a-petrolero-de-la-flota-encubierta-rusa-en-el-mar-negro","status":"publish","type":"post","link":"https:\/\/www.europesays.com\/es\/282094\/","title":{"rendered":"Ucrania confirma ataque a petrolero de la flota encubierta rusa en el mar Negro"},"content":{"rendered":"<p>      CNN<br \/>\n        \u00a0\u2014\u00a0<\/p>\n<p class=\"paragraph inline-placeholder vossi-paragraph\" data-uri=\"es.cms.cnn.com\/_components\/paragraph\/instances\/cmj0iquv2000r2cqheb240gtw@published\" data-editable=\"text\" data-component-name=\"paragraph\" data-article-gutter=\"true\">\n            Ucrania atac\u00f3 un petrolero perteneciente a la<strong> <\/strong>llamada flota encubierta<strong> <\/strong>de Rusia en el mar Negro este mi\u00e9rcoles, seg\u00fan un funcionario del Servicio de Seguridad de Ucrania (SBU).\n    <\/p>\n<p class=\"paragraph inline-placeholder vossi-paragraph\" data-uri=\"es.cms.cnn.com\/_components\/paragraph\/instances\/cmj0k1lcb0004356nhnfsiegd@published\" data-editable=\"text\" data-component-name=\"paragraph\" data-article-gutter=\"true\">\n            Una fuente de seguridad ucraniana dijo a CNN que se utilizaron drones mar\u00edtimos \u201cSea Baby\u201d en una operaci\u00f3n conjunta del SBU y la Marina. Se trata del tercer ataque contra petroleros rusos en las \u00faltimas dos semanas.\n    <\/p>\n<p class=\"paragraph inline-placeholder vossi-paragraph\" data-uri=\"es.cms.cnn.com\/_components\/paragraph\/instances\/cmj0k1lcb0005356nbv2u5wty@published\" data-editable=\"text\" data-component-name=\"paragraph\" data-article-gutter=\"true\">\n            Rusia ha estado utilizando cientos de petroleros, con diferentes pabellones, para enviar de manera clandestina su petr\u00f3leo a sus clientes, desafiando las sanciones occidentales.\n    <\/p>\n<p class=\"paragraph inline-placeholder vossi-paragraph\" data-uri=\"es.cms.cnn.com\/_components\/paragraph\/instances\/cmj0k1lcb0006356nqgp949ok@published\" data-editable=\"text\" data-component-name=\"paragraph\" data-article-gutter=\"true\">\n            El petrolero Dashan, que navegaba bajo bandera de las Islas Comoras, sufri\u00f3 \u201cda\u00f1os cr\u00edticos\u201d y, de acuerdo a la informaci\u00f3n preliminar, el barco qued\u00f3 \u201cinutilizado\u201d, seg\u00fan la fuente. Rusia no ha hecho comentarios al respecto.\n    <\/p>\n<p class=\"paragraph inline-placeholder vossi-paragraph\" data-uri=\"es.cms.cnn.com\/_components\/paragraph\/instances\/cmj0k1lcb0007356nonxa24qi@published\" data-editable=\"text\" data-component-name=\"paragraph\" data-article-gutter=\"true\">\n            Un video obtenido por CNN muestra un dron Sea Baby sumergi\u00e9ndose bajo el petrolero antes de una serie de explosiones en la zona de popa del buque. En las im\u00e1genes se ve\u00edan densas columnas de humo envolviendo al petrolero.\n    <\/p>\n<p class=\"paragraph inline-placeholder vossi-paragraph\" data-uri=\"es.cms.cnn.com\/_components\/paragraph\/instances\/cmj0k1lcb0008356nptgflq4h@published\" data-editable=\"text\" data-component-name=\"paragraph\" data-article-gutter=\"true\">\n            No qued\u00f3 claro de inmediato qu\u00e9 tipo de carga  transportaba el buque ni si el choque provoc\u00f3 un derrame de petr\u00f3leo.\n    <\/p>\n<p class=\"paragraph inline-placeholder vossi-paragraph\" data-uri=\"es.cms.cnn.com\/_components\/paragraph\/instances\/cmj0k1lcb0009356nkpn9ne8e@published\" data-editable=\"text\" data-component-name=\"paragraph\" data-article-gutter=\"true\">\n            De acuerdo a una fuente del SBU, el barco navegaba a toda velocidad por la zona econ\u00f3mica exclusiva de Ucrania, con el transpondedor apagado, cuando fue alcanzado.\n    <\/p>\n<p class=\"paragraph inline-placeholder vossi-paragraph\" data-uri=\"es.cms.cnn.com\/_components\/paragraph\/instances\/cmj0k1lcb000a356nv4ukph2c@published\" data-editable=\"text\" data-component-name=\"paragraph\" data-article-gutter=\"true\">\n            El barco se dirig\u00eda hacia la terminal portuaria rusa de Novorossiysk, un importante centro petrolero ruso, dijo la fuente.\n    <\/p>\n<p class=\"paragraph inline-placeholder vossi-paragraph\" data-uri=\"es.cms.cnn.com\/_components\/paragraph\/instances\/cmj0k1lcb000b356n4sx0s1sf@published\" data-editable=\"text\" data-component-name=\"paragraph\" data-article-gutter=\"true\">\n            El puerto ruso fue atacado el mes pasado, cuando Ucrania atac\u00f3 una de las mayores instalaciones de exportaci\u00f3n de petr\u00f3leo de Mosc\u00fa. El ataque, reconocido por funcionarios de ambos pa\u00edses, supuso una escalada en los esfuerzos de Kyiv por atacar una fuente clave de ingresos de Rusia para la guerra.\n    <\/p>\n<p class=\"paragraph inline-placeholder vossi-paragraph\" data-uri=\"es.cms.cnn.com\/_components\/paragraph\/instances\/cmj0k1lcb000c356n80h0pcf3@published\" data-editable=\"text\" data-component-name=\"paragraph\" data-article-gutter=\"true\">\n            \u201cEl SBU sigue tomando medidas activas para reducir los ingresos en d\u00f3lares del petr\u00f3leo al presupuesto ruso\u201d, inform\u00f3 la fuente.\n    <\/p>\n<p class=\"paragraph inline-placeholder vossi-paragraph\" data-uri=\"es.cms.cnn.com\/_components\/paragraph\/instances\/cmj0k1lcb000d356n49giicbl@published\" data-editable=\"text\" data-component-name=\"paragraph\" data-article-gutter=\"true\">\n            La operaci\u00f3n militar ucraniana sigue a un ataque similar contra dos petroleros de la flota encubierta rusa a finales de noviembre. El SBU afirm\u00f3 que el ataque supuso un \u201cduro golpe para el transporte de petr\u00f3leo ruso\u201d.\n    <\/p>\n<p class=\"paragraph inline-placeholder vossi-paragraph\" data-uri=\"es.cms.cnn.com\/_components\/paragraph\/instances\/cmj0k1lcb000f356n26k2xyyg@published\" data-editable=\"text\" data-component-name=\"paragraph\" data-article-gutter=\"true\">\n            El \u00faltimo ataque ucraniano se produjo tras la afirmaci\u00f3n del presidente de EE.UU., Donald Trump, el martes de que<a href=\"https:\/\/cnnespanol.cnn.com\/2025\/12\/09\/eeuu\/trump-ucrania-rusia-negociaciones-guerra-trax\" rel=\"nofollow noopener\" target=\"_blank\"> Mosc\u00fa tiene la \u201cventaja\u201d<\/a> en su actual invasi\u00f3n de Ucrania y que <a href=\"https:\/\/cnnespanol.cnn.com\/2025\/12\/09\/mundo\/trump-ucrania-perdiendo-guerra-funcionarios-desmienten-trax\" rel=\"nofollow noopener\" target=\"_blank\">Kyiv est\u00e1 \u201cperdiendo\u201d la guerra<\/a>.\n    <\/p>\n<p class=\"paragraph inline-placeholder vossi-paragraph\" data-uri=\"es.cms.cnn.com\/_components\/paragraph\/instances\/cmj0k1lcb000g356nc1bui3ru@published\" data-editable=\"text\" data-component-name=\"paragraph\" data-article-gutter=\"true\">\n            Varios funcionarios ucranianos y europeos han rebatido las afirmaciones de Trump, aunque se reconoce que la posici\u00f3n de Ucrania es dif\u00edcil. No existen nuevas evaluaciones estadounidenses o europeas que sugieran que se hayan producido cambios significativos en el campo de batalla que indiquen que las fuerzas del presidente de Rusia, Vladimir Putin, vayan a progresar en breve, seg\u00fan han declarado los funcionarios a CNN.\n    <\/p>\n<p class=\"paragraph inline-placeholder vossi-paragraph\" data-uri=\"es.cms.cnn.com\/_components\/paragraph\/instances\/cmj0k1lcb000h356nuamkqa9m@published\" data-editable=\"text\" data-component-name=\"paragraph\" data-article-gutter=\"true\">\n            Mientras tanto, contin\u00faan las conversaciones sobre el acuerdo de paz propuesto por Estados Unidos entre Ucrania y Rusia, <a href=\"https:\/\/cnnespanol.cnn.com\/2025\/12\/02\/mundo\/negociaciones-paz-kremlin-rusia-ucrania-eeuu-trax\" rel=\"nofollow noopener\" target=\"_blank\">pero hasta el momento no se ha logrado ning\u00fan avance significativo<\/a>.\n    <\/p>\n<p class=\"paragraph inline-placeholder vossi-paragraph\" data-uri=\"es.cms.cnn.com\/_components\/paragraph\/instances\/cmj0k1lcb000i356n9xr3rd1a@published\" data-editable=\"text\" data-component-name=\"paragraph\" data-article-gutter=\"true\">\n            Las delegaciones de Estados Unidos y Ucrania se reunieron de manera virtual el mi\u00e9rcoles para discutir los planes para la reconstrucci\u00f3n y el desarrollo econ\u00f3mico de Ucrania tras el fin de la guerra con Rusia, seg\u00fan inform\u00f3 el presidente de Ucrania, <a href=\"https:\/\/cnnespanol.cnn.com\/2025\/12\/10\/mundo\/ucrania-propuesta-de-paz-actualizada-eeuu-trax\" rel=\"nofollow noopener\" target=\"_blank\">Volodymyr Zelensky<\/a>, en una publicaci\u00f3n en la red social X.\n    <\/p>\n<p class=\"paragraph inline-placeholder vossi-paragraph\" data-uri=\"es.cms.cnn.com\/_components\/paragraph\/instances\/cmj0k1lcb000j356n96klv7dg@published\" data-editable=\"text\" data-component-name=\"paragraph\" data-article-gutter=\"true\">\n            De acuerdo al l\u00edder ucraniano, la delegaci\u00f3n estadounidense estaba formada por el secretario del Tesoro, Scott Bessent; el yerno de Trump, Jared Kushner; y Larry Fink, presidente y director ejecutivo de BlackRock.\n    <\/p>\n<p class=\"paragraph inline-placeholder vossi-paragraph\" data-uri=\"es.cms.cnn.com\/_components\/paragraph\/instances\/cmj0k1lcb000k356nj5z8v9iy@published\" data-editable=\"text\" data-component-name=\"paragraph\" data-article-gutter=\"true\">\n            \u201cHemos debatido los elementos clave para la recuperaci\u00f3n, diversos mecanismos y visiones para la reconstrucci\u00f3n. Hay muchas ideas que, con el enfoque adecuado, podr\u00edan tener \u00e9xito en Ucrania\u201d, afirm\u00f3 Zelensky.\n    <\/p>\n<p class=\"paragraph inline-placeholder vossi-paragraph\" data-uri=\"es.cms.cnn.com\/_components\/paragraph\/instances\/cmj0k1lcb000l356n5oz5ehyg@published\" data-editable=\"text\" data-component-name=\"paragraph\" data-article-gutter=\"true\">\n            Los ucranianos tambi\u00e9n \u201cactualizaron nuestras reflexiones sobre los 20 puntos del documento marco para poner fin a la guerra\u201d, afirm\u00f3. Zelensky agradeci\u00f3 a Trump y a su equipo \u201csu importante labor y su apoyo\u201d.\n    <\/p>\n","protected":false},"excerpt":{"rendered":"CNN \u00a0\u2014\u00a0 Ucrania atac\u00f3 un petrolero perteneciente a la llamada flota encubierta de Rusia en el mar Negro&hellip;\n","protected":false},"author":2,"featured_media":282095,"comment_status":"","ping_status":"","sticky":false,"template":"","format":"standard","meta":{"footnotes":""},"categories":[42],"tags":[17,18,13,14,7419,11,61,62,63,64,19,20,9,10,15,16,1614,12,7081,21,22,65,66,67],"class_list":{"0":"post-282094","1":"post","2":"type-post","3":"status-publish","4":"format-standard","5":"has-post-thumbnail","7":"category-internacional","8":"tag-breaking-news","9":"tag-breakingnews","10":"tag-featured-news","11":"tag-featurednews","12":"tag-guerra-en-ucrania","13":"tag-headlines","14":"tag-internacional","15":"tag-international","16":"tag-international-news","17":"tag-internationalnews","18":"tag-latest-news","19":"tag-latestnews","20":"tag-news","21":"tag-noticias","22":"tag-noticias-destacadas","23":"tag-noticiasdestacadas","24":"tag-rusia","25":"tag-titulares","26":"tag-ucrania","27":"tag-ultimas-noticias","28":"tag-ultimasnoticias","29":"tag-world","30":"tag-world-news","31":"tag-worldnews"},"share_on_mastodon":{"url":"https:\/\/pubeurope.com\/@es\/115698295353353801","error":""},"_links":{"self":[{"href":"https:\/\/www.europesays.com\/es\/wp-json\/wp\/v2\/posts\/282094","targetHints":{"allow":["GET"]}}],"collection":[{"href":"https:\/\/www.europesays.com\/es\/wp-json\/wp\/v2\/posts"}],"about":[{"href":"https:\/\/www.europesays.com\/es\/wp-json\/wp\/v2\/types\/post"}],"author":[{"embeddable":true,"href":"https:\/\/www.europesays.com\/es\/wp-json\/wp\/v2\/users\/2"}],"replies":[{"embeddable":true,"href":"https:\/\/www.europesays.com\/es\/wp-json\/wp\/v2\/comments?post=282094"}],"version-history":[{"count":0,"href":"https:\/\/www.europesays.com\/es\/wp-json\/wp\/v2\/posts\/282094\/revisions"}],"wp:featuredmedia":[{"embeddable":true,"href":"https:\/\/www.europesays.com\/es\/wp-json\/wp\/v2\/media\/282095"}],"wp:attachment":[{"href":"https:\/\/www.europesays.com\/es\/wp-json\/wp\/v2\/media?parent=282094"}],"wp:term":[{"taxonomy":"category","embeddable":true,"href":"https:\/\/www.europesays.com\/es\/wp-json\/wp\/v2\/categories?post=282094"},{"taxonomy":"post_tag","embeddable":true,"href":"https:\/\/www.europesays.com\/es\/wp-json\/wp\/v2\/tags?post=282094"}],"curies":[{"name":"wp","href":"https:\/\/api.w.org\/{rel}","templated":true}]}}