{"id":282118,"date":"2025-12-11T01:50:10","date_gmt":"2025-12-11T01:50:10","guid":{"rendered":"https:\/\/www.europesays.com\/es\/282118\/"},"modified":"2025-12-11T01:50:10","modified_gmt":"2025-12-11T01:50:10","slug":"belmonte-sigue-al-volante-del-cartagena","status":"publish","type":"post","link":"https:\/\/www.europesays.com\/es\/282118\/","title":{"rendered":"Belmonte sigue al volante del Cartagena"},"content":{"rendered":"<p>GREGORIO LE\u00d3N<\/p>\n<p>A d\u00eda de hoy,<strong> Francisco Belmonte tiene todo el poder ejecutivo en el Cartagena<\/strong>. Aunque qued\u00f3 ya firmado el pasado 26 de noviembre el contrato de compra-venta que agilizaba los tr\u00e1mites y plazos\u00a0establecidos en el contrato inicial del 17 de julio, no se ha elevado a escritura p\u00fablica, de tal modo que Belmonte, desde su condici\u00f3n de presidente, tiene las llaves del club para adoptar decisiones econ\u00f3micas de hondura, como por ejemplo, el pago de la n\u00f3mina. S\u00ed la han cobrado los empleados, y tambi\u00e9n han empezado a hacerlo los jugadores, con algunos d\u00edas de retraso. Abonos hechos gracias a las dos taquillas gordas dejadas por la Copa y el derbi, y administradas por Belmonte.\u00a0<\/p>\n<p>El pasado mi\u00e9rcoles 3 de diciembre estaba previsto que el contrato fuera pasado por la notar\u00eda, a fin de darle plena eficacia y seguridad jur\u00eddicas. Tal cosa no ocurri\u00f3. Seg\u00fan fuentes de la parte compradora,<strong> Alejandro Arribas<\/strong> no va dar ese paso hasta que no est\u00e9 concluida la auditor\u00eda externa que ha encargado, a fin de determinar con exactitud la fotograf\u00eda actual de la deuda del Cartagena. Las mismas fuentes informan a Onda Regional de que el Cartagena ten\u00eda de plazo hasta el 30 de septiembre para presentar una auditor\u00eda que detallara la realidad financiera de la sociedad. El Cartagena, gobernado por Duino Inversiones, no present\u00f3 la auditor\u00eda en el margen temporal estipulado.\u00a0<\/p>\n<p>Aunque sus apariciones p\u00fablicas son escas\u00edsimas (no se le vio en el palco del Cartagonova en los partidos \u00faltimos del Cartagena, de singular significaci\u00f3n, Valencia en Copa y derbi frente al Real Murcia), <strong>Belmonte sigue moviendo los hilos en el desempe\u00f1o de sus funciones de presidente, de las que ser\u00e1 apartado cuando el contrato firmado por Duino y Cortadone Inversiones SL sea elevado a p\u00fablico en notar\u00eda.<\/strong> Esto, seg\u00fan se insiste desde la parte compradora, ocurrir\u00e1 en los pr\u00f3ximos d\u00edas, tan pronto quede culminada la auditor\u00eda en marcha. La desconfianza nunca ha desaparecido. Las dos partes no han parado de mirarse de reojo. Alejandro Arribas, que se encontr\u00f3 con una deuda oculta de 500.000 euros y un embargo de la Seguridad Social frenado a tiempo, ya no se f\u00eda de Duino. Y por eso no ha dado el paso de acudir a la notar\u00eda para cerrar definitivamente un proceso que se abri\u00f3 el pasado mes de julio. Cinco meses despu\u00e9s, sigue inconcluso.\u00a0\u00a0<\/p>\n<p>\u00a0<\/p>\n","protected":false},"excerpt":{"rendered":"GREGORIO LE\u00d3N A d\u00eda de hoy, Francisco Belmonte tiene todo el poder ejecutivo en el Cartagena. Aunque qued\u00f3&hellip;\n","protected":false},"author":2,"featured_media":282119,"comment_status":"","ping_status":"","sticky":false,"template":"","format":"standard","meta":{"footnotes":""},"categories":[268],"tags":[57771,168,25,24,11220,280,8094,282,281,23,167],"class_list":{"0":"post-282118","1":"post","2":"type-post","3":"status-publish","4":"format-standard","5":"has-post-thumbnail","7":"category-futbol","8":"tag-alejandro-arribas","9":"tag-deportes","10":"tag-es","11":"tag-espana","12":"tag-fc-cartagena","13":"tag-football","14":"tag-fu00fatbol","15":"tag-futbol","16":"tag-soccer","17":"tag-spain","18":"tag-sports"},"share_on_mastodon":{"url":"https:\/\/pubeurope.com\/@es\/115698429049469678","error":""},"_links":{"self":[{"href":"https:\/\/www.europesays.com\/es\/wp-json\/wp\/v2\/posts\/282118","targetHints":{"allow":["GET"]}}],"collection":[{"href":"https:\/\/www.europesays.com\/es\/wp-json\/wp\/v2\/posts"}],"about":[{"href":"https:\/\/www.europesays.com\/es\/wp-json\/wp\/v2\/types\/post"}],"author":[{"embeddable":true,"href":"https:\/\/www.europesays.com\/es\/wp-json\/wp\/v2\/users\/2"}],"replies":[{"embeddable":true,"href":"https:\/\/www.europesays.com\/es\/wp-json\/wp\/v2\/comments?post=282118"}],"version-history":[{"count":0,"href":"https:\/\/www.europesays.com\/es\/wp-json\/wp\/v2\/posts\/282118\/revisions"}],"wp:featuredmedia":[{"embeddable":true,"href":"https:\/\/www.europesays.com\/es\/wp-json\/wp\/v2\/media\/282119"}],"wp:attachment":[{"href":"https:\/\/www.europesays.com\/es\/wp-json\/wp\/v2\/media?parent=282118"}],"wp:term":[{"taxonomy":"category","embeddable":true,"href":"https:\/\/www.europesays.com\/es\/wp-json\/wp\/v2\/categories?post=282118"},{"taxonomy":"post_tag","embeddable":true,"href":"https:\/\/www.europesays.com\/es\/wp-json\/wp\/v2\/tags?post=282118"}],"curies":[{"name":"wp","href":"https:\/\/api.w.org\/{rel}","templated":true}]}}