{"id":28214,"date":"2025-08-05T23:03:04","date_gmt":"2025-08-05T23:03:04","guid":{"rendered":"https:\/\/www.europesays.com\/es\/28214\/"},"modified":"2025-08-05T23:03:04","modified_gmt":"2025-08-05T23:03:04","slug":"la-respuesta-de-george-clooney-a-quienes-lo-acusan-de-ser-actor-limitado-me-importa-un-carajo","status":"publish","type":"post","link":"https:\/\/www.europesays.com\/es\/28214\/","title":{"rendered":"La respuesta de George Clooney a quienes lo acusan de ser actor limitado: \u201cMe importa un carajo\u201d"},"content":{"rendered":"<p><img alt=\"George Clooney reafirma su postura\" class=\"global-image\" decoding=\"async\" fetchpriority=\"high\" height=\"1080\" loading=\"eager\" src=\"https:\/\/www.europesays.com\/es\/wp-content\/uploads\/2025\/08\/PRYE4MITMNGVJA3H5VRXVEQLIU.jpg\" width=\"1920\"\/>George Clooney reafirma su postura frente a quienes lo acusan de interpretar siempre el mismo papel (REUTERS\/Lucy Nicholson)<\/p>\n<p class=\"paragraph\"><a href=\"https:\/\/www.infobae.com\/entretenimiento\/2025\/07\/08\/george-clooney-esta-es-la-razon-por-la-que-los-invitados-a-su-hogar-tienen-prohibido-utilizar-sus-telefonos\/\" target=\"_blank\" rel=\"noreferrer nofollow noopener\" title=\"https:\/\/www.infobae.com\/entretenimiento\/2025\/07\/08\/george-clooney-esta-es-la-razon-por-la-que-los-invitados-a-su-hogar-tienen-prohibido-utilizar-sus-telefonos\/\">George Clooney<\/a> se encuentra en el centro del debate sobre la versatilidad en la actuaci\u00f3n tras sus recientes declaraciones en torno a su papel protag\u00f3nico en la nueva pel\u00edcula de <b>Noah Baumbach<\/b>, <b>Jay Kelly<\/b>.<\/p>\n<p class=\"paragraph\">El actor de 63 a\u00f1os interpreta a una estrella de cine que enfrenta una crisis personal y profesional en el film que tendr\u00e1 su estreno mundial en el Festival de Venecia antes de llegar a salas seleccionadas el 14 de noviembre y a Netflix el 5 de diciembre.<\/p>\n<p class=\"paragraph\">La pel\u00edcula, escrita por Baumbach y <b>Emily Mortimer<\/b>, marca el regreso del director al cine tras <b>White Noise<\/b> y su colaboraci\u00f3n como guionista en el \u00e9xito de taquilla <b>Barbie<\/b>.<\/p>\n<p class=\"paragraph\">En <b>Jay Kelly<\/b>, Clooney comparte pantalla con figuras como <a href=\"https:\/\/www.infobae.com\/entretenimiento\/2025\/08\/04\/la-razon-por-la-que-adam-sandler-no-queria-invitar-a-eminem-a-aparecer-en-happy-gilmore-2\/\" target=\"_blank\" rel=\"noreferrer nofollow noopener\" title=\"https:\/\/www.infobae.com\/entretenimiento\/2025\/08\/04\/la-razon-por-la-que-adam-sandler-no-queria-invitar-a-eminem-a-aparecer-en-happy-gilmore-2\/\">Adam Sandler<\/a>, quien interpreta a su manager, y <b>Laura Dern<\/b>, en el papel de su publicista.<\/p>\n<p class=\"paragraph\">La trama sigue a Jay Kelly, una celebridad en la sexta d\u00e9cada de su vida, mientras recorre Europa y asiste a un festival de cine italiano donde ser\u00e1 homenajeado.<\/p>\n<p><img alt=\"La nueva pel\u00edcula &quot;Jay Kelly&quot;\" class=\"global-image\" decoding=\"async\" fetchpriority=\"low\" height=\"900\" loading=\"lazy\" src=\"https:\/\/www.europesays.com\/es\/wp-content\/uploads\/2025\/08\/TIYWKP2B7JBUVHWLU2435MPPSQ.jpg\" width=\"1200\"\/>La nueva pel\u00edcula \u00abJay Kelly\u00bb cuenta con Clooney como protagonista y aborda temas sobre identidad, legado y las realidades de la fama (Netflix)<\/p>\n<p class=\"paragraph\">Durante el viaje, tanto el personaje de Clooney como el de Sandler se enfrentan a decisiones pasadas y reflexionan sobre los v\u00ednculos con sus seres queridos y el legado que dejar\u00e1n.<\/p>\n<p class=\"paragraph\">Al abordar el proceso de rodaje con <b>Noah Baumbach<\/b>, <b>George Clooney<\/b> explic\u00f3 que no pudo adaptarse completamente al m\u00e9todo del director, conocido por realizar m\u00faltiples tomas para una misma escena.<\/p>\n<p class=\"paragraph\">\u201cLiteralmente le dije: \u2018Noah, me encanta el guion. Me encanta que seas el director, pero tengo 63 a\u00f1os, amigo, no puedo hacer 50 tomas. Ya no tengo esa energ\u00eda. <b>Mi rango actoral va de la A a la B<\/b>\u2019\u201d, relat\u00f3 Clooney.<\/p>\n<p class=\"paragraph\">Sobre su experiencia en el filme, manifest\u00f3: \u201cCuando tienes mi posici\u00f3n y mi edad, encontrar papeles como este no es nada com\u00fan. Si no puedes aceptar envejecer, tienes que dejar el negocio y desaparecer. Ahora soy el tipo que, cuando persigue a un villano, resulta gracioso y no genera suspenso. Eso me parece bien. Lo acepto totalmente\u201d.<\/p>\n<p class=\"paragraph\">Una de las aristas que explora <b>Jay Kelly<\/b> es la percepci\u00f3n de que Clooney siempre se interpreta a s\u00ed mismo en los proyectos donde participa, una cr\u00edtica frecuente sobre su carrera. Consultado al respecto, el actor fue tajante.<\/p>\n<p><img alt=\"Adam Sandler y Laura Dern\" class=\"global-image\" decoding=\"async\" fetchpriority=\"low\" height=\"1080\" loading=\"lazy\" src=\"https:\/\/www.europesays.com\/es\/wp-content\/uploads\/2025\/08\/DMWIW4SI4NAD5FONG234EJL4JA.jpg\" width=\"1920\"\/>Adam Sandler y Laura Dern acompa\u00f1an a George Clooney en una historia sobre el peso del reconocimiento y las segundas oportunidades en la vida profesional (Netflix)<\/p>\n<p class=\"paragraph\">\u201c<b>\u00bfLa gente dice que siempre me interpreto a m\u00ed mismo? Me importa un carajo<\/b>\u201d, expres\u00f3 y continu\u00f3 en su declaraci\u00f3n: \u201cNo hay muchos actores de mi grupo etario que puedan hacer comedias como O Brother, Where Art Thou? y luego pasar a Michael Clayton o Syriana\u201d.<\/p>\n<p class=\"paragraph\">En esa misma l\u00ednea, insisti\u00f3 en que las cr\u00edticas no le afectan. \u201cSi eso significa que siempre hago de m\u00ed mismo, me importa un carajo. \u00bfAlguna vez han intentado hacer de ustedes mismos? No es f\u00e1cil\u201d, sostuvo.<\/p>\n<p class=\"paragraph\"><b>George Clooney <\/b>a\u00f1adi\u00f3 que su trayectoria no siempre estuvo marcada por el \u00e9xito inmediato, factor que, seg\u00fan \u00e9l, permiti\u00f3 una visi\u00f3n m\u00e1s equilibrada de su trabajo y de la industria.<\/p>\n<p class=\"paragraph\">\u201cHe sido beneficiario del hecho de que mi carrera no fue un \u00e9xito rotundo en direcciones distintas.<b> No tuve verdadero \u00e9xito<\/b>, de ese que puede ser cegador, <b>hasta los 33 a\u00f1os<\/b>. Llevaba 12 a\u00f1os trabajando antes. Eso me dio una comprensi\u00f3n real de lo ef\u00edmero que es todo y de lo poco que depende de ti, con sinceridad\u201d, explic\u00f3.<\/p>\n<p><img alt=\"\u201cEste filme, m\u00e1s que cualquier\" class=\"global-image\" decoding=\"async\" fetchpriority=\"low\" height=\"1080\" loading=\"lazy\" src=\"https:\/\/www.europesays.com\/es\/wp-content\/uploads\/2025\/08\/OLNXUJGUEVAABGAYLXUM46KAAQ.jpg\" width=\"1920\"\/>\u201cEste filme, m\u00e1s que cualquier otro que haya hecho Adam, muestra lo hermoso y sentido que es como actor\u201d, se\u00f1al\u00f3 el actor sobre Sandler (Netflix)<\/p>\n<p class=\"paragraph\">La pel\u00edcula tambi\u00e9n pone en primer plano la labor de <b>Adam Sandler<\/b>, elogiado por Clooney por su capacidad dram\u00e1tica. \u201cEste filme, m\u00e1s que cualquier otro que haya hecho Adam, muestra lo hermoso y sentido que es como actor\u201d, se\u00f1al\u00f3.<\/p>\n<p class=\"paragraph\">El actor coment\u00f3 que pidi\u00f3 al elenco y el equipo que no trataran a Sandler como un \u201ccomediante\u201d. \u201cCuando hace otros trabajos como <b>Diamantes en bruto<\/b>, la gente recuerda eso. No es solo un buen comediante\u201d, destac\u00f3.<\/p>\n<p class=\"paragraph\"><b>Jay Kelly<\/b> cuenta, adem\u00e1s, con un reparto integrado por <b>Laura Dern<\/b>, <b>Billy Crudup<\/b>, <b>Riley Keough<\/b>, Grace Edwards, Stacy Keach, Jim Broadbent, Patrick Wilson, Eve Hewson, Greta Gerwig, Alba Rohrwacher, Josh Hamilton, Lenny Henry, Emily Mortimer, Nic\u00f4le Lecky, Thaddea Graham, Isla Fisher, Louis Partridge y Charlie Rowe.<\/p>\n<p><img alt=\"Noah Baumbach sostiene que un\" class=\"global-image\" decoding=\"async\" fetchpriority=\"low\" height=\"3668\" loading=\"lazy\" src=\"https:\/\/www.europesays.com\/es\/wp-content\/uploads\/2025\/08\/W527TYGFF4NE6RQ266PJBSISVI.jpg\" width=\"5500\"\/>Noah Baumbach sostiene que un actor famoso deb\u00eda interpretar a una estrella ficticia, porque el p\u00fablico proyecta en ellos sus propias preguntas y vulnerabilidades (REUTERS\/Henry Nicholls)<\/p>\n<p class=\"paragraph\">Para el director<b> Noah Baumbach<\/b>, el objetivo era claro desde el inicio: una estrella real deb\u00eda interpretar a una estrella ficticia.<\/p>\n<p class=\"paragraph\">\u201c<b>Las estrellas son nuestros avatares<\/b>. Son personas en las que invertimos, sobre las que proyectamos y a trav\u00e9s de las cuales vivimos. Un protagonista famoso necesitaba interpretar a alguien famoso. Estaba en el ADN de la pel\u00edcula: \u00bfqu\u00e9 significa si una estrella interpreta a una estrella y refleja nuestras propias vulnerabilidades y preguntas sobre la vida?\u201d, indic\u00f3.<\/p>\n","protected":false},"excerpt":{"rendered":"George Clooney reafirma su postura frente a quienes lo acusan de interpretar siempre el mismo papel (REUTERS\/Lucy Nicholson)&hellip;\n","protected":false},"author":2,"featured_media":28215,"comment_status":"","ping_status":"","sticky":false,"template":"","format":"standard","meta":{"footnotes":""},"categories":[169],"tags":[177,146,8117,147,25,24,406,176,175,23],"class_list":{"0":"post-28214","1":"post","2":"type-post","3":"status-publish","4":"format-standard","5":"has-post-thumbnail","7":"category-cine","8":"tag-cine","9":"tag-entertainment","10":"tag-entertainment-and-lifestyle","11":"tag-entretenimiento","12":"tag-es","13":"tag-espana","14":"tag-europe","15":"tag-film","16":"tag-movies","17":"tag-spain"},"share_on_mastodon":{"url":"","error":""},"_links":{"self":[{"href":"https:\/\/www.europesays.com\/es\/wp-json\/wp\/v2\/posts\/28214","targetHints":{"allow":["GET"]}}],"collection":[{"href":"https:\/\/www.europesays.com\/es\/wp-json\/wp\/v2\/posts"}],"about":[{"href":"https:\/\/www.europesays.com\/es\/wp-json\/wp\/v2\/types\/post"}],"author":[{"embeddable":true,"href":"https:\/\/www.europesays.com\/es\/wp-json\/wp\/v2\/users\/2"}],"replies":[{"embeddable":true,"href":"https:\/\/www.europesays.com\/es\/wp-json\/wp\/v2\/comments?post=28214"}],"version-history":[{"count":0,"href":"https:\/\/www.europesays.com\/es\/wp-json\/wp\/v2\/posts\/28214\/revisions"}],"wp:featuredmedia":[{"embeddable":true,"href":"https:\/\/www.europesays.com\/es\/wp-json\/wp\/v2\/media\/28215"}],"wp:attachment":[{"href":"https:\/\/www.europesays.com\/es\/wp-json\/wp\/v2\/media?parent=28214"}],"wp:term":[{"taxonomy":"category","embeddable":true,"href":"https:\/\/www.europesays.com\/es\/wp-json\/wp\/v2\/categories?post=28214"},{"taxonomy":"post_tag","embeddable":true,"href":"https:\/\/www.europesays.com\/es\/wp-json\/wp\/v2\/tags?post=28214"}],"curies":[{"name":"wp","href":"https:\/\/api.w.org\/{rel}","templated":true}]}}