{"id":282184,"date":"2025-12-11T03:00:13","date_gmt":"2025-12-11T03:00:13","guid":{"rendered":"https:\/\/www.europesays.com\/es\/282184\/"},"modified":"2025-12-11T03:00:13","modified_gmt":"2025-12-11T03:00:13","slug":"el-guitarrista-de-extremoduro-uoho-hospitalizado-tras-la-muerte-de-robe-iniesta","status":"publish","type":"post","link":"https:\/\/www.europesays.com\/es\/282184\/","title":{"rendered":"El guitarrista de Extremoduro Uoho, hospitalizado tras la muerte de Robe Iniesta"},"content":{"rendered":"<p>La m\u00fasica espa\u00f1ola ha sufrido este mi\u00e9rtcoles una p\u00e9rdida irreparable\u00a0al conocerse la n<b>oticia de la muerte\u00a0<\/b>de <a target=\"_blank\" href=\"https:\/\/www.elprogreso.es\/tags\/robe-iniesta\/\" rel=\"nofollow noopener\"><strong>Robe Iniesta<\/strong><\/a>, legendario compositor, cantante y alma mater de <a target=\"_blank\" href=\"https:\/\/www.elprogreso.es\/tags\/extremoduro\/\" rel=\"nofollow noopener\">Extremoduro<\/a>. Pocas horas despu\u00e9s de conocerse esta devastadora p\u00e9rdida, se ha confirmado que I\u00f1aki Ant\u00f3n, conocido art\u00edsticamente como Uoho\u00a0y guitarrista hist\u00f3rico de la banda, ha tenido que ser hospitalizado para someterse a una intervenci\u00f3n quir\u00fargica, sumando as\u00ed un nuevo golpe para los seguidores del rock urbano espa\u00f1ol.<\/p>\n<p><img decoding=\"async\" width=\"460\" height=\"819\" alt=\"Historia publicada en en Instagram en el perfil de Uoho. IG\" src=\"https:\/\/www.europesays.com\/es\/wp-content\/uploads\/2025\/12\/2025121021233242017.jpg\" loading=\"lazy\"\/><br \/>\nHistoria publicada en en Instagram en el perfil de Uoho. IG<\/p>\n<p>Uoho, quien comparti\u00f3 escenario con Iniesta durante d\u00e9cadas formando uno de los t\u00e1ndems m\u00e1s emblem\u00e1ticos del rock espa\u00f1ol, comunic\u00f3 brevemente su dolor a trav\u00e9s de las redes sociales con una <b>imagen de ambos m\u00fasicos actuando juntos y un escueto mensaje<\/b>: \u00abVuela&#8230;\u00bb. La publicaci\u00f3n coincidi\u00f3 con el anuncio de su hospitalizaci\u00f3n, realizado a trav\u00e9s de sus historias temporales de Instagram: \u00abI\u00f1aki Ant\u00f3n &#8216;Uoho&#8217; ha sido ingresado hoy en el hospital para una intervenci\u00f3n quir\u00fargica. Si todo va bien, requerir\u00e1 un tiempo de reposo y convalecencia. Os pedimos paciencia y comprensi\u00f3n en estos momentos. Un abrazo\u00bb.<\/p>\n<p>El ingreso del guitarrista se produce en un momento especialmente delicado, no solo por la p\u00e9rdida de su compa\u00f1ero de grupo, sino tambi\u00e9n por los problemas de salud que <b>el propio Ant\u00f3n ha venido arrastrando desde finales de 2022<\/b>, cuando fue diagnosticado con covid persistente tras contagiarse del virus. Esta condici\u00f3n ha limitado su capacidad para desarrollar su carrera musical con normalidad, aunque no ha supuesto un freno definitivo para sus proyectos.<\/p>\n<p>Los problemas de salud de Uoho y su lucha contra el covid persistente<\/p>\n<p>La salud del guitarrista vasco se vio comprometida tras su contagio por coronavirus a finales de 2022. En una reveladora entrevista concedida al diario El Pa\u00eds, Ant\u00f3n describi\u00f3 c\u00f3mo <b>los s\u00edntomas se manifestaron durante una prueba de sonido<\/b> en Bilbao: \u00abComprob\u00e9 que me ahogaba, que no pod\u00eda respirar. Luego me repuse y pude tocar\u00bb, explic\u00f3 entonces el m\u00fasico, evidenciando las complicaciones que comenzaba a experimentar.<\/p>\n<p>\u00abEstaba sin fuelle, no pod\u00eda moverme\u00bb, a\u00f1adi\u00f3 en aquella conversaci\u00f3n, dejando claro que su condici\u00f3n f\u00edsica estaba seriamente afectada por los efectos prolongados del virus. Esta situaci\u00f3n le oblig\u00f3 a realizar un par\u00e9ntesis en su carrera durante julio de 2023, aunque posteriormente logr\u00f3 retomar gradualmente su actividad musical.<\/p>\n<p>A pesar de estas dificultades, I\u00f1aki Ant\u00f3n ha mantenido su compromiso con la m\u00fasica y <b>recientemente hab\u00eda presentado su nuevo proyecto Rebrote<\/b>, con el que acababa de lanzar el single La Flor De La Verbena. Adem\u00e1s, ya ten\u00eda programadas diversas actuaciones para el pr\u00f3ximo a\u00f1o, demostrando su voluntad de continuar con su carrera a pesar de los obst\u00e1culos.<\/p>\n","protected":false},"excerpt":{"rendered":"La m\u00fasica espa\u00f1ola ha sufrido este mi\u00e9rtcoles una p\u00e9rdida irreparable\u00a0al conocerse la noticia de la muerte\u00a0de Robe Iniesta,&hellip;\n","protected":false},"author":2,"featured_media":282185,"comment_status":"","ping_status":"","sticky":false,"template":"","format":"standard","meta":{"footnotes":""},"categories":[174],"tags":[255,146,147,25,24,21388,256,185,44417,23],"class_list":{"0":"post-282184","1":"post","2":"type-post","3":"status-publish","4":"format-standard","5":"has-post-thumbnail","7":"category-famosos","8":"tag-celebrities","9":"tag-entertainment","10":"tag-entretenimiento","11":"tag-es","12":"tag-espana","13":"tag-extremoduro","14":"tag-famosos","15":"tag-musica","16":"tag-robe-iniesta","17":"tag-spain"},"share_on_mastodon":{"url":"https:\/\/pubeurope.com\/@es\/115698704773449006","error":""},"_links":{"self":[{"href":"https:\/\/www.europesays.com\/es\/wp-json\/wp\/v2\/posts\/282184","targetHints":{"allow":["GET"]}}],"collection":[{"href":"https:\/\/www.europesays.com\/es\/wp-json\/wp\/v2\/posts"}],"about":[{"href":"https:\/\/www.europesays.com\/es\/wp-json\/wp\/v2\/types\/post"}],"author":[{"embeddable":true,"href":"https:\/\/www.europesays.com\/es\/wp-json\/wp\/v2\/users\/2"}],"replies":[{"embeddable":true,"href":"https:\/\/www.europesays.com\/es\/wp-json\/wp\/v2\/comments?post=282184"}],"version-history":[{"count":0,"href":"https:\/\/www.europesays.com\/es\/wp-json\/wp\/v2\/posts\/282184\/revisions"}],"wp:featuredmedia":[{"embeddable":true,"href":"https:\/\/www.europesays.com\/es\/wp-json\/wp\/v2\/media\/282185"}],"wp:attachment":[{"href":"https:\/\/www.europesays.com\/es\/wp-json\/wp\/v2\/media?parent=282184"}],"wp:term":[{"taxonomy":"category","embeddable":true,"href":"https:\/\/www.europesays.com\/es\/wp-json\/wp\/v2\/categories?post=282184"},{"taxonomy":"post_tag","embeddable":true,"href":"https:\/\/www.europesays.com\/es\/wp-json\/wp\/v2\/tags?post=282184"}],"curies":[{"name":"wp","href":"https:\/\/api.w.org\/{rel}","templated":true}]}}