{"id":282204,"date":"2025-12-11T03:22:20","date_gmt":"2025-12-11T03:22:20","guid":{"rendered":"https:\/\/www.europesays.com\/es\/282204\/"},"modified":"2025-12-11T03:22:20","modified_gmt":"2025-12-11T03:22:20","slug":"un-uemc-baloncesto-valladolid-catatonico-encaja-su-tercera-derrota","status":"publish","type":"post","link":"https:\/\/www.europesays.com\/es\/282204\/","title":{"rendered":"Un UEMC Baloncesto Valladolid catat\u00f3nico encaja su tercera derrota"},"content":{"rendered":"<p class=\"paragraph\">Mucho que trabajar. Mucho que corregir. Mucho que convencer. Mucho que transmitir. El UEMC Baloncesto Valladolid volvi\u00f3 a hincar la rodilla. La tercera Ley de Newton, obligada tras el duro rev\u00e9s encajado en casa cuatro d\u00edas antes ante el Caja 87 no apareci\u00f3 en C\u00f3rdoba ante un l\u00edder, este s\u00ed herido en su orgullo tras  su \u00fanica derrota d\u00edas antes en Logro\u00f1o.\u00a0<\/p>\n<p>            <a href=\"#\" title=\"\"><\/p>\n<p>                    <img loading=\"lazy\" decoding=\"async\" data-index=\"\" width=\"140\" height=\"140\" alt=\"Hanna, en una penetraci\u00f3n a canasta en el \u00faltimo duelo ante Caja 87 en Pisuerga.\" data-full=\"[object Object]\" data-original=\"[object Object]\" src=\"https:\/\/imagenes.diariodevalladolid.es\/files\/related_image\/uploads\/2025\/12\/09\/693876dc17a8c.jpeg\" data-full-src=\"https:\/\/imagenes.diariodevalladolid.es\/uploads\/2025\/12\/09\/693876dc17a8c.jpeg\"\/><\/p>\n<p>            <\/a><\/p>\n<p class=\"paragraph\">La esperada reacci\u00f3n no lleg\u00f3 entre otros motivos porque el equipo de David Barrio volvi\u00f3 no solo a colapsarse en ataque con esa dependencia extrema de un err\u00e1tico Pau Isern, que acapara todo el juego e inspiraci\u00f3n sino porque su blandura en defensa, sobre todo en los peque\u00f1os, le dej\u00f3 marcado de salida por un rival que no dud\u00f3 en apostar todo, absolutamente todo, al triple. Primero, de la mano de un imparable Black, incomprensiblemente autor de 22 de los 43 puntos de su equipo al descanso. Despu\u00e9s por  Orozco, Bello y Stienche, que se unieron al carrusel de triples cordobeses.<\/p>\n<p>            <a href=\"#\" title=\"\"><\/p>\n<p>                    <img loading=\"lazy\" decoding=\"async\" data-index=\"\" width=\"140\" height=\"140\" alt=\"Edu Arqu\u00e9s observa una jugada ante Caja 87 en Pisuerga.\" data-full=\"[object Object]\" data-original=\"[object Object]\" src=\"https:\/\/imagenes.diariodevalladolid.es\/files\/related_image\/uploads\/2025\/12\/06\/69349c30848e0.jpeg\" data-full-src=\"https:\/\/www.europesays.com\/es\/wp-content\/uploads\/2025\/12\/1765423340_766_69349c30848e0.jpeg\"\/><\/p>\n<p>            <\/a><\/p>\n<p class=\"paragraph\">De nuevo, y lo m\u00e1s preocupante que no es la primera vez, se vio a un UEMC Baloncesto Valladolid dubitativo y sobre todo intermitente que a pesar de mantenerse vivo haciendo la goma durante todo el partido nunca fue capaz de dar el golpe definitivo sobre el parquet del Municipal Vista Alegre, entre otras cosas por su complacencia de medio campo hacia atr\u00e1s.<\/p>\n<p class=\"paragraph\">El conjunto morado volvi\u00f3 a echar de menos la aportaci\u00f3n de un Haney, de nuevo lento de piernas, err\u00e1tico y diluido durante muchos, demasiados  minutos. El toque de despertador del UEMC no llegar\u00eda hasta el \u00faltimo cuarto despu\u00e9s de tocar fondo con la mayor desventaja del encuentro. El 67-52 a 8.16 para el final hizo despertar por fin al equipo del impasible David Barrio.<\/p>\n<p class=\"c-detail__media__subtitle\">\n<p>        Un momento del duelo jugado por C\u00f3rdoba y UEMC.LOF<\/p>\n<p class=\"paragraph\">El equipo, como si de tratara de un episodio de la pel\u00edcula \u2018Despertares\u2019 protagonizada por Robert de Niro (paciente) y Robin Williams (doctor), reaccion\u00f3 a golpe de espasmos como la milagrosa dopamina en la pel\u00edcula en un catat\u00f3nico equipo. Porque si durante los tres primeros cuartos resucit\u00f3 hasta en tres ocasiones enjugando en un abrir y cerrar de ojos la decena de puntos en contra, en el \u00faltimo acto se meti\u00f3 en el partido cuando todo parec\u00eda visto cuando a\u00fan restaban ocho minutos para la conclusi\u00f3n.<\/p>\n<p class=\"c-detail__media__subtitle\">\n<p>        Un momento del duelo entre C\u00f3rdoba y el UEMC.LOF<\/p>\n<p class=\"paragraph\">Isern y Haney\u00a0 se echaron el equipo sobre sus espaldas para llegar el UEMC contra natura y sorprendentemente con vida a 20 segundos para el final al colocarse a cuatro puntos de distancia con 80-76. Pero un tiempo muerto de C\u00f3rdoba dej\u00f3 que el bal\u00f3n llegara a Orozco, que cogi\u00f3 el relevo de Black en la segunda mitad para matar el partido definitivamente desde la l\u00ednea de tiros libres (82-76) haciendo in\u00fatil el efecto de la dopamina en el intermitente UEMC Baloncesto Valladolid, que encajaba con una p\u00edrrica canasta final de Ord\u00f3\u00f1ez (82-78) su tercera derrota de la temporada, tres en los cuatro \u00faltimos partidos) para abrir su primer gran interrogante de la temporada.<\/p>\n<p>Coto C\u00f3rdoba 82; UEMC Baloncesto Valladolid 78<\/p>\n<ul>\n<li><b>82 \u2013 Coto C\u00f3rdoba CB:<\/b> Gonzalo Orozco (14), Ja\u2019Monta Black (25), Jacques Melaine Guemeta (13), Alejandro Rodr\u00edguez (2), Serigne Ndiaye (3) -quinteto inicial-. Tambi\u00e9n jugaron: Liam Churchill Sorensen (5), Alejandro Orozco (0), Pablo S\u00e1nchez (11), Nuha Sagnia (4) y Fernando Bello (5),<\/li>\n<\/ul>\n<ul>\n<li><b>78 \u2013 UEMC Baloncesto Valladolid:<\/b> Pablo Mar\u00edn (9), Isaac \u2018Ice\u2019 Haney (16), Jacob Hanna (7), I\u00f1aki Ord\u00f3\u00f1ez (10), Samuel Taiwo (1q) -quinteto inicial-. Tambi\u00e9n jugaron: Juan Garc\u00eda-Abril (0), Pau Isern (11), Pablo Mart\u00edn (9) y Edu Arqu\u00e9s (4).<\/li>\n<\/ul>\n<p><\/p>\n<ul>\n<li><b>Parciales<\/b>: 19-18, 24-17, 17-15 y 22-28 (82-78 final).<\/li>\n<\/ul>\n<p><\/p>\n<ul>\n<li><b>\u00c1rbitros<\/b>: Melwani Chugani y Mu\u00f1oz Herrera.<\/li>\n<\/ul>\n<p><\/p>\n<ul>\n<li><b>Incidencias<\/b>: Partido correspondiente a la d\u00e9cima jornada de la Segunda FEB, disputado en el Palacio de Deportes Vista Alegre de C\u00f3rdoba el mi\u00e9rcoles 10 de diciembre de 2025.<\/li>\n<\/ul>\n","protected":false},"excerpt":{"rendered":"Mucho que trabajar. Mucho que corregir. Mucho que convencer. Mucho que transmitir. El UEMC Baloncesto Valladolid volvi\u00f3 a&hellip;\n","protected":false},"author":2,"featured_media":282205,"comment_status":"","ping_status":"","sticky":false,"template":"","format":"standard","meta":{"footnotes":""},"categories":[269],"tags":[299,298,2760,168,25,24,3923,38869,23281,23,167],"class_list":{"0":"post-282204","1":"post","2":"type-post","3":"status-publish","4":"format-standard","5":"has-post-thumbnail","7":"category-baloncesto","8":"tag-baloncesto","9":"tag-basketball","10":"tag-cordoba","11":"tag-deportes","12":"tag-es","13":"tag-espana","14":"tag-federacion-espanola-de-baloncesto","15":"tag-jose-antonio-otero-parra","16":"tag-robert-de-niro","17":"tag-spain","18":"tag-sports"},"share_on_mastodon":{"url":"https:\/\/pubeurope.com\/@es\/115698791831661764","error":""},"_links":{"self":[{"href":"https:\/\/www.europesays.com\/es\/wp-json\/wp\/v2\/posts\/282204","targetHints":{"allow":["GET"]}}],"collection":[{"href":"https:\/\/www.europesays.com\/es\/wp-json\/wp\/v2\/posts"}],"about":[{"href":"https:\/\/www.europesays.com\/es\/wp-json\/wp\/v2\/types\/post"}],"author":[{"embeddable":true,"href":"https:\/\/www.europesays.com\/es\/wp-json\/wp\/v2\/users\/2"}],"replies":[{"embeddable":true,"href":"https:\/\/www.europesays.com\/es\/wp-json\/wp\/v2\/comments?post=282204"}],"version-history":[{"count":0,"href":"https:\/\/www.europesays.com\/es\/wp-json\/wp\/v2\/posts\/282204\/revisions"}],"wp:featuredmedia":[{"embeddable":true,"href":"https:\/\/www.europesays.com\/es\/wp-json\/wp\/v2\/media\/282205"}],"wp:attachment":[{"href":"https:\/\/www.europesays.com\/es\/wp-json\/wp\/v2\/media?parent=282204"}],"wp:term":[{"taxonomy":"category","embeddable":true,"href":"https:\/\/www.europesays.com\/es\/wp-json\/wp\/v2\/categories?post=282204"},{"taxonomy":"post_tag","embeddable":true,"href":"https:\/\/www.europesays.com\/es\/wp-json\/wp\/v2\/tags?post=282204"}],"curies":[{"name":"wp","href":"https:\/\/api.w.org\/{rel}","templated":true}]}}