{"id":282217,"date":"2025-12-11T03:36:21","date_gmt":"2025-12-11T03:36:21","guid":{"rendered":"https:\/\/www.europesays.com\/es\/282217\/"},"modified":"2025-12-11T03:36:21","modified_gmt":"2025-12-11T03:36:21","slug":"el-ex-vicerrector-de-la-complutense-afirma-que-begona-gomez-pudo-dirigir-la-catedra-porque-no-se-contemplo-la-excepcion-de-que-no-fuese-licenciada-o-graduada-el-mundo","status":"publish","type":"post","link":"https:\/\/www.europesays.com\/es\/282217\/","title":{"rendered":"El ex vicerrector de la Complutense afirma que Bego\u00f1a G\u00f3mez pudo dirigir la c\u00e1tedra porque &quot;no se contempl\u00f3 la excepci\u00f3n&quot; de que no fuese &quot;licenciada o graduada&quot; &#8211; El Mundo"},"content":{"rendered":"<ol>\n<li><a href=\"https:\/\/news.google.com\/rss\/articles\/CBMiekFVX3lxTE53c3hLRkJSLWNZbFJzRVoxSnM5X1JTeTVJZ3d5bEtMVUwzVmJhQjZ3ZE14QmdtR1g0eUozVzBkRFdWU1gwMktPVkxXQk9sNVV6QU5sbC1sbS1iaUlOWUFZTDNBeDBLLV8zSnI5elctcF9MMWh1MGpqTFN30gF6QVVfeXFMTUdBeVNLYlMxWG1QenY1bVc5cEltOE9yRGtfOEwyY0ptU0FvV2xzR2txTXN4RkRacWMzM2htVGpNOEx6bVlIaEMxaEE3eEk3S3FIeFg2WHdEdjhTVDJ2NzctVENfdGVTcWg3WE5Qb1l6ajc2cmdoUUFOblE?oc=5\" target=\"_blank\" rel=\"nofollow noopener\">El ex vicerrector de la Complutense afirma que Bego\u00f1a G\u00f3mez pudo dirigir la c\u00e1tedra porque \u00abno se contempl\u00f3 la excepci\u00f3n\u00bb de que no fuese \u00ablicenciada o graduada\u00bb<\/a>&nbsp;&nbsp;El Mundo<\/li>\n<li><a href=\"https:\/\/news.google.com\/rss\/articles\/CBMi1gFBVV95cUxOckhWTVNiclBqLWstNU1BQmhtRVpXY2NFNVc3MEI3TFdiYll3WExQVzNBbUhFT29weFpMNWxSVFk0TFk3M0xwYTlDcXg4N1N4U2lPR1VFQURSOXktQXFFUmJIcVAyUzNzNlVZcmRNc1VwYjVHa05HOTktcUVTckpRTVlmQXZRenNOcHFsM2RqMTA1a08zbnF5cFF4Y01vY0dleS1JUE9Jdlh2MEhvanRFYVdySmhOOXNfTVZVeEVsOVRZWEM1WXR2V3FNUGZxSWhNY185dFp3?oc=5\" target=\"_blank\" rel=\"nofollow noopener\">El exvicerrector de la Complutense dice que se sinti\u00f3 \u201cobligado\u201d a crear la c\u00e1tedra de Bego\u00f1a G\u00f3mez<\/a>&nbsp;&nbsp;EL PA\u00cdS<\/li>\n<li><a href=\"https:\/\/news.google.com\/rss\/articles\/CBMi5wFBVV95cUxNZXRQQ01qcVNVbUJuQnkwa3k0WWpIcVNyYjRYY3VGWG1Wa0cwTkx6alpxZi1LQ1RlaXZ3bEpORHZfSXU5cVdSV3ppVnp2ODJzbU51VnZELWZDVkFFX2VId0Q3WXl2UWFQcGRSVVptOVBIbmhZeXZUUFVjN1FibFkwbTd1MlBrekhnS0JINUlBSkFvNWs4d0I3UGRtVkNXYXdqNl80bjQ1VlFmSGZqTnBhYUVLV0FWUVNNeWllRUVBR3pBaUw2eVNKUVBva0NJNEFJWjdYZk1TOEV1Y24xdjZqdmVhYlFPUjjSAewBQVVfeXFMTUF4T2NrTmhHV1AzdkJiMWYzTHBmX2VwUkFpak5qU2xlN3hfV2cxaEZidXFPdlloN0poOTlYN2w4aTJySEhZa1FNMS15bWFMZHpZdGd5R0FYT1dTOFluQXNNMkx1amhCbGJKQUZsTmFLNkhSTE9BZlJkWUZMdDIwZFIxd3kxU0NILXFscnZjTThsa2NMSWlRaFBRTi1waWlxc1ZKd3Z5Ty1SWGVoc1lMSXBNREE0akhOZVNyVjhwSENSSGlMT01nX3hKd2xjb1hJNHhkYzdjOTZNZmgtUDhKUUx3THRRQ3ZVeUFFM2o?oc=5\" target=\"_blank\" rel=\"nofollow noopener\">El exvicerrector de la UCM dice que se vio \u00abobligado\u00bb a crear la c\u00e1tedra de Bego\u00f1a G\u00f3mez porque se lo pidi\u00f3 su superior<\/a>&nbsp;&nbsp;20Minutos<\/li>\n<li><a href=\"https:\/\/news.google.com\/rss\/articles\/CBMiyAFBVV95cUxPMktCM1EzS3NfX050VVVGMnhmV05ZNmRrRmxjazlFa3VsNkJja1RFdUt5UHB2SDJ1eGRGWVIwZndUNWp1QUdqSFREOF9qTzhxdk50LUp0dExYYzk4UWZVbURhX0lZQS1OVm16QTFERmUtekhqSEdzN1dZN3lrNjI4ZFBKcVd3V3dJcUU4MG5SSkppVlhVTXhCMVJpMFFaYUpKRHZVUUFFTVgxRlVVdm42QmdVQk5QbDZYSE5fLW11RXNvWFNQTFhfVw?oc=5\" target=\"_blank\" rel=\"nofollow noopener\">Un exvicerrector de la Complutense dice en el Senado que se sinti\u00f3 \u201cobligado\u201d a crear la c\u00e1tedra de Bego\u00f1a G\u00f3mez<\/a>&nbsp;&nbsp;elDiario.es<\/li>\n<li><a href=\"https:\/\/news.google.com\/rss\/articles\/CBMirAFBVV95cUxPZHBmVERuRkJpWGdHTkVUZzY2UW11X25TclFOUW1EUUhscXh5UnBabnFhclpGb0RuSVh2Ym5OVGhRajk5MVBPNGtsd3NfZXpJNXVsbTlPdU1OSzhVSlB6akxiejlaQ1djcTVFTnZLcnZ5VGo4YXFoY1RqQTBCVzlDQTd1T0hvcnZ4WXFzVFFBOUV2Nk5HWnRxTExCeFBGWXloYkZVNmpXYTY5R29a?oc=5\" target=\"_blank\" rel=\"nofollow noopener\">El exvicerrector de la Complutense afirma que se vio \u00abobligado\u00bb a crear la c\u00e1tedra de Bego\u00f1a G\u00f3mez<\/a>&nbsp;&nbsp;El Confidencial<\/li>\n<\/ol>\n","protected":false},"excerpt":{"rendered":"El ex vicerrector de la Complutense afirma que Bego\u00f1a G\u00f3mez pudo dirigir la c\u00e1tedra porque \u00abno se contempl\u00f3&hellip;\n","protected":false},"author":2,"featured_media":282218,"comment_status":"","ping_status":"","sticky":false,"template":"","format":"standard","meta":{"footnotes":""},"categories":[8],"tags":[16640,17,18,25,24,13,14,11,19,20,9,10,15,16,23,12,21,22,45204],"class_list":{"0":"post-282217","1":"post","2":"type-post","3":"status-publish","4":"format-standard","5":"has-post-thumbnail","7":"category-espana","8":"tag-begona-gomez-fernandez","9":"tag-breaking-news","10":"tag-breakingnews","11":"tag-es","12":"tag-espana","13":"tag-featured-news","14":"tag-featurednews","15":"tag-headlines","16":"tag-latest-news","17":"tag-latestnews","18":"tag-news","19":"tag-noticias","20":"tag-noticias-destacadas","21":"tag-noticiasdestacadas","22":"tag-spain","23":"tag-titulares","24":"tag-ultimas-noticias","25":"tag-ultimasnoticias","26":"tag-universidad-complutense"},"share_on_mastodon":{"url":"https:\/\/pubeurope.com\/@es\/115698846281253934","error":""},"_links":{"self":[{"href":"https:\/\/www.europesays.com\/es\/wp-json\/wp\/v2\/posts\/282217","targetHints":{"allow":["GET"]}}],"collection":[{"href":"https:\/\/www.europesays.com\/es\/wp-json\/wp\/v2\/posts"}],"about":[{"href":"https:\/\/www.europesays.com\/es\/wp-json\/wp\/v2\/types\/post"}],"author":[{"embeddable":true,"href":"https:\/\/www.europesays.com\/es\/wp-json\/wp\/v2\/users\/2"}],"replies":[{"embeddable":true,"href":"https:\/\/www.europesays.com\/es\/wp-json\/wp\/v2\/comments?post=282217"}],"version-history":[{"count":0,"href":"https:\/\/www.europesays.com\/es\/wp-json\/wp\/v2\/posts\/282217\/revisions"}],"wp:featuredmedia":[{"embeddable":true,"href":"https:\/\/www.europesays.com\/es\/wp-json\/wp\/v2\/media\/282218"}],"wp:attachment":[{"href":"https:\/\/www.europesays.com\/es\/wp-json\/wp\/v2\/media?parent=282217"}],"wp:term":[{"taxonomy":"category","embeddable":true,"href":"https:\/\/www.europesays.com\/es\/wp-json\/wp\/v2\/categories?post=282217"},{"taxonomy":"post_tag","embeddable":true,"href":"https:\/\/www.europesays.com\/es\/wp-json\/wp\/v2\/tags?post=282217"}],"curies":[{"name":"wp","href":"https:\/\/api.w.org\/{rel}","templated":true}]}}