{"id":282221,"date":"2025-12-11T03:45:20","date_gmt":"2025-12-11T03:45:20","guid":{"rendered":"https:\/\/www.europesays.com\/es\/282221\/"},"modified":"2025-12-11T03:45:20","modified_gmt":"2025-12-11T03:45:20","slug":"la-paradoja-de-castaneda-de-estar-fuera-a-jugar-20-minutos","status":"publish","type":"post","link":"https:\/\/www.europesays.com\/es\/282221\/","title":{"rendered":"La paradoja de Casta\u00f1eda: de estar fuera a jugar 20 minutos"},"content":{"rendered":"<p>La situaci\u00f3n de Casta\u00f1eda esta temporada est\u00e1 dando que hablar. El jugador, que lleg\u00f3 en verano para hacer las veces de Tyson Carter en el  &#8230; Unicaja, no ha dejado, desde entonces, de atravesar problemas de distinta \u00edndole, todos con un resultado negativo en su rendimiento como jugador del Unicaja. Desde el &#8216;no&#8217; del seleccionador bosnio a contar con \u00e9l en el Eurobasket, a finales de agosto, hasta una serie de pobres actuaciones con el equipo malague\u00f1o a lo largo de estos meses de competici\u00f3n que han llevado al club a buscar un refuerzo exterior.<\/p>\n<p class=\"v-p\">Su situaci\u00f3n actual resulta un tanto parad\u00f3jica: ha pasado de estar pr\u00e1cticamente fuera del equipo a jugar 22:26 minutos este martes ante el Oostende, m\u00e1s que ning\u00fan otro jugador cajista. Hizo 12 puntos (1\/2 en tiros de dos, 2\/6 en triples y 4\/4 en tiros libres), captur\u00f3 dos rechaces y reparti\u00f3 cuatro asistencias, demostrando que se siente m\u00e1s c\u00f3modo haciendo de &#8216;uno&#8217; que de &#8216;dos&#8217;, el rol que hab\u00eda venido a desempe\u00f1ar al Unicaja. La ausencia de Perry, que se qued\u00f3 en M\u00e1laga por decisi\u00f3n t\u00e9cnica, para descansar, propici\u00f3 que pudiera jugar en su posici\u00f3n favorita en el \u00faltimo envite europeo. Ibon Navarro se mostr\u00f3 satisfecho con sus minutos al &#8216;uno&#8217; tras el bocinazo final.<\/p>\n<p class=\"v-p\">Es cierto, tambi\u00e9n, que el contexto del partido es muy peculiar. Ibon Navarro, con los deberes casi hechos y el pase al &#8216;Round of 16&#8217; virtualmente sellado, utiliz\u00f3 el partido para &#8216;meter&#8217; en el equipo a los nuevos, Audige y Rubit, y tambi\u00e9n a Casta\u00f1eda, al que parece que trata de recuperar para la causa. Al menos a corto plazo. Juanma Rodr\u00edguez confirm\u00f3 en la presentaci\u00f3n del \u00faltimo fichaje que por ahora la plantilla ser\u00e1 de 14 jugadores, con Casta\u00f1eda incluido. Y en el futuro ya se ver\u00e1. Todav\u00eda no se le ha dado &#8216;carpetazo&#8217; a su posible salida.<\/p>\n<p class=\"v-p\">Todo hace presagiar que el problema de Xavier Casta\u00f1eda (o &#8216;X&#8217;, como lo llaman en el vestuario) es mental y emocional, pues ya demostr\u00f3 en el pasado tener la capacidad para rendir a buen nivel: el a\u00f1o pasado fue el segundo m\u00e1ximo anotador de la Liga francesa, en la media temporada que jug\u00f3, hasta caer lesionado en febrero. M\u00e1s all\u00e1 de sus pobres n\u00fameros y actuaciones con su club, el estadounidense se redimi\u00f3 en la ventana con dos buenos partidos a nivel individual con la selecci\u00f3n de Bosnia, evidenciando que lo suyo no es un problema de capacidad o talento.<\/p>\n","protected":false},"excerpt":{"rendered":"La situaci\u00f3n de Casta\u00f1eda esta temporada est\u00e1 dando que hablar. El jugador, que lleg\u00f3 en verano para hacer&hellip;\n","protected":false},"author":2,"featured_media":282222,"comment_status":"","ping_status":"","sticky":false,"template":"","format":"standard","meta":{"footnotes":""},"categories":[269],"tags":[299,298,12777,168,25,24,1141,7532,1264,27040,23,167],"class_list":{"0":"post-282221","1":"post","2":"type-post","3":"status-publish","4":"format-standard","5":"has-post-thumbnail","7":"category-baloncesto","8":"tag-baloncesto","9":"tag-basketball","10":"tag-castaneda","11":"tag-deportes","12":"tag-es","13":"tag-espana","14":"tag-estar","15":"tag-jugar","16":"tag-minutos","17":"tag-paradoja","18":"tag-spain","19":"tag-sports"},"share_on_mastodon":{"url":"https:\/\/pubeurope.com\/@es\/115698881485742255","error":""},"_links":{"self":[{"href":"https:\/\/www.europesays.com\/es\/wp-json\/wp\/v2\/posts\/282221","targetHints":{"allow":["GET"]}}],"collection":[{"href":"https:\/\/www.europesays.com\/es\/wp-json\/wp\/v2\/posts"}],"about":[{"href":"https:\/\/www.europesays.com\/es\/wp-json\/wp\/v2\/types\/post"}],"author":[{"embeddable":true,"href":"https:\/\/www.europesays.com\/es\/wp-json\/wp\/v2\/users\/2"}],"replies":[{"embeddable":true,"href":"https:\/\/www.europesays.com\/es\/wp-json\/wp\/v2\/comments?post=282221"}],"version-history":[{"count":0,"href":"https:\/\/www.europesays.com\/es\/wp-json\/wp\/v2\/posts\/282221\/revisions"}],"wp:featuredmedia":[{"embeddable":true,"href":"https:\/\/www.europesays.com\/es\/wp-json\/wp\/v2\/media\/282222"}],"wp:attachment":[{"href":"https:\/\/www.europesays.com\/es\/wp-json\/wp\/v2\/media?parent=282221"}],"wp:term":[{"taxonomy":"category","embeddable":true,"href":"https:\/\/www.europesays.com\/es\/wp-json\/wp\/v2\/categories?post=282221"},{"taxonomy":"post_tag","embeddable":true,"href":"https:\/\/www.europesays.com\/es\/wp-json\/wp\/v2\/tags?post=282221"}],"curies":[{"name":"wp","href":"https:\/\/api.w.org\/{rel}","templated":true}]}}