{"id":282223,"date":"2025-12-11T03:46:15","date_gmt":"2025-12-11T03:46:15","guid":{"rendered":"https:\/\/www.europesays.com\/es\/282223\/"},"modified":"2025-12-11T03:46:15","modified_gmt":"2025-12-11T03:46:15","slug":"luis-enrique-ha-sido-un-resultado-feo-pero-frustrado-por-que","status":"publish","type":"post","link":"https:\/\/www.europesays.com\/es\/282223\/","title":{"rendered":"Luis Enrique: \u201cHa sido un resultado feo, pero frustrado, \u00bfpor qu\u00e9?\u201d"},"content":{"rendered":"<p class=\"\"><b>El t\u00e9cnico del PSG, Luis Enrique Mart\u00ednez, analiz\u00f3 el empate de su equipo en San Mam\u00e9s, sin sentirse enfurru\u00f1ado:<\/b> \u201cFrustrado, por qu\u00e9? ha sido un partido muy intenso, diferente, sab\u00edamos qu\u00e9 tipo de partido iba a jugar el Athletic\u201d, narra el asturiano, que sin embargo, sostiene que el 0-0 supon\u00eda<b> \u201cun resultado feo\u201d.<\/b><\/p>\n<p class=\"\"><b>\u201cHemos creado ocasiones, pero Sim\u00f3n ha estado muy bien y el ambiente incre\u00edble, lo que esper\u00e1bamos<\/b>, y la presi\u00f3n del Athletic ha sido importante. Merec\u00edan m\u00e1s puntos\u00bb, a\u00f1ade Luis Enrique del Athletic. \u201cEs una pena porque tenemos que ganar porque Unai Sim\u00f3n ha estado incre\u00edble, <b>necesitamos m\u00e1s puntos para quedar entre los ocho primeros\u00bb,<\/b> lamenta. Avisa que <b>el de Murgia era el tercer portero de Espa\u00f1a \u201cy me dieron palos\u201d, y afirma que ha alcanzado \u201cnivel top. Le he dicho que ha tenido que hacer el mejor partido contra m\u00ed<\/b>. No lo convoco ya\u00bb, desvela con sorna.<\/p>\n<p>Noticias relacionadas<a href=\"https:\/\/as.com\/futbol\/alerta-con-laporte-f202512-n\/\" class=\"s_m_w\" title=\"El central padece una lesi\u00f3n muscular de car\u00e1cter severo en el b\u00edceps femoral de su pierna izquierda tras la \u00faltima exploraci\u00f3n.\" data-tb-link=\"\" rel=\"nofollow noopener\" target=\"_blank\"><img decoding=\"async\" src=\"https:\/\/www.europesays.com\/es\/wp-content\/uploads\/2025\/12\/IRKHX3BHKFLTZNRSU4EDFAEJKQ.jpg\" alt=\"Alerta con Laporte\" class=\"\" height=\"9\" width=\"16\"   loading=\"lazy\" data-tb-thumbnail=\"\"\/><\/a><a href=\"https:\/\/as.com\/futbol\/champions\/inaki-williams-pasa-el-corte-ante-el-psg-f202512-n\/\" class=\"s_m_w\" title=\"Lesionado desde el pasado 20 de noviembre ante el Qarabag. Entran los cachorros Santos, De Luis, Selton y Hierro.\" data-tb-link=\"\" rel=\"nofollow noopener\" target=\"_blank\"><img decoding=\"async\" src=\"https:\/\/www.europesays.com\/es\/wp-content\/uploads\/2025\/12\/RAK4XAXS25JLJKJQ4T7XXSNFVE.jpg\" alt=\"I\u00f1aki Williams pasa el corte ante el PSG\" class=\"\" height=\"9\" width=\"16\"   loading=\"lazy\" data-tb-thumbnail=\"\"\/><\/a><\/p>\n<p class=\"\">Reconoce que si alguno de sus \u201cjugadores sal\u00eda despistado\u201d les pasaban por encima. Y a\u00f1ade que \u201cSan Mam\u00e9s se motiv\u00f3 si cabe m\u00e1s al final, pero merito de mis jugadores\u201d.<\/p>\n<p class=\"\"><b>\u00a1Tus opiniones importan!<\/b> Comenta en los art\u00edculos y suscr\u00edbete gratis a nuestra <a href=\"https:\/\/asfan.as.com\/newsletters\/\" target=\"_blank\" rel=\"nofollow noopener\" title=\"https:\/\/asfan.as.com\/newsletters\/\">newsletter<\/a> y a las alertas informativas en la <a href=\"https:\/\/as.com\/aplicacion-de-as-n\/\" target=\"_blank\" rel=\"nofollow noopener\" title=\"https:\/\/as.com\/aplicacion-de-as-n\/\">App<\/a> o el canal de <a href=\"https:\/\/www.whatsapp.com\/channel\/0029VaAasdA7j6g745nz9M10\" target=\"_blank\" rel=\"nofollow noopener\" title=\"https:\/\/www.whatsapp.com\/channel\/0029VaAasdA7j6g745nz9M10\">WhatsApp<\/a>. \u00bfBuscas licenciar contenido? Haz clic <a href=\"https:\/\/profesional.elpais.com\/soluciones-sindicacion?utm_medium=interno&amp;utm_source=crosslinking&amp;utm_campaign=sindicacion_as_pie_articulos\" target=\"_blank\" rel=\"nofollow noopener\" title=\"https:\/\/profesional.elpais.com\/soluciones-sindicacion?utm_medium=interno&amp;utm_source=crosslinking&amp;utm_campaign=sindicacion_as_pie_articulos\">aqu\u00ed<\/a><\/p>\n","protected":false},"excerpt":{"rendered":"El t\u00e9cnico del PSG, Luis Enrique Mart\u00ednez, analiz\u00f3 el empate de su equipo en San Mam\u00e9s, sin sentirse&hellip;\n","protected":false},"author":2,"featured_media":282224,"comment_status":"","ping_status":"","sticky":false,"template":"","format":"standard","meta":{"footnotes":""},"categories":[268],"tags":[168,25,24,280,282,281,23,167],"class_list":{"0":"post-282223","1":"post","2":"type-post","3":"status-publish","4":"format-standard","5":"has-post-thumbnail","7":"category-futbol","8":"tag-deportes","9":"tag-es","10":"tag-espana","11":"tag-football","12":"tag-futbol","13":"tag-soccer","14":"tag-spain","15":"tag-sports"},"share_on_mastodon":{"url":"https:\/\/pubeurope.com\/@es\/115698885686064597","error":""},"_links":{"self":[{"href":"https:\/\/www.europesays.com\/es\/wp-json\/wp\/v2\/posts\/282223","targetHints":{"allow":["GET"]}}],"collection":[{"href":"https:\/\/www.europesays.com\/es\/wp-json\/wp\/v2\/posts"}],"about":[{"href":"https:\/\/www.europesays.com\/es\/wp-json\/wp\/v2\/types\/post"}],"author":[{"embeddable":true,"href":"https:\/\/www.europesays.com\/es\/wp-json\/wp\/v2\/users\/2"}],"replies":[{"embeddable":true,"href":"https:\/\/www.europesays.com\/es\/wp-json\/wp\/v2\/comments?post=282223"}],"version-history":[{"count":0,"href":"https:\/\/www.europesays.com\/es\/wp-json\/wp\/v2\/posts\/282223\/revisions"}],"wp:featuredmedia":[{"embeddable":true,"href":"https:\/\/www.europesays.com\/es\/wp-json\/wp\/v2\/media\/282224"}],"wp:attachment":[{"href":"https:\/\/www.europesays.com\/es\/wp-json\/wp\/v2\/media?parent=282223"}],"wp:term":[{"taxonomy":"category","embeddable":true,"href":"https:\/\/www.europesays.com\/es\/wp-json\/wp\/v2\/categories?post=282223"},{"taxonomy":"post_tag","embeddable":true,"href":"https:\/\/www.europesays.com\/es\/wp-json\/wp\/v2\/tags?post=282223"}],"curies":[{"name":"wp","href":"https:\/\/api.w.org\/{rel}","templated":true}]}}