{"id":282241,"date":"2025-12-11T04:09:10","date_gmt":"2025-12-11T04:09:10","guid":{"rendered":"https:\/\/www.europesays.com\/es\/282241\/"},"modified":"2025-12-11T04:09:10","modified_gmt":"2025-12-11T04:09:10","slug":"este-uemc-solo-se-rinde-despues-de-muerto","status":"publish","type":"post","link":"https:\/\/www.europesays.com\/es\/282241\/","title":{"rendered":"Este UEMC solo se rinde despu\u00e9s de muerto"},"content":{"rendered":"<p class=\"v-mdl-ath__p v-mdl-ath__p--2\">\nFernando L\u00f3pez-ADG\n<\/p>\n<p class=\"v-mdl-ath__p v-mdl-ath__p--3\">\nC\u00f3rdoba\n<\/p>\n<p class=\"v-mdl-ath__p v-mdl-ath__p--6\">\nMi\u00e9rcoles, 10 de diciembre 2025, 23:22<\/p>\n<p class=\"v-p\">No pudo conseguir la victoria en C\u00f3rdoba el UEMC Baloncesto Valladolid en el duelo de gallitos del grupo, lastrado por bajas significativas que mermaron considerablemente el potencial del equipo pucelano.<\/p>\n<p class=\"v-p\">Comenz\u00f3 el partido lanzado el Coto de la mano de Sienche y Black, inmensos ambos en su acierto en los primeros minutos. Siete puntos del primero y cinco del segundo, con triple incluido para cada uno, pusieron el 12-2 en el marcador ante la falta de acierto de los jugadores de la escuadra vallisoletana.<\/p>\n<p class=\"v-p\">No fue hasta el minuto cuatro cuando Hanna consigui\u00f3 la segunda canasta del UEMC, que despert\u00f3 a sus compa\u00f1eros (12-4). Mar\u00edn, Taiwo y Ord\u00f3\u00f1ez completaron un parcial de 0-7 que fue nivelando el partido (12-9). Se fren\u00f3 en seco la producci\u00f3n ofensiva local y el juego, con las segundas unidades ya en cancha, se equilibr\u00f3 (15-15). Mart\u00edn incluso aprovech\u00f3 el tiro libre adicional conseguido en la jugada en la que empat\u00f3 el choque para poner a su equipo por delante por primera vez (15-16).<\/p>\n<p class=\"v-scr__t\">Coto C\u00f3rdoba<\/p>\n<p class=\"v-scr__p v-scr__p--3\">Gonzalo Orozco (14), Black (25), Sienche (13), \u00c1lex Rodr\u00edguez (2) y Ndiaye (3) -quinteto inicial-, Sorensen (5), Bello (5), Alejandro Orozco, Pablo S\u00e1nchez (11) y Sagnia (4). <\/p>\n<p class=\"v-scr__n-c v-scr__n-c--1 \">\n 82\n<\/p>\n<p class=\"v-scr__n-c v-scr__n-c--2\">\n&#8211;\n<\/p>\n<p class=\"v-scr__n-c v-scr__n-c--3 \">\n 78\n<\/p>\n<p class=\"v-scr__t\">UEMC<\/p>\n<p class=\"v-scr__p v-scr__p--3\">Mar\u00edn (9), Taiwo (12), Hanna (7), Haney (16) y Ord\u00f3\u00f1ez (10) -quinteto inicial-, Arqu\u00e9s (4), Garc\u00eda-Abril, Pau Isern (11) y Mart\u00edn (9).<\/p>\n<ul class=\"v-u\">\n<li class=\"v-u__l\">\n<p class=\"v-p\">\n\u00c1rbitros:<br \/>\nMelwani Chugani (Colegio canario) y Mu\u00f1oz Herrera (Colegio madrile\u00f1o). Sin eliminados\n<\/p>\n<\/li>\n<li class=\"v-u__l\">\n<p class=\"v-p\">\nParciales:<br \/>\n19-18, 24-17 (43-35), 17-15 (60-50), 22-28 (82-78).\n<\/p>\n<\/li>\n<li class=\"v-u__l\">\n<p class=\"v-p\">\nIncidencias:<br \/>\nPalacio Municipal de Deportes Vista Alegre. 700 espectadores.\n<\/p>\n<\/li>\n<\/ul>\n<p class=\"v-p\">Pablo S\u00e1nchez, con cuatro tiros libres consecutivos convertidos, cerr\u00f3 el marcador al final de los diez primeros minutos con un emocionante 19-18.<\/p>\n<p class=\"v-p\">El segundo acto comenz\u00f3 pr\u00e1cticamente igual que el primero. Salida en tromba del equipo local a lomos de Black, letal en los lanzamientos exteriores. Tres triples convertidos por el propio Black, Gonzalo Orozco y Sorensen obligaron a David Barrio a pedir tiempo muerto, ya que el l\u00edder del grupo Oeste volaba sobre la cancha (30-21).<\/p>\n<p><img decoding=\"async\" loading=\"lazy\" src=\"https:\/\/www.europesays.com\/es\/wp-content\/uploads\/2025\/12\/cordo00-kjvG-U2405166552988q-624x385@El Norte.jpeg\" class=\"v-a-img\" width=\"624\" height=\"385\" alt=\"\" data-voc-vtm-id=\"in-text-traffic\"\/><\/p>\n<p><img loading=\"lazy\" decoding=\"async\" src=\"https:\/\/www.europesays.com\/es\/wp-content\/uploads\/2025\/12\/cordo00-kjvG-U2405166552988q-624x385@El Norte.jpeg\" class=\"v-mdl__img-z\" width=\"624\" height=\"385\" alt=\"\"\/><\/p>\n<p class=\"v-p\">Sali\u00f3 Mar\u00edn al rescate de su equipo con dos triples consecutivos que volvieron a reducir la desventaja, pero Black no estaba dispuesto a dar ninguna tregua al Baloncesto Valladolid y, con un triple y tres tiros libres, mantuvo a su equipo con una c\u00f3moda ventaja (37-29).<\/p>\n<p class=\"v-p\">El conjunto vallisoletano no encontr\u00f3 en todo la primera mitad la manera de defender al escolta local, que alcanz\u00f3 el descanso con 22 puntos de los 43 conseguidos por su equipo (43-35).<\/p>\n<p class=\"v-p\">Ambos equipos se esmeraron m\u00e1s en defensa tras el intermedio, factor que favoreci\u00f3 a la escuadra pucelana, que logr\u00f3 meterse de nuevo en el partido, aprovechando la sequ\u00eda de Black tras un triple convertido por Hanna (49-47).<\/p>\n<p class=\"v-p\">Sin embargo, Sienche, con una bandeja, y Pablo S\u00e1nchez, con dos tiros libres y un triple al borde del final de la posesi\u00f3n, volvieron a decantar el encuentro para la escuadra cordobesa (56-47).<\/p>\n<p class=\"v-p\">Par\u00f3 nuevamente el cron\u00f3metro David Barrio para dar instrucciones a sus jugadores, aunque en esta ocasi\u00f3n la cosa no le funcion\u00f3, ya que en los poco m\u00e1s de dos minutos que quedaban para acabar el cuarto recibi\u00f3 un parcial de 4-3, lo que dej\u00f3 la diferencia en diez puntos para el \u00faltimo acto (60-50).<\/p>\n<p class=\"v-p\">El cuarto definitivo comenz\u00f3 con un triple de Bello. No quer\u00eda el Coto C\u00f3rdoba sorpresas y volvi\u00f3 a poner tierra de por medio en los primeros minutos (69-52). Buscaba el l\u00edder retomar la senda del triunfo, perdida el domingo tras un inmaculado 8-0 en el inicio liguero.<\/p>\n<p class=\"v-p\">David Barrio comenz\u00f3 a pensar m\u00e1s en la diferencia particular que en intentar ganar el choque. En medio minuto sus jugadores rebajaron la desventaja hasta el 76-61 y entonces fue Gonzalo Rodr\u00edguez Palmeiro el que par\u00f3 el juego.<\/p>\n<p class=\"v-p\">En los \u00faltimos minutos Haney asumi\u00f3 la responsabilidad en las acciones ofensivas con suerte dispar. Encest\u00f3 los triples, aunque no le acompa\u00f1\u00f3 el acierto en los tiros libres, ya que fall\u00f3 tres, y el encuentro finaliz\u00f3 con un ajustado 82-78.<\/p>\n<p>Reporta un error<\/p>\n","protected":false},"excerpt":{"rendered":"Fernando L\u00f3pez-ADG C\u00f3rdoba Mi\u00e9rcoles, 10 de diciembre 2025, 23:22 No pudo conseguir la victoria en C\u00f3rdoba el UEMC&hellip;\n","protected":false},"author":2,"featured_media":282242,"comment_status":"","ping_status":"","sticky":false,"template":"","format":"standard","meta":{"footnotes":""},"categories":[269],"tags":[299,298,168,987,25,24,5555,3656,1138,23,167,41388],"class_list":{"0":"post-282241","1":"post","2":"type-post","3":"status-publish","4":"format-standard","5":"has-post-thumbnail","7":"category-baloncesto","8":"tag-baloncesto","9":"tag-basketball","10":"tag-deportes","11":"tag-despues","12":"tag-es","13":"tag-espana","14":"tag-muerto","15":"tag-rinde","16":"tag-solo","17":"tag-spain","18":"tag-sports","19":"tag-uemc"},"share_on_mastodon":{"url":"https:\/\/pubeurope.com\/@es\/115698976065848653","error":""},"_links":{"self":[{"href":"https:\/\/www.europesays.com\/es\/wp-json\/wp\/v2\/posts\/282241","targetHints":{"allow":["GET"]}}],"collection":[{"href":"https:\/\/www.europesays.com\/es\/wp-json\/wp\/v2\/posts"}],"about":[{"href":"https:\/\/www.europesays.com\/es\/wp-json\/wp\/v2\/types\/post"}],"author":[{"embeddable":true,"href":"https:\/\/www.europesays.com\/es\/wp-json\/wp\/v2\/users\/2"}],"replies":[{"embeddable":true,"href":"https:\/\/www.europesays.com\/es\/wp-json\/wp\/v2\/comments?post=282241"}],"version-history":[{"count":0,"href":"https:\/\/www.europesays.com\/es\/wp-json\/wp\/v2\/posts\/282241\/revisions"}],"wp:featuredmedia":[{"embeddable":true,"href":"https:\/\/www.europesays.com\/es\/wp-json\/wp\/v2\/media\/282242"}],"wp:attachment":[{"href":"https:\/\/www.europesays.com\/es\/wp-json\/wp\/v2\/media?parent=282241"}],"wp:term":[{"taxonomy":"category","embeddable":true,"href":"https:\/\/www.europesays.com\/es\/wp-json\/wp\/v2\/categories?post=282241"},{"taxonomy":"post_tag","embeddable":true,"href":"https:\/\/www.europesays.com\/es\/wp-json\/wp\/v2\/tags?post=282241"}],"curies":[{"name":"wp","href":"https:\/\/api.w.org\/{rel}","templated":true}]}}