{"id":282258,"date":"2025-12-11T04:22:09","date_gmt":"2025-12-11T04:22:09","guid":{"rendered":"https:\/\/www.europesays.com\/es\/282258\/"},"modified":"2025-12-11T04:22:09","modified_gmt":"2025-12-11T04:22:09","slug":"la-lider-opositora-venezolana-corina-machado-reaparece-en-oslo","status":"publish","type":"post","link":"https:\/\/www.europesays.com\/es\/282258\/","title":{"rendered":"La l\u00edder opositora venezolana Corina Machado reaparece en Oslo"},"content":{"rendered":"<p>Tras m\u00e1s de un a\u00f1o escondida y desafiando una prohibici\u00f3n de viajar que tiene impuesta desde hace una d\u00e9cada, la l\u00edder opositora venezolana Mar\u00eda Corina Machado ha reaparecido este viernes en Oslo (Noruega), horas despu\u00e9s de la ceremonia en la que se le entreg\u00f3 el Premio Nobel de la Paz. <\/p>\n<p>Aunque no ha ofrecido una rueda de prensa, para reunirse directamente con sus familiares, Corina <strong>ha salido al balc\u00f3n del Grand Hotel de Oslo<\/strong>, desde donde ha saludado visiblemente cansada pero sonriente a sus seguidores y ha cantado el himno de su pa\u00eds con la mano en el pecho. <\/p>\n<p>Machado reaparece entre v\u00edtores y m\u00f3viles en alto <\/p>\n<p>En lo que fue su <strong>primera aparici\u00f3n p\u00fablica desde enero <\/strong>de este a\u00f1o, Machado ha salido posteriormente por la puerta del hotel para acercarse a las<strong> decenas de venezolanos congregados en el exterior <\/strong>para recibirla. <\/p>\n<p>Entre m\u00f3viles que la filmaban y gritos de <strong>\u00ab\u00a1viva!\u00bb<\/strong>, Machado se ha acercado a las vallas levantadas por la Polic\u00eda noruega por motivos de seguridad. No obstante, en varias ocasiones se ha subido a las mismas para acercarse m\u00e1s a sus seguidores, darles la mano, lanzarles besos e incluso abrazarlos. <\/p>\n<p>Imagen de la l\u00edder opositora venezolana, Corina Machado, junto a las decenas de personas que se han congregado en el Gran Hotel, en Oslo (Noruega).\u00a0LEONHARD FOEGER \/ AP<\/p>\n<p>Una y otra vez, la venezolana ha hecho el gesto de &#8216;gracias&#8217; con sus manos, tanto en el balc\u00f3n como despu\u00e9s a pie de calle, aunque<strong> no ha llegado a pronunciar un discurso<\/strong>, ni siquiera breve, algo que tiene previsto hacer, inicialmente,<strong> dentro de pocas horas en una rueda de prensa <\/strong>junto al primer ministro noruego, Jonas Gahr St\u00f8re. <\/p>\n<p>La salida al balc\u00f3n de Machado ha sido toda una sorpresa, ya que pocos minutos antes el presidente del Comit\u00e9 Nobel Noruego, J\u00f8rgen Watne Frydnes, ha asegurado que ya no habr\u00eda un encuentro con ella, ya que la exdiputada quer\u00eda reunirse inmediatamente con su familia, que no ha visto en dos a\u00f1os. <\/p>\n<p>No obstante, su equipo ha precisado minutos despu\u00e9s que s\u00ed saldr\u00eda posiblemente al balc\u00f3n a saludar. Machado ha aterrizado en el aeropuerto de Gardermoen sobre las 21.58 horas tras <strong>un largo viaje desde Venezuela, donde vive en la clandestinidad. <\/strong><\/p>\n<p>Un viaje cargado de secretismo  <\/p>\n<p>El fin de semana pasado asegur\u00f3 al Instituto Nobel que estar\u00eda en Oslo para la ceremonia de entrega del Premio Nobel del mi\u00e9rcoles, si bien la v\u00edspera del acto solemne<strong> no pudo participar<\/strong> en la tradicional <strong>rueda de prensa de los laureados<\/strong> como estaba previsto, <strong>ni tampoco lleg\u00f3 a tiempo <\/strong>al Ayuntamiento de la capital noruega para <strong>recoger el galard\u00f3n. <\/strong><\/p>\n<p>No obstante, el mismo mi\u00e9rcoles ha asegurado en una conversaci\u00f3n telef\u00f3nica desde un lugar desconocido con Frydnes que <a href=\"https:\/\/www.rtve.es\/noticias\/20251210\/maria-corina-machado-premio-nobel-paz\/16851888.shtml\" rel=\"nofollow noopener\" target=\"_blank\">estaba ya \u00abde camino\u00bb a Oslo<\/a> y que tan pronto como llegue, podr\u00e1 abrazar a toda su familia \u00aby a tantos venezolanos y noruegos que conozco y que comparten nuestra lucha y nuestro esfuerzo\u00bb. <\/p>\n<p>En Oslo ya la esperaban su hija <strong>Ana Corina Sosa<\/strong>, que ha pronunciado en nombre de su madre el <strong>discurso de aceptaci\u00f3n del Premio Nobel de la Paz<\/strong>, sus dos hijos, su hermana y su madre, Corina Parisca.<\/p>\n<p>\u00ab<strong>Venezuela volver\u00e1 a respirar<\/strong>. Abriremos las puertas de las c\u00e1rceles y veremos salir al sol a miles de inocentes que fueron encarcelados injustamente\u00bb, ha le\u00eddo su hija. Corina tambi\u00e9n ha comprometido estar en el puente Sim\u00f3n Bol\u00edvar, en la frontera con Colombia, donde una vez llor\u00f3 \u00abentre los miles que se iban, para recibirlos de vuelta (&#8230;)\u00bb.<\/p>\n<p>Escondida en Venezuela desde agosto de 2024 <\/p>\n<p>La l\u00edder opositora de 58 a\u00f1os vive escondida en Venezuela desde agosto de 2024, pocos d\u00edas despu\u00e9s de las <a href=\"https:\/\/www.rtve.es\/noticias\/20240729\/elecciones-venezuela-2024-cronica-resultados\/16200988.shtml\" rel=\"nofollow noopener\" target=\"_blank\">elecciones presidenciales<\/a> en las que se le prohibi\u00f3 participar. <\/p>\n<p>La anterior aparici\u00f3n p\u00fablica de Machado fue el pasado 9 de enero en una manifestaci\u00f3n en Caracas. No est\u00e1 claro c\u00f3mo la l\u00edder opositora logr\u00f3 salir de Venezuela, donde es buscada por <strong>cargos de \u00abconspiraci\u00f3n, incitaci\u00f3n al odio y terrorismo\u00bb<\/strong>, ni c\u00f3mo planea regresar. Aunque, este mi\u00e9rcoles, The Wall Street Journal ha revelado que <strong>Machado sali\u00f3<\/strong> supuestamente de su pa\u00eds este martes<strong> con ayuda de EE.UU.<\/strong> La opositora se march\u00f3 en un barco que parti\u00f3 de la costa occidental venezolana hacia la isla caribe\u00f1a de Curazao. <\/p>\n<p>Sobre su regreso a Venezuela, su hija ha querido disipar dudas, asegurando que ser\u00e1 \u00abmuy pronto (&#8230;). Desea vivir en una Venezuela libre y nunca abandonar\u00e1 ese objetivo\u00bb. El Premio Nobel de la Paz <a href=\"https:\/\/www.rtve.es\/noticias\/20251010\/premio-nobel-paz-2025-directo-cronica\/16764633.shtml\" rel=\"nofollow noopener\" target=\"_blank\">le fue otorgado el 10 de octubre<\/a> por sus <strong>esfuerzos en pos de una transici\u00f3n democr\u00e1tica en Venezuela. <\/strong><\/p>\n<p>\u00abPara tener democracia, debemos estar preparados para luchar por la libertad\u00bb, ha declarado su hija en el discurso pronunciado en el Ayuntamiento de Oslo, en presencia de numerosos familiares de la galardonada, el presidente argentino Javier Milei y otros jefes de Estado latinoamericanos de derecha. <\/p>\n<p>Refiri\u00e9ndose a las detenciones, torturas y persecuci\u00f3n de opositores, ha denunciado<strong> \u00abcr\u00edmenes de lesa humanidad, documentados por las Naciones Unidas\u00bb<\/strong> y \u00abterrorismo de Estado desplegado para sofocar la voluntad popular\u00bb. <\/p>\n<p>Estados Unidos, la Uni\u00f3n Europea y muchos pa\u00edses latinoamericanos se niegan a reconocer los resultados de las elecciones presidenciales del a\u00f1o pasado, que permitieron al socialista Maduro, con el 51,20% de los votos, iniciar un tercer mandato de seis a\u00f1os. <\/p>\n<p>La oposici\u00f3n acusa al gobierno de fraude y ha proclamado la victoria de su candidato, <strong><a href=\"https:\/\/www.rtve.es\/play\/videos\/programa\/edmundo-gonzalez-vamos-regresar-venezuela-tan-pronto-tengamos-garantias\/16727631\/\" rel=\"nofollow noopener\" target=\"_blank\">Edmundo Gonz\u00e1lez Urrutia<\/a><\/strong>, actualmente en el exilio y presente en Oslo el mi\u00e9rcoles. <\/p>\n<p>El <strong>Comit\u00e9 del Nobel inst\u00f3 al presidente venezolano a dimitir<\/strong>. \u00abSe\u00f1or Maduro, acepte los resultados electorales y ret\u00edrese\u00bb, ha declarado su presidente, J\u00f8rgen Watne Frydnes, entre entusiastas aplausos.<\/p>\n<p>Escalada de tensiones entre EE.UU. y Venezuela <\/p>\n<p>La reaparici\u00f3n de la l\u00edder opositora se produce en medio de una <a href=\"https:\/\/www.rtve.es\/noticias\/20251206\/venezuela-dice-fuerzas-armadas-estan-preparadas-para-dar-respuesta-contundente-a-quien-se-atreva-a-agredir\/16848470.shtml\" rel=\"nofollow noopener\" target=\"_blank\">crisis entre Venezuela y Estados Unidos<\/a>, que ha <strong>desplegado una gran flotilla en el mar Caribe<\/strong> desde agosto, oficialmente para combatir el narcotr\u00e1fico, y con un saldo de<strong> 87 muertos. <\/strong><\/p>\n<p>El presidente venezolano, Nicol\u00e1s Maduro, acusa a Washington de intentar derrocarlo para apoderarse del petr\u00f3leo de su pa\u00eds. Mar\u00eda Corina Machado, una piedra en el zapato de Maduro, es criticada por la similitud de sus ideas con las del presidente estadounidense Trump, a quien dedic\u00f3 el Premio Nobel, y apoya este despliegue estadounidense. <\/p>\n<p>El inquilino de la Casa Blanca ha anunciado el mi\u00e9rcoles la<strong> incautaci\u00f3n de un petrolero frente a las costas de Venezuela <\/strong>que acusan de estar vinculado con el <strong>contrabando de petr\u00f3leo iran\u00ed<\/strong>, sancionado por Washington, aunque en esta ocasi\u00f3n transportaba crudo venezolano.  <\/p>\n<p>Seg\u00fan Washington, la campa\u00f1a militar iniciada en verano y bautizada como &#8216;<strong>Lanza del Sur&#8217;<\/strong> tiene como objetivo expulsar a los narcoterroristas del \u00abhemisferio occidental\u00bb y \u00abproteger a la patria de las drogas que est\u00e1n matando\u00bb a sus ciudadanos, pero organizaciones pro derechos humanos han se\u00f1alado que podr\u00edan tratarse de ejecuciones extrajudiciales. <\/p>\n","protected":false},"excerpt":{"rendered":"Tras m\u00e1s de un a\u00f1o escondida y desafiando una prohibici\u00f3n de viajar que tiene impuesta desde hace una&hellip;\n","protected":false},"author":2,"featured_media":282259,"comment_status":"","ping_status":"","sticky":false,"template":"","format":"standard","meta":{"footnotes":""},"categories":[42],"tags":[17,18,13,14,11,61,62,63,64,19,20,9,10,15,16,12,21,22,65,66,67],"class_list":{"0":"post-282258","1":"post","2":"type-post","3":"status-publish","4":"format-standard","5":"has-post-thumbnail","7":"category-internacional","8":"tag-breaking-news","9":"tag-breakingnews","10":"tag-featured-news","11":"tag-featurednews","12":"tag-headlines","13":"tag-internacional","14":"tag-international","15":"tag-international-news","16":"tag-internationalnews","17":"tag-latest-news","18":"tag-latestnews","19":"tag-news","20":"tag-noticias","21":"tag-noticias-destacadas","22":"tag-noticiasdestacadas","23":"tag-titulares","24":"tag-ultimas-noticias","25":"tag-ultimasnoticias","26":"tag-world","27":"tag-world-news","28":"tag-worldnews"},"share_on_mastodon":{"url":"https:\/\/pubeurope.com\/@es\/115699026838734979","error":""},"_links":{"self":[{"href":"https:\/\/www.europesays.com\/es\/wp-json\/wp\/v2\/posts\/282258","targetHints":{"allow":["GET"]}}],"collection":[{"href":"https:\/\/www.europesays.com\/es\/wp-json\/wp\/v2\/posts"}],"about":[{"href":"https:\/\/www.europesays.com\/es\/wp-json\/wp\/v2\/types\/post"}],"author":[{"embeddable":true,"href":"https:\/\/www.europesays.com\/es\/wp-json\/wp\/v2\/users\/2"}],"replies":[{"embeddable":true,"href":"https:\/\/www.europesays.com\/es\/wp-json\/wp\/v2\/comments?post=282258"}],"version-history":[{"count":0,"href":"https:\/\/www.europesays.com\/es\/wp-json\/wp\/v2\/posts\/282258\/revisions"}],"wp:featuredmedia":[{"embeddable":true,"href":"https:\/\/www.europesays.com\/es\/wp-json\/wp\/v2\/media\/282259"}],"wp:attachment":[{"href":"https:\/\/www.europesays.com\/es\/wp-json\/wp\/v2\/media?parent=282258"}],"wp:term":[{"taxonomy":"category","embeddable":true,"href":"https:\/\/www.europesays.com\/es\/wp-json\/wp\/v2\/categories?post=282258"},{"taxonomy":"post_tag","embeddable":true,"href":"https:\/\/www.europesays.com\/es\/wp-json\/wp\/v2\/tags?post=282258"}],"curies":[{"name":"wp","href":"https:\/\/api.w.org\/{rel}","templated":true}]}}