{"id":282306,"date":"2025-12-11T05:05:10","date_gmt":"2025-12-11T05:05:10","guid":{"rendered":"https:\/\/www.europesays.com\/es\/282306\/"},"modified":"2025-12-11T05:05:10","modified_gmt":"2025-12-11T05:05:10","slug":"vacunate-frente-a-la-gripe-protege-tu-salud-y-la-de-los-demas","status":"publish","type":"post","link":"https:\/\/www.europesays.com\/es\/282306\/","title":{"rendered":"Vac\u00fanate frente a la gripe: protege tu salud y la de los dem\u00e1s"},"content":{"rendered":"\n<ul>\n<li>Espa\u00f1a afronta este a\u00f1o una temporada de gripe inusualmente temprana y m\u00e1s virulenta que en campa\u00f1as anteriores. El virus ha comenzado a circular antes de lo habitual y las primeras evidencias confirman que la variante dominante difiere de la del a\u00f1o pasado, lo que reduce la protecci\u00f3n inmunol\u00f3gica de la poblaci\u00f3n y aumenta el riesgo de complicaciones. En este contexto, la vacunaci\u00f3n se convierte en una medida imprescindible, no solo para protegernos individualmente, sino tambi\u00e9n como gesto de responsabilidad y solidaridad con quienes nos rodean.<\/li>\n<\/ul>\n<p>A finales de noviembre, Espa\u00f1a entr\u00f3 oficialmente en fase epid\u00e9mica de gripe debido a la r\u00e1pida expansi\u00f3n de esta nueva variante. El incremento de las infecciones respiratorias agudas anticipa un pico entre finales de enero y comienzos de febrero. Seg\u00fan un estudio reciente del Instituto de Salud Carlos III, la gripe provoc\u00f3 en la temporada 2024-2025 m\u00e1s de <b>33.000 hospitalizaciones, 1.800 ingresos en UCI y 1.800 fallecimientos<\/b> entre octubre y mayo, cifras que subrayan el impacto real de esta enfermedad.<\/p>\n<p>Ante esta situaci\u00f3n, la vacunaci\u00f3n sigue siendo la herramienta m\u00e1s eficaz para reducir el impacto de la gripe. Su objetivo es doble: <b>reforzar la protecci\u00f3n de las personas m\u00e1s vulnerables y disminuir la presi\u00f3n sobre los servicios sanitarios y sociosanitarios<\/b>, especialmente en momentos de alta demanda asistencial.<\/p>\n<p> \u00bfPor qu\u00e9 vacunarse es esencial? <\/p>\n<ul dir=\"ltr\">\n<li role=\"presentation\"><strong>Protege tu salud y reduce las complicaciones.<\/strong><\/li>\n<\/ul>\n<p dir=\"ltr\" role=\"presentation\">Las vacunas antigripales disminuyen de forma significativa el riesgo de infecci\u00f3n. Y, aunque no siempre evitan por completo la enfermedad, s\u00ed reducen la gravedad del cuadro cl\u00ednico, los ingresos hospitalarios y las muertes asociadas.<\/p>\n<ul dir=\"ltr\">\n<li role=\"presentation\"><strong>Contribuye a la protecci\u00f3n comunitaria.<\/strong><\/li>\n<\/ul>\n<p dir=\"ltr\" role=\"presentation\">La vacunaci\u00f3n colectiva genera un efecto de protecci\u00f3n comunitaria, reduciendo la circulaci\u00f3n del virus y protegiendo a quienes no pueden vacunarse o tienen un riesgo elevado de complicaciones. Vacunarse es cuidar tu salud y la de quienes m\u00e1s quieres: familiares, personas mayores, ni\u00f1os y personas vulnerables. Cada dosis suma.<\/p>\n<ul dir=\"ltr\">\n<li role=\"presentation\"><strong>Debe repetirse cada temporada.<\/strong><\/li>\n<\/ul>\n<p dir=\"ltr\" role=\"presentation\">Las autoridades sanitarias recuerdan que la vacunaci\u00f3n debe renovarse cada a\u00f1o, porque el virus evoluciona constantemente y la inmunidad obtenida en temporadas previas disminuye con el tiempo.<\/p>\n<p> Lo peor de la gripe est\u00e1 por llegar <\/p>\n<p dir=\"ltr\">En la temporada 2024-2025, m\u00e1s de 15 millones de personas en Espa\u00f1a recibieron la vacuna antigripal, alcanzando una cobertura del 67 % en mayores de 60 a\u00f1os. Para la campa\u00f1a 2025-2026, el objetivo es superar esa cifra, con un refuerzo espec\u00edfico en la vacunaci\u00f3n pedi\u00e1trica y en mayores de 80 a\u00f1os, con la meta de llegar al 70 % en ambos grupos. Aun as\u00ed, persisten desigualdades territoriales y barreras de acceso que dificultan que quienes m\u00e1s lo necesitan reciban la vacuna en el momento adecuado.<\/p>\n<p dir=\"ltr\">Las previsiones epidemiol\u00f3gicas apuntan a que el pico de contagios llegar\u00e1 en las pr\u00f3ximas semanas, coincidiendo con el fr\u00edo invernal, las reuniones navide\u00f1as y una mayor circulaci\u00f3n viral. Vacunarse a tiempo es fundamental para evitar una ola dif\u00edcil de contener y proteger tanto a nivel individual como comunitario.<\/p>\n<p dir=\"ltr\">Posponer o eludir la vacunaci\u00f3n ampl\u00eda la \u201cventana de vulnerabilidad\u201d de muchas personas: mayores, ni\u00f1os peque\u00f1os, pacientes cr\u00f3nicos o quienes cuidan de ellas. Adem\u00e1s, un alto volumen de contagios puede tensionar los servicios sanitarios, saturar urgencias y comprometer la atenci\u00f3n a otras patolog\u00edas que requieren respuesta inmediata.<\/p>\n<p> Ante la gripe, \u201cArrima el hombro\u201d <\/p>\n<p dir=\"ltr\">\u201cArrima el hombro\u201d es la campa\u00f1a impulsada por Cruz Roja para sensibilizar, informar y acompa\u00f1ar en el proceso de vacunaci\u00f3n. Su finalidad es apoyar a los servicios sanitarios p\u00fablicos, movilizar al voluntariado y acercar mensajes claros y accesibles a toda la poblaci\u00f3n. Entre los colectivos prioritarios se encuentran las personas mayores, quienes viven con enfermedades cr\u00f3nicas, la poblaci\u00f3n infantil y el personal sanitario y sociosanitario, todos ellos m\u00e1s expuestos a complicaciones graves.<\/p>\n<p> C\u00f3mo puedes \u201carrimar el hombro\u201d t\u00fa <\/p>\n<ol>\n<li aria-level=\"1\" dir=\"ltr\">\n<p dir=\"ltr\" role=\"presentation\"><b>Vac\u00fanate cuanto antes si perteneces a un grupo de riesgo<\/b>: personas mayores, embarazadas, ni\u00f1os y ni\u00f1as menores de 5 a\u00f1os, personas con enfermedades cr\u00f3nicas o personal sanitario y sociosanitario.<\/p>\n<\/li>\n<li aria-level=\"1\" dir=\"ltr\">\n<p dir=\"ltr\" role=\"presentation\"><b>Si no formas parte de un grupo de riesgo, plant\u00e9ate tambi\u00e9n vacunarte<\/b>: reduces la transmisi\u00f3n, proteges a quienes te rodean y contribuyes al bienestar colectivo.<\/p>\n<\/li>\n<li aria-level=\"1\" dir=\"ltr\">\n<p dir=\"ltr\" role=\"presentation\"><strong>Inf\u00f3rmate en tu centro de salud<\/strong> y, si lo necesitas, contacta con Cruz Roja para recibir orientaci\u00f3n o acompa\u00f1amiento.<\/p>\n<\/li>\n<li aria-level=\"1\" dir=\"ltr\">\n<p dir=\"ltr\" role=\"presentation\"><strong>Comparte el mensaje<\/strong>: hablar con familiares, amistades o personas cercanas sobre la importancia de vacunarse puede animar a m\u00e1s gente a sumarse.<\/p>\n<\/li>\n<\/ol>\n<p dir=\"ltr\">En un momento en que la gripe se propaga con rapidez y afecta especialmente a los colectivos m\u00e1s vulnerables, la vacunaci\u00f3n deja de ser una elecci\u00f3n individual para convertirse en un acto de responsabilidad colectiva. Con iniciativas como Arrima el hombro, Cruz Roja contribuye a acercar la prevenci\u00f3n a quienes m\u00e1s lo requieren, aliviar la presi\u00f3n sobre los servicios sanitarios y fortalecer la salud p\u00fablica. Vacunarse no es solo cuidarse: es cuidar a toda la comunidad.<\/p>\n","protected":false},"excerpt":{"rendered":"Espa\u00f1a afronta este a\u00f1o una temporada de gripe inusualmente temprana y m\u00e1s virulenta que en campa\u00f1as anteriores. El&hellip;\n","protected":false},"author":2,"featured_media":282307,"comment_status":"","ping_status":"","sticky":false,"template":"","format":"standard","meta":{"footnotes":""},"categories":[92],"tags":[68332,25,24,7749,165,19400,37795,166,23,7589],"class_list":{"0":"post-282306","1":"post","2":"type-post","3":"status-publish","4":"format-standard","5":"has-post-thumbnail","7":"category-salud","8":"tag-arrima-en-hombro","9":"tag-es","10":"tag-espana","11":"tag-gripe","12":"tag-health","13":"tag-humanidad","14":"tag-imparcialidad","15":"tag-salud","16":"tag-spain","17":"tag-vacunacion"},"share_on_mastodon":{"url":"https:\/\/pubeurope.com\/@es\/115699195750051813","error":""},"_links":{"self":[{"href":"https:\/\/www.europesays.com\/es\/wp-json\/wp\/v2\/posts\/282306","targetHints":{"allow":["GET"]}}],"collection":[{"href":"https:\/\/www.europesays.com\/es\/wp-json\/wp\/v2\/posts"}],"about":[{"href":"https:\/\/www.europesays.com\/es\/wp-json\/wp\/v2\/types\/post"}],"author":[{"embeddable":true,"href":"https:\/\/www.europesays.com\/es\/wp-json\/wp\/v2\/users\/2"}],"replies":[{"embeddable":true,"href":"https:\/\/www.europesays.com\/es\/wp-json\/wp\/v2\/comments?post=282306"}],"version-history":[{"count":0,"href":"https:\/\/www.europesays.com\/es\/wp-json\/wp\/v2\/posts\/282306\/revisions"}],"wp:featuredmedia":[{"embeddable":true,"href":"https:\/\/www.europesays.com\/es\/wp-json\/wp\/v2\/media\/282307"}],"wp:attachment":[{"href":"https:\/\/www.europesays.com\/es\/wp-json\/wp\/v2\/media?parent=282306"}],"wp:term":[{"taxonomy":"category","embeddable":true,"href":"https:\/\/www.europesays.com\/es\/wp-json\/wp\/v2\/categories?post=282306"},{"taxonomy":"post_tag","embeddable":true,"href":"https:\/\/www.europesays.com\/es\/wp-json\/wp\/v2\/tags?post=282306"}],"curies":[{"name":"wp","href":"https:\/\/api.w.org\/{rel}","templated":true}]}}