{"id":282332,"date":"2025-12-11T05:30:22","date_gmt":"2025-12-11T05:30:22","guid":{"rendered":"https:\/\/www.europesays.com\/es\/282332\/"},"modified":"2025-12-11T05:30:22","modified_gmt":"2025-12-11T05:30:22","slug":"leon-s-kennedy-estara-en-resident-evil-requiem-y-una-imagen-filtrada-ya-ha-desvelado-su-aspecto","status":"publish","type":"post","link":"https:\/\/www.europesays.com\/es\/282332\/","title":{"rendered":"Leon S. Kennedy estar\u00e1 en Resident Evil Requiem y una imagen filtrada ya ha desvelado su aspecto"},"content":{"rendered":"<p class=\"c-paragraph\"><a href=\"https:\/\/www.hobbyconsolas.com\/reportajes\/impresiones-resident-evil-requiem-gran-sorpresa-summer-game-fest-re-troleada-capcom-1466239\" title=\"Impresiones de Resident Evil Requiem, la gran sorpresa del Summer Game Fest (y una re-troleada de Capcom)\" rel=\"nofollow noopener\" target=\"_blank\">Resident Evil Requiem<\/a> llegar\u00e1 en febrero de 2025 a <b>PS5<\/b>, <b>Nintendo Switch 2<\/b>, <b>Xbox Series X|S<\/b> y <b>PC<\/b>. Ya conocemos muchos detalles de la nueva entrega de la saga de <a href=\"https:\/\/www.hobbyconsolas.com\/videojuegos\/9-juegos-que-van-subir-liston-grafico-2026-no-son-los-mismos-siempre_6906450_0.html\" title=\"9 juegos que van a subir el list\u00f3n gr\u00e1fico en 2026 y no son los &quot;mismos de siempre&quot;\" rel=\"nofollow noopener\" target=\"_blank\">Capcom<\/a>, pero falta confirmar si <a href=\"https:\/\/www.hobbyconsolas.com\/noticias\/nuevos-detalles-filtrados-leon-kennedy-resident-evil-requiem-pelo-canoso-uso-vehiculos-historia-separada-grace-otras-sorpresas-1484886\" title=\"Nuevos detalles filtrados de Leon Kennedy en Resident Evil Requiem: pelo canoso, uso de veh\u00edculos, historia separada a la de Grace y otras sorpresas\" rel=\"nofollow noopener\" target=\"_blank\">Leon S. Kennedy<\/a> estar\u00e1 presente en la aventura.<\/p>\n<p class=\"c-paragraph\">Los rumores no han parado, pero parece que ya es una realidad. <b>Leon S. Kennedy estar\u00e1 en Resident Evil Requiem<\/b> y una imagen filtrada de PlayStation Store lo habr\u00eda dejado claro. Ya conocemos el aspecto de uno de los personajes m\u00e1s queridos de la franquicia survival horror.<\/p>\n<p class=\"c-paragraph\">El que fuera protagonista de <a href=\"https:\/\/www.hobbyconsolas.com\/reviews\/analisis-resident-evil-2-remake-ps4-xbox-one-pc-360925\" title=\"An\u00e1lisis de Resident Evil 2 remake para PS4, Xbox One y PC\" rel=\"nofollow noopener\" target=\"_blank\">Resident Evil 2<\/a> y <a href=\"https:\/\/www.hobbyconsolas.com\/reviews\/analisis-resident-evil-4-remake-ps4-ps5-series-xs-pc-1215300\" title=\"An\u00e1lisis de Resident Evil 4: este remake se ha &quot;ganado&quot; su puesto en el Olimpo\" rel=\"nofollow noopener\" target=\"_blank\">Resident Evil 4<\/a> regresa con Requiem (aunque su papel a\u00fan est\u00e1 por verse). De momento, <b>el poster junto a Grace Ashcroft parece se\u00f1alar que el papel de Leon ser\u00e1 bastante importante<\/b>. \u00bfPodremos jugar con el?<\/p>\n<p>Leon S. Kennedy regresa con Resident Evil Requiem<\/p>\n<p class=\"c-paragraph\">Desde luego, no hay dudas de que se trata de \u00e9l. Pese a que ahora luce una generosa barba, ese peinado y esa mirada no enga\u00f1an. \u00a1Leon S. Kennedy est\u00e1 de vuelta en la saga con Resident Evil Requiem! Es de esperar que pronto recibamos la confirmaci\u00f3n por parte de Capcom. Muy probablemente aparezca en <a href=\"https:\/\/www.hobbyconsolas.com\/videojuegos\/resident-evil-requiem-estara-the-game-awards-confirma-geoff-keighley-podria-ser-momento-leon-kennedy_6907049_0.html\" title=\"Resident Evil Requiem estar\u00e1 en The Game Awards, confirma Geoff Keighley, y podr\u00eda ser el momento de Leon Kennedy\" rel=\"nofollow noopener\" target=\"_blank\">el tr\u00e1iler de The Game Awards<\/a>.<\/p>\n<p class=\"c-paragraph\">La imagen procede de la tienda digital de PlayStation (como han dejado claro usuarios de <a href=\"https:\/\/x.com\/Tylerpbel\/status\/1998332369325936944?s=20\" rel=\"nofollow noreferrer\">Twitter<\/a>), un tipo de filtraci\u00f3n que suele ser bastante com\u00fan. \u00bfQu\u00e9 te parece el aspecto de Leon tras tantos a\u00f1os? <b>Se le ve m\u00e1s envejecido, pero no tanto como Chris Redfield.<\/b><\/p>\n<p class=\"c-paragraph\">No obstante, la imagen ha sido ligeramente alterada con IA para reescalarla a una mayor resoluci\u00f3n. Hay algo m\u00e1s de detalle en los ojos y expresiones del personaje, aunque, en esencia, sigue siendo igual que el render de PS Store.<\/p>\n<p class=\"c-paragraph\">Por \u00faltimo, la filtraci\u00f3n ha venido acompa\u00f1ada de<b> otras dos im\u00e1genes de modelos de personaje<\/b>, Nathan Depsy y un enemigo que ya pudimos ver en alg\u00fan tr\u00e1iler previo.<\/p>\n<p class=\"c-paragraph\">No es la \u00fanica filtraci\u00f3n relacionada con el juego que hemos tenido recientemente.\u00a0<a href=\"https:\/\/www.hobbyconsolas.com\/videojuegos\/una-conocida-tienda-filtra-un-segundo-personaje-jugable-resident-evil-requiem-pero-cuidado-porque-no-es-que-crees_6907753_0.html\" title=\"Una conocida tienda filtra un segundo personaje jugable de Resident Evil Requiem, pero cuidado porque no es el que crees\" rel=\"nofollow noopener\" target=\"_blank\">Una conocida tienda filtraba un segundo personaje jugable de Resident Evil Requiem, pero no es el protagonista de esta noticia<\/a>. \u00bfCon ganas de disfrutar de este t\u00edtulo?<\/p>\n","protected":false},"excerpt":{"rendered":"Resident Evil Requiem llegar\u00e1 en febrero de 2025 a PS5, Nintendo Switch 2, Xbox Series X|S y PC.&hellip;\n","protected":false},"author":2,"featured_media":282333,"comment_status":"","ping_status":"","sticky":false,"template":"","format":"standard","meta":{"footnotes":""},"categories":[81],"tags":[119,123,124,8723,25,24,11969,17695,4108,17391,117,121,122,23,118,120],"class_list":{"0":"post-282332","1":"post","2":"type-post","3":"status-publish","4":"format-standard","5":"has-post-thumbnail","7":"category-ciencia-y-tecnologia","8":"tag-ciencia","9":"tag-ciencia-y-tecnologia","10":"tag-cienciaytecnologia","11":"tag-confirmado","12":"tag-es","13":"tag-espana","14":"tag-estara","15":"tag-kennedy","16":"tag-leon","17":"tag-s","18":"tag-science","19":"tag-science-and-technology","20":"tag-scienceandtechnology","21":"tag-spain","22":"tag-technology","23":"tag-tecnologia"},"share_on_mastodon":{"url":"https:\/\/pubeurope.com\/@es\/115699294128921145","error":""},"_links":{"self":[{"href":"https:\/\/www.europesays.com\/es\/wp-json\/wp\/v2\/posts\/282332","targetHints":{"allow":["GET"]}}],"collection":[{"href":"https:\/\/www.europesays.com\/es\/wp-json\/wp\/v2\/posts"}],"about":[{"href":"https:\/\/www.europesays.com\/es\/wp-json\/wp\/v2\/types\/post"}],"author":[{"embeddable":true,"href":"https:\/\/www.europesays.com\/es\/wp-json\/wp\/v2\/users\/2"}],"replies":[{"embeddable":true,"href":"https:\/\/www.europesays.com\/es\/wp-json\/wp\/v2\/comments?post=282332"}],"version-history":[{"count":0,"href":"https:\/\/www.europesays.com\/es\/wp-json\/wp\/v2\/posts\/282332\/revisions"}],"wp:featuredmedia":[{"embeddable":true,"href":"https:\/\/www.europesays.com\/es\/wp-json\/wp\/v2\/media\/282333"}],"wp:attachment":[{"href":"https:\/\/www.europesays.com\/es\/wp-json\/wp\/v2\/media?parent=282332"}],"wp:term":[{"taxonomy":"category","embeddable":true,"href":"https:\/\/www.europesays.com\/es\/wp-json\/wp\/v2\/categories?post=282332"},{"taxonomy":"post_tag","embeddable":true,"href":"https:\/\/www.europesays.com\/es\/wp-json\/wp\/v2\/tags?post=282332"}],"curies":[{"name":"wp","href":"https:\/\/api.w.org\/{rel}","templated":true}]}}