{"id":282351,"date":"2025-12-11T05:49:12","date_gmt":"2025-12-11T05:49:12","guid":{"rendered":"https:\/\/www.europesays.com\/es\/282351\/"},"modified":"2025-12-11T05:49:12","modified_gmt":"2025-12-11T05:49:12","slug":"bruce-springsteen-elige-la-cancion-mas-apocaliptica-que-existe","status":"publish","type":"post","link":"https:\/\/www.europesays.com\/es\/282351\/","title":{"rendered":"Bruce Springsteen elige la canci\u00f3n \u00abm\u00e1s apocal\u00edptica\u00bb que existe"},"content":{"rendered":"<p>A la hora de hablar sobre canciones cuyo prop\u00f3sito es el de explorar las profundidades del desamor y la desesperanza, pocas se imponen por sobre \u201c<strong>It\u2019s Over<\/strong>\u201d, el himno de <strong>Roy Orbison<\/strong> publicado en 1964 que se caracteriza por su progresi\u00f3n dram\u00e1tica y su tensi\u00f3n orquestal, que desembocan en un cl\u00edmax emocional tan explosivo como elegante. Con una voz que rozaba lo sobrenatural y una sensibilidad dram\u00e1tica poco com\u00fan en el pop de su tiempo, el cantautor y guitarrista norteamericano supo construir un gran cat\u00e1logo de baladas desgarradoras, pero la que compuso junto a Bill Dees, su gran colaborador, se gan\u00f3 el coraz\u00f3n de millones, incluso el de <strong>Bruce Springsteen<\/strong>.<\/p>\n<p>En una entrevista para la revista Spin junto a Win Butler, <strong><a href=\"https:\/\/indiehoy.com\/cine\/llego-el-primer-trailer-de-deliver-me-from-nowhere-la-pelicula-sobre-bruce-springsteen\/\" target=\"_blank\" rel=\"noreferrer noopener nofollow\">Springsteen<\/a> no dud\u00f3 al escogerla como la canci\u00f3n m\u00e1s apocal\u00edptica jam\u00e1s escrita<\/strong> poco despu\u00e9s de que su colega hablara de sus or\u00edgenes. \u201cCrec\u00ed en Houston, pero no en una familia s\u00faper religiosa. Mi madre es mormona, mi padre es de Nueva Inglaterra; somos de esos que dicen que es bueno que la gente no se mate, pero que en realidad no creemos en nada. Pero todo el tema de las megaiglesias estaba muy extendido en Texas\u201d, dijo Butler. Por su parte, The Boss coment\u00f3: \u201c<strong>Creo que lo que da un toque cristiano a tu m\u00fasica es que es apocal\u00edptica y la sit\u00faa en un contexto muy religioso, como Roy Orbison<\/strong>\u201d.<\/p>\n<p><img loading=\"lazy\" decoding=\"async\" width=\"1200\" height=\"1200\" src=\"https:\/\/www.europesays.com\/es\/wp-content\/uploads\/2025\/12\/roy-orbison.jpg\" alt=\"Roy Orbison\" class=\"wp-image-653325\"  \/>Roy Orbison.<\/p>\n<p>El rey del apocalipsis rom\u00e1ntico<\/p>\n<p>\u201c<strong>[\u00c9l] es el rey del apocalipsis rom\u00e1ntico. \u00bfC\u00f3mo se titula la canci\u00f3n? \u2018It&#8217;s Over\u2019. No hay nada m\u00e1s apocal\u00edptico. Creo que si el fin de los tiempos est\u00e1 presente en tu m\u00fasica, sea como sea que haya entrado, est\u00e1s inmerso en un mundo espiritual<\/strong>\u201d, afirm\u00f3 Springsteen. Cabe recordar que el fanatismo de Bruce por Orbison era tal que mientras buscaba referencias que lo inspiraran para completar las composiciones de su disco Born to Run, el oriundo de New Jersey se acostaba solo en su cama todas las noches y se pon\u00eda a escuchar el \u00e1lbum Grandes \u00e9xitos de Roy.<\/p>\n<p>\u201cHay rock &amp; roll que refuerza la amistad y la comunidad, pero para m\u00ed, las baladas de Roy siempre fueron mejores cuando estabas solo y a oscuras. Roy desech\u00f3 la idea de que necesitabas verso-estribillo-puente-verso-estribillo para tener un \u00e9xito\u201c, confes\u00f3 Bruce sobre su \u00eddolo. Y agreg\u00f3: \u201cSus arreglos eran complejos y oper\u00edsticos, ten\u00edan ritmo y movimiento y abordaban el reverso del romanticismo pop\u201d. Tambi\u00e9n explic\u00f3 el impacto que tuvo su forma de cantar para su propia interpretaci\u00f3n: \u201cLa verdad es que daba miedo escucharlo. Su voz era sobrenatural\u201c.<\/p>\n","protected":false},"excerpt":{"rendered":"A la hora de hablar sobre canciones cuyo prop\u00f3sito es el de explorar las profundidades del desamor y&hellip;\n","protected":false},"author":2,"featured_media":282352,"comment_status":"","ping_status":"","sticky":false,"template":"","format":"standard","meta":{"footnotes":""},"categories":[170],"tags":[22714,146,147,25,24,184,185,23],"class_list":{"0":"post-282351","1":"post","2":"type-post","3":"status-publish","4":"format-standard","5":"has-post-thumbnail","7":"category-musica","8":"tag-bruce-springsteen","9":"tag-entertainment","10":"tag-entretenimiento","11":"tag-es","12":"tag-espana","13":"tag-music","14":"tag-musica","15":"tag-spain"},"share_on_mastodon":{"url":"https:\/\/pubeurope.com\/@es\/115699369229706875","error":""},"_links":{"self":[{"href":"https:\/\/www.europesays.com\/es\/wp-json\/wp\/v2\/posts\/282351","targetHints":{"allow":["GET"]}}],"collection":[{"href":"https:\/\/www.europesays.com\/es\/wp-json\/wp\/v2\/posts"}],"about":[{"href":"https:\/\/www.europesays.com\/es\/wp-json\/wp\/v2\/types\/post"}],"author":[{"embeddable":true,"href":"https:\/\/www.europesays.com\/es\/wp-json\/wp\/v2\/users\/2"}],"replies":[{"embeddable":true,"href":"https:\/\/www.europesays.com\/es\/wp-json\/wp\/v2\/comments?post=282351"}],"version-history":[{"count":0,"href":"https:\/\/www.europesays.com\/es\/wp-json\/wp\/v2\/posts\/282351\/revisions"}],"wp:featuredmedia":[{"embeddable":true,"href":"https:\/\/www.europesays.com\/es\/wp-json\/wp\/v2\/media\/282352"}],"wp:attachment":[{"href":"https:\/\/www.europesays.com\/es\/wp-json\/wp\/v2\/media?parent=282351"}],"wp:term":[{"taxonomy":"category","embeddable":true,"href":"https:\/\/www.europesays.com\/es\/wp-json\/wp\/v2\/categories?post=282351"},{"taxonomy":"post_tag","embeddable":true,"href":"https:\/\/www.europesays.com\/es\/wp-json\/wp\/v2\/tags?post=282351"}],"curies":[{"name":"wp","href":"https:\/\/api.w.org\/{rel}","templated":true}]}}