{"id":282366,"date":"2025-12-11T06:07:10","date_gmt":"2025-12-11T06:07:10","guid":{"rendered":"https:\/\/www.europesays.com\/es\/282366\/"},"modified":"2025-12-11T06:07:10","modified_gmt":"2025-12-11T06:07:10","slug":"un-empate-que-sabe-a-victoria","status":"publish","type":"post","link":"https:\/\/www.europesays.com\/es\/282366\/","title":{"rendered":"Un empate que sabe a victoria"},"content":{"rendered":"<p class=\"\"><b>El Athletic elev\u00f3 su apuesta, ten\u00eda la pretensi\u00f3n de prolongar ese alarde de poder\u00edo mostrado ante el Atl\u00e9tico cuatro d\u00edas atr\u00e1s nada menos que ante el rey de Europa<\/b>, esa m\u00e1quina de matar que apadrina Luis Enrique. El Arsenal, otro club del rango de este colosal PSG, se llev\u00f3 los puntos de San Mam\u00e9s en el inicio de la Champions y hab\u00eda que sacarse la espina ante otro miembro de la monarqu\u00eda continental. De paso, el playoff seguir\u00eda con vida para los leones. <\/p>\n<p class=\"\">Se logr\u00f3 el prop\u00f3sito con un ejercicio de resistencia \u00e9pica, un empate que sabe a gloria, a algo m\u00e1s que triunfo, aunque en la pr\u00e1ctica las tablas valen para poco porque hay que ganar a Atalanta y Sporting de Portugal para pasar. <b>Con Sim\u00f3n como gal\u00e1n de la velada, por cuatro intervenciones de fen\u00f3meno mundial,<\/b> el equipo de Valverde sujet\u00f3 al monstruo en un final heroico. Llevaba 105 compromisos el PSG, el mayor goleador del campeonato, sin estar presente en un 0-0, pero es que pocas veces se hab\u00eda encontrado con un rival tan f\u00e9rreo. Tuvo posesi\u00f3n, presi\u00f3n y buenas ocasiones, las de m\u00e1s calidad, pero se encontr\u00f3 con un muro. Pocas veces se va uno del estadio en un pulso sin goles con la sensaci\u00f3n de que ha visto un vendaval.<\/p>\n<p class=\"\"><b>El PSG deslumbra, aunque en su actual n\u00f3mina no figure Demb\u00e9l\u00e9<\/b>, un Bal\u00f3n de Oro ahora en la versi\u00f3n dispersa de su etapa barcelonesa. El club, alumbrado hace solo 54 a\u00f1os, anteayer, vaya, ya no es visto como un advenedizo con m\u00e1s petrod\u00f3lares que ra\u00edces entre la gran nomenclatura del f\u00fatbol mundial. La desorbitante inversi\u00f3n catar\u00ed ha convertido su tradicional parque tem\u00e1tico en un ej\u00e9rcito perfectamente acompasado al servicio del comandante Luis Enrique. En la pasarela de Par\u00eds ya no anidan las superestrellas, solo los legionarios de Lucho. Ya tienen 13 puntos en seis partidos, tantos como los que consigui\u00f3 en toda la fase liga de la temporada pasada.<\/p>\n<p class=\"\">Yuri, un viejo rockero, no desenton\u00f3 nada como central zurdo, al contrario, lo hizo bien. Las intenciones de ambos conjuntos quedaron definidas en el suspiro inicial,<b> con la tropa apretando muy alto y unas r\u00e1fagas trepidantes<\/b>. Les gusta apretar alto a ambos conjuntos y a ello se pusieron con el pitido inicial. Lo que pasa es que al Athletic le faltaba decisi\u00f3n tras el robo, no acababa de cre\u00e9rselo ante camisetas de tan alta alcurnia, una fe de la que iba sobrado el campe\u00f3n de Europa. No se prodigaban los protagonistas de ambos conjuntos en el \u00e1rea rival, eso s\u00ed. Hasta que en el minuto 19 Fabi\u00e1n, que es un maestro del escapismo, de la irrupci\u00f3n en el balc\u00f3n enemigo, pis\u00f3 el jard\u00edn de Sim\u00f3n y lanz\u00f3 la pelota alta. Repiti\u00f3 lo mismo en el 37\u2019. Sus incorporaciones eran un trueno. El despliegue franc\u00e9s era como ver a una orquesta perfectamente afinada al abordaje. <\/p>\n<p class=\"\">La presi\u00f3n de Valverde, orientando cada pase del central a los laterales para morderles y que jugaran en largo, sin referencia, porque Mayulu no baja balones a\u00e9reos, y el tres por tres en el medio vigilando a Vitinha eran una genialidad. <b>El Athletic vuelve a ser el que era, trataba de t\u00fa a t\u00fa a esta eminencia, <\/b>plantaba cara a un peso pesado desde su categor\u00eda de peso medio y el partido era una exquisitez. Pero todo depende seg\u00fan el cristal con que se mire. Luis Enrique tambi\u00e9n ten\u00eda su plan: atra\u00eda al enemigo hacia su guarida y sacaba el juego muy r\u00e1pido en busca siempre del lado contrario, de diagonales endiabladas para un hombre que aparec\u00eda solo. En el a\u00f1adido del primer tiempo todo se fue ti\u00f1endo con acento franc\u00e9s. Primero lleg\u00f3 un susto may\u00fasculo, con un tiro de Mayulu que ataj\u00f3 de forma prodigiosa Sim\u00f3n. <\/p>\n<p class=\"\">Luis Enrique cambi\u00f3 de banda a Barcola por Kvaratskhelia, que estaba sufriendo con Areso, y su profundidad dio m\u00e1s espacio a los parisinos en la salida. Ese retoque y las subidas de Nuno Mendes mejoraron ostensiblemente al cuadro visitante y permitieron que los tres del medio tuvieran m\u00e1s metros para pensar en zonas interiores y por fuera. El PSG maneja muchos registros.<b> No le quema el bal\u00f3n cuando saca el juego desde el portero y tampoco tiene reparos en pegar un pelotazo, acelera y frena a capricho. Vitinha es un santo mago.<\/b><\/p>\n<p class=\"\">En la segunda parte meti\u00f3 dos marchas m\u00e1s y su colecci\u00f3n de ocasiones corri\u00f3 paralela a la exhibici\u00f3n de paradones de Sim\u00f3n, el meta al que Luis Enrique proyect\u00f3 como titular indiscutible de La Roja a\u00f1os atr\u00e1s.<b> A la conclusi\u00f3n del choque le dio un abrazo de viejos camaradas. \u201cNo te convoco m\u00e1s\u201d, le brome\u00f3. Cuando los leones perd\u00edan el bal\u00f3n, se descolocaban y ve\u00edan c\u00f3mo el campe\u00f3n de Europa les atacaba con much\u00edsimo personal.<\/b> La tuvo Pacho en una de estas y Barcola la mand\u00f3 al larguero en el minuto 65. No es f\u00e1cil amarrarles porque los jugadores bailan continuamente, ora te atacan con dos, ora con tres, ora con cuatro. Te vuelven loco, no hay referencias a las que arrestar. Igual los hay que no participan en un ataque, pero se involucran todos, hasta los del banquillo. <\/p>\n<p class=\"\">Los leones se estaban agotando en esta misi\u00f3n de zancadillear al coloso. Se apagaron unos focos del estadio durante un instante min\u00fasculo. La met\u00e1fora de lo que pasaba abajo. Los cambios le dieron ox\u00edgeno. La Catedral, con su cuarta mejor entrada de la historia, despert\u00f3 y volvi\u00f3 a rugir como en los mejores tiempos en busca de completar la haza\u00f1a. <b>Entraron Gorosabel, Vesga, Rego, Unai G\u00f3mez y Hierro.<\/b> Nombres que, en la constelaci\u00f3n del Parque de los Pr\u00edncipes ser\u00edan liliputienses. Pero su orgullo y el del resto es inabarcable. Se dejaron el alma. Hay vida. La directiva de Uriarte hab\u00eda presupuestado cinco puntos en Champions, una previsi\u00f3n de ingresos conservadora. Hay que desbordar sus previsiones y volar hacia el sue\u00f1o del playoff.<\/p>\n<p>Noticias relacionadas<a href=\"https:\/\/as.com\/futbol\/champions\/las-cuentas-de-los-equipos-espanoles-en-la-champions-que-necesitan-para-clasificarse-a-octavos-o-al-playoff-f202512-n\/\" class=\"s_m_w\" title=\"Real Madrid y Atleti siguen en el top-8, el Bar\u00e7a lo tiene en el punto de mira y el Athletic sigue vivo. La nota negativa, la eliminaci\u00f3n virtual del Villarreal.\" data-tb-link=\"\" rel=\"nofollow noopener\" target=\"_blank\"><img decoding=\"async\" src=\"https:\/\/www.europesays.com\/es\/wp-content\/uploads\/2025\/12\/WV5PSTRNNNPBDGQICTQHDSKO3M.jpg\" alt=\"Las cuentas de los equipos espa\u00f1oles en la Champions: \u00bfqu\u00e9 necesitan para clasificarse a octavos o al playoff?\" class=\"\" height=\"9\" width=\"16\"   loading=\"lazy\" data-tb-thumbnail=\"\"\/><\/a><a href=\"https:\/\/as.com\/futbol\/champions\/athletic-psg-hoy-en-directo-ultima-hora-de-la-champions-league-en-vivo-f202512-d\/\" class=\"s_m_w\" title=\"El Athletic rasca un punto de oro ante el campe\u00f3n de Europa. El PSG no pudo con un Unai Sim\u00f3n imperial. Barcola estrell\u00f3 un bal\u00f3n en el larguero.\" data-tb-link=\"\" rel=\"nofollow noopener\" target=\"_blank\"><img decoding=\"async\" src=\"https:\/\/www.europesays.com\/es\/wp-content\/uploads\/2025\/12\/SJDBOWIGBZJCPENIHJBPIIH2UE.jpg\" alt=\"Athletic 0 - 0 PSG: resumen y resultado de la Champions League\" class=\"\" height=\"9\" width=\"16\"   loading=\"lazy\" data-tb-thumbnail=\"\"\/><\/a><\/p>\n<p class=\"\">Acaba con satisfacci\u00f3n el tr\u00edptico de alta monta\u00f1a ante Madrid, Atl\u00e9tico y PSG con un triunfo, un empate y una derrota. Ha habido de todo y la sensaci\u00f3n es que el equipo est\u00e1 cerca de su versi\u00f3n plet\u00f3rica de la 2024-25.<b> En Europa se punt\u00faa en dos citas seguidas y no se ha conseguido marcar en los \u00faltimos tres compromisos<\/b> por primera vez en una misma campa\u00f1a europea. Pero la botella hoy se acuesta medio llena en este anochecer ilusionante.<\/p>\n<p class=\"\"><b>\u00a1Tus opiniones importan!<\/b> Comenta en los art\u00edculos y suscr\u00edbete gratis a nuestra <a href=\"https:\/\/asfan.as.com\/newsletters\/\" target=\"_blank\" rel=\"nofollow noopener\" title=\"https:\/\/asfan.as.com\/newsletters\/\">newsletter<\/a> y a las alertas informativas en la <a href=\"https:\/\/as.com\/aplicacion-de-as-n\/\" target=\"_blank\" rel=\"nofollow noopener\" title=\"https:\/\/as.com\/aplicacion-de-as-n\/\">App<\/a> o el canal de <a href=\"https:\/\/www.whatsapp.com\/channel\/0029VaAasdA7j6g745nz9M10\" target=\"_blank\" rel=\"nofollow noopener\" title=\"https:\/\/www.whatsapp.com\/channel\/0029VaAasdA7j6g745nz9M10\">WhatsApp<\/a>. \u00bfBuscas licenciar contenido? Haz clic <a href=\"https:\/\/profesional.elpais.com\/landing-sindicacion?utm_medium=interno&amp;utm_source=crosslinking&amp;utm_campaign=sindicacion_as_pie_articulos\" target=\"_blank\" rel=\"nofollow noopener\" title=\"https:\/\/profesional.elpais.com\/landing-sindicacion?utm_medium=interno&amp;utm_source=crosslinking&amp;utm_campaign=sindicacion_as_pie_articulos\">aqu\u00ed<\/a><\/p>\n<p class=\"stat-tl ev-fw-tl\"><strong>Cambios<\/strong><\/p>\n<p class=\"ev-text-aux\">\n                            <strong>Illia Zabarnyi<\/strong> (45&#8242;, Marquinhos),                             <strong>Unai G\u00f3mez<\/strong> (61&#8242;, Gorka Guruzeta),                             <strong>D\u00e9sir\u00e9 Dou\u00e9<\/strong> (61&#8242;, Senny Mayulu),                             <strong>Andoni Gorosabel<\/strong> (72&#8242;, Jes\u00fas Areso),                             <strong>Asier Hierro<\/strong> (72&#8242;, Oihan Sancet),                             <strong>Alejandro Rego<\/strong> (72&#8242;, Mikel Jauregizar),                             <strong>Mikel Vesga<\/strong> (77&#8242;, \u00cd\u00f1igo Ru\u00edz de Galarreta),                             <strong>Gon\u00e7alo Ramos<\/strong> (77&#8242;, Bradley Barcola)                        <\/p>\n<p class=\"stat-tl ev-fw-tl\"><strong>Tarjetas<\/strong><\/p>\n<p class=\"ev-text-aux\">\n                Arbitro: Daniel Siebert<br \/>Arbitro VAR: Benjamin Brand, Andrew Dallas<br \/><strong>Mikel Jauregizar<\/strong> (26&#8242;,Amarilla),                                     <strong>Warren Za\u00efre-Emery<\/strong> (29&#8242;,Amarilla),                                     <strong>Berenguer<\/strong> (47&#8242;,Amarilla),                                     <strong>Unai G\u00f3mez<\/strong> (92&#8242;,Amarilla)                            <\/p>\n","protected":false},"excerpt":{"rendered":"El Athletic elev\u00f3 su apuesta, ten\u00eda la pretensi\u00f3n de prolongar ese alarde de poder\u00edo mostrado ante el Atl\u00e9tico&hellip;\n","protected":false},"author":2,"featured_media":282367,"comment_status":"","ping_status":"","sticky":false,"template":"","format":"standard","meta":{"footnotes":""},"categories":[268],"tags":[168,25,24,280,282,281,23,167],"class_list":{"0":"post-282366","1":"post","2":"type-post","3":"status-publish","4":"format-standard","5":"has-post-thumbnail","7":"category-futbol","8":"tag-deportes","9":"tag-es","10":"tag-espana","11":"tag-football","12":"tag-futbol","13":"tag-soccer","14":"tag-spain","15":"tag-sports"},"share_on_mastodon":{"url":"https:\/\/pubeurope.com\/@es\/115699440301868665","error":""},"_links":{"self":[{"href":"https:\/\/www.europesays.com\/es\/wp-json\/wp\/v2\/posts\/282366","targetHints":{"allow":["GET"]}}],"collection":[{"href":"https:\/\/www.europesays.com\/es\/wp-json\/wp\/v2\/posts"}],"about":[{"href":"https:\/\/www.europesays.com\/es\/wp-json\/wp\/v2\/types\/post"}],"author":[{"embeddable":true,"href":"https:\/\/www.europesays.com\/es\/wp-json\/wp\/v2\/users\/2"}],"replies":[{"embeddable":true,"href":"https:\/\/www.europesays.com\/es\/wp-json\/wp\/v2\/comments?post=282366"}],"version-history":[{"count":0,"href":"https:\/\/www.europesays.com\/es\/wp-json\/wp\/v2\/posts\/282366\/revisions"}],"wp:featuredmedia":[{"embeddable":true,"href":"https:\/\/www.europesays.com\/es\/wp-json\/wp\/v2\/media\/282367"}],"wp:attachment":[{"href":"https:\/\/www.europesays.com\/es\/wp-json\/wp\/v2\/media?parent=282366"}],"wp:term":[{"taxonomy":"category","embeddable":true,"href":"https:\/\/www.europesays.com\/es\/wp-json\/wp\/v2\/categories?post=282366"},{"taxonomy":"post_tag","embeddable":true,"href":"https:\/\/www.europesays.com\/es\/wp-json\/wp\/v2\/tags?post=282366"}],"curies":[{"name":"wp","href":"https:\/\/api.w.org\/{rel}","templated":true}]}}