{"id":282374,"date":"2025-12-11T06:12:15","date_gmt":"2025-12-11T06:12:15","guid":{"rendered":"https:\/\/www.europesays.com\/es\/282374\/"},"modified":"2025-12-11T06:12:15","modified_gmt":"2025-12-11T06:12:15","slug":"taylor-swift-the-eras-tour","status":"publish","type":"post","link":"https:\/\/www.europesays.com\/es\/282374\/","title":{"rendered":"&#8216;Taylor Swift: The Eras Tour"},"content":{"rendered":"<p class=\"c-paragraph\">La vida de una artista no es f\u00e1cil. Y tampoco especialmente agradecida cuando ni siquiera escuchas el aplauso de tus fieles.<b> The life of a showgirl<\/b>, el \u00faltimo \u00e1lbum de<b> Taylor Swift<\/b>, no ha tenido la respuesta que muchos, incluyendo a la de Pensilvania, esperaban. El silencio administrativo con el que varios incondicionales recibieron The life of a showgirl no encajaba en un mundo, tan pr\u00f3ximo, en el que los cines se llenaron para ver <b><a href=\"https:\/\/www.20minutos.es\/cinemania\/noticias\/taylor-swift-the-eras-tour-pelicula-musical-mas-vista-plataforma-disney-5228830\/\" rel=\"nofollow noopener\" target=\"_blank\">The Eras Tour<\/a><\/b>. Solo en Espa\u00f1a, m\u00e1s de 140.000 personas pasaron por salas para cantar, a pleno pulm\u00f3n durante 10 minutos, All too well.<\/p>\n<p class=\"c-paragraph\">Sin embargo, Taylor Swift, sin lugar a duda la cantante m\u00e1s popular en activo del mundo, no teme perder su puesto en la cima del mundo por un qu\u00edtame all\u00e1 esas cr\u00edticas. Su carrera contin\u00faa y la pr\u00f3xima parada, al menos si nos ce\u00f1imos al t\u00edtulo, es la \u00faltima: <b>Taylor Swift: The Eras Tour- The Final Show<\/b> <b>llega a <a href=\"https:\/\/www.20minutos.es\/cinemania\/series\/mil-golpes-disney-boxeo-hechos-reales-elefantas-5693793\/\" rel=\"nofollow noopener\" target=\"_blank\">Disney+<\/a> este 12 de diciembre.<\/b> En total, se trata de <b>seis episodios<\/b>, el \u00faltimos de los cuales llega al cat\u00e1logo de Disney+ <b>el 26 de diciembre<\/b>, con lo que los swifties tendr\u00e1n que reservarle los mi\u00e9rcoles del \u00faltimo mes del a\u00f1o a su diosa personal.<\/p>\n<p>\u00bfDe qu\u00e9 trata &#8216;The Final Show&#8217;?<\/p>\n<p class=\"c-paragraph\">Pese a tener a sus espaldas uno de los departamentos de marketing m\u00e1s poderosos de la industria, y justamente por ello, Taylor Swift ha sido la encargada de anunciar que <b>The Final Show<\/b> se acerca: \u201cEra el final de una era y todos los sab\u00edamos\u201d, escribi\u00f3 en su Instagram. Por supuesto, la cantante no piensa retirarse a sus 35 a\u00f1os: la era a la que alude es aquella a la que puso final The Eras Tour. Y esta docuserie recoge los momentos entre bastidores de Taylor Swift durante la grabaci\u00f3n de la pel\u00edcula que, en su momento, le dobl\u00f3 el brazo, en taquilla, a<a href=\"https:\/\/www.20minutos.es\/cinemania\/noticias\/martin-scorsese-dicta-sentencia-nosferatu-pelicula-mas-sorprendido-recientemente-5681614\/\" rel=\"nofollow noopener\" target=\"_blank\"> Martin Scorsese<\/a> y su Los asesinos de la luna.<\/p>\n<p class=\"c-paragraph\">\u201cQuer\u00edamos recordar cada uno de los momentos que nos llevaron a la culminaci\u00f3n del cap\u00edtulo m\u00e1s importante e intenso de nuestras vidas, as\u00ed que permitimos a los cineastas que nos siguiesen a lo largo de esta gira y recogiesen con sus c\u00e1maras todas las historias que comenzaron y terminaron con ella. Y rodar The Final Show en su totalidad\u201d, a\u00f1adi\u00f3 Taylor Swift.\u00a0<\/p>\n<p class=\"c-paragraph\">Los proyectos de la actriz, a las puertas de su boda, no se detienen, aunque no se sabe demasiado (o mejor dicho, nada) sobre ellos. El secretismo como pre\u00e1mbulo al estallido medi\u00e1tico forma parte de la \u00e9tica laboral de Taylor Swift, una cantante que no ha dejado de ser noticia desde que, a los 14 a\u00f1os, firm\u00f3 un contrato con Sony. Tampoco ha detenido su actividad a lo largo de estas dos d\u00e9cadas. Es l\u00f3gico: Swift significa Vencejo y estas aves ni siquiera dejan de volar para dormir.\u00a0 \u00a0<\/p>\n<p class=\"c-paragraph\">\u00a0\u00a0\u00a0<\/p>\n","protected":false},"excerpt":{"rendered":"La vida de una artista no es f\u00e1cil. Y tampoco especialmente agradecida cuando ni siquiera escuchas el aplauso&hellip;\n","protected":false},"author":2,"featured_media":282375,"comment_status":"","ping_status":"","sticky":false,"template":"","format":"standard","meta":{"footnotes":""},"categories":[170],"tags":[182,146,147,25,24,184,185,267,23,6879,3945],"class_list":{"0":"post-282374","1":"post","2":"type-post","3":"status-publish","4":"format-standard","5":"has-post-thumbnail","7":"category-musica","8":"tag-disney-espana","9":"tag-entertainment","10":"tag-entretenimiento","11":"tag-es","12":"tag-espana","13":"tag-music","14":"tag-musica","15":"tag-planseo","16":"tag-spain","17":"tag-streaming","18":"tag-taylor-swift"},"share_on_mastodon":{"url":"https:\/\/pubeurope.com\/@es\/115699459580703958","error":""},"_links":{"self":[{"href":"https:\/\/www.europesays.com\/es\/wp-json\/wp\/v2\/posts\/282374","targetHints":{"allow":["GET"]}}],"collection":[{"href":"https:\/\/www.europesays.com\/es\/wp-json\/wp\/v2\/posts"}],"about":[{"href":"https:\/\/www.europesays.com\/es\/wp-json\/wp\/v2\/types\/post"}],"author":[{"embeddable":true,"href":"https:\/\/www.europesays.com\/es\/wp-json\/wp\/v2\/users\/2"}],"replies":[{"embeddable":true,"href":"https:\/\/www.europesays.com\/es\/wp-json\/wp\/v2\/comments?post=282374"}],"version-history":[{"count":0,"href":"https:\/\/www.europesays.com\/es\/wp-json\/wp\/v2\/posts\/282374\/revisions"}],"wp:featuredmedia":[{"embeddable":true,"href":"https:\/\/www.europesays.com\/es\/wp-json\/wp\/v2\/media\/282375"}],"wp:attachment":[{"href":"https:\/\/www.europesays.com\/es\/wp-json\/wp\/v2\/media?parent=282374"}],"wp:term":[{"taxonomy":"category","embeddable":true,"href":"https:\/\/www.europesays.com\/es\/wp-json\/wp\/v2\/categories?post=282374"},{"taxonomy":"post_tag","embeddable":true,"href":"https:\/\/www.europesays.com\/es\/wp-json\/wp\/v2\/tags?post=282374"}],"curies":[{"name":"wp","href":"https:\/\/api.w.org\/{rel}","templated":true}]}}