{"id":282420,"date":"2025-12-11T06:55:11","date_gmt":"2025-12-11T06:55:11","guid":{"rendered":"https:\/\/www.europesays.com\/es\/282420\/"},"modified":"2025-12-11T06:55:11","modified_gmt":"2025-12-11T06:55:11","slug":"elena-furiase-todas-las-mujeres-flores-empezando-por-mi-bisabuela-rosario-o-mi-abuela-lola-han-llevado-la-voz-cantante-pero-tambien-estuvieron-siempre-muy-unidas-a-sus-hombres","status":"publish","type":"post","link":"https:\/\/www.europesays.com\/es\/282420\/","title":{"rendered":"Elena Furiase: \u201cTodas las mujeres Flores, empezando por mi bisabuela Rosario o mi abuela Lola, han llevado la voz cantante, pero tambi\u00e9n estuvieron siempre muy unidas a sus hombres\u201d"},"content":{"rendered":"<p><strong>Dice que de ni\u00f1a no quer\u00eda ser actriz. \u00bfEn qu\u00e9 momento vio que eso ser\u00eda su camino?<\/strong><\/p>\n<p>Cuando empec\u00e9 a hacer teatro en el colegio a los 13 a\u00f1os. Comenc\u00e9 con Ainhoa Amestoy, que hoy es directora de teatro, y en ese momento lo hice por hacer en el colegio. Pero es verdad que en mi casa yo siempre estaba actuando, invent\u00e1ndome entrevistas e historias. Mi madre cuando yo le dec\u00eda que quer\u00eda ser esp\u00eda o ama de casa me dec\u00eda: \u201c\u00a1Pero si t\u00fa eres artista!\u201d. Y yo: \u201cQue va, que va, yo paso de eso\u201d. Creo que era una autonegaci\u00f3n por no querer ese foco medi\u00e1tico y querer vivir en mi casa, con mis hijos y que me dejaran en paz (risas). Pero al final, cuando la vena te sale, te sale y cuando el gusanillo te toca, es muy dif\u00edcil hacerlo callar.<\/p>\n<p><strong>Los Gonz\u00e1lez-Flores son una familia muy unida, como adem\u00e1s hemos visto ahora con el estreno de <a href=\"https:\/\/www.revistavanityfair.es\/articulos\/ana-villa-el-gran-impulso-en-la-sombra-para-alba-flores-a-la-hora-de-contar-la-vida-de-su-padre-de-la-sanacion-a-vivir-juntas-las-cosas-mas-bonitas-de-su-vida-gracias-al-documental\" rel=\"nofollow noopener\" target=\"_blank\">Flores para Antonio<\/a>. \u00a1Qu\u00e9 bonito ha sido verlos juntos a todos!<\/strong><\/p>\n<p>F\u00edjate que creo que ha sido bonito para el p\u00fablico vernos juntos, pero tambi\u00e9n para nosotros mismos porque estamos juntos de puertas para adentro como cualquier familia normal, pero vernos juntos ante el p\u00fablico en algo tan potente como presentar el documental de Alba, para nosotros fue un momento muy emocionante. No es lo mismo vivir con la familia sin que se entere nadie que de pronto ponernos ah\u00ed todos juntos y ver al p\u00fablico vibrar con nosotros. Ha sido muy emocionante. A nosotros mostrarnos juntos ante la gente es algo muy potente porque no lo solemos hacer.<\/p>\n<p><strong>Supongo que el trabajo que ha hecho su prima <a href=\"https:\/\/www.revistavanityfair.es\/articulos\/alba-flores-vida-personal-edad-familia-antonio-madre-ana-villa\" rel=\"nofollow noopener\" target=\"_blank\">Alba Flores<\/a> le ha emocionado mucho\u2026.<\/strong><\/p>\n<p>Much\u00edsimo. La pel\u00edcula es muy dolorosa pero tambi\u00e9n es muy sanadora. Creo que est\u00e1 hecha con una elegancia, una sensibilidad y con una verdad que es un regalo para todos nosotros y para el p\u00fablico. Alba es brutal.<\/p>\n<p><strong>Son una familia de grandes mujeres, mujerones, dir\u00eda yo. \u00bfQu\u00e9 es lo que siempre lleva usted grabado a fuego que ha aprendido de ellas?<\/strong><\/p>\n<p>Creo que es nuestra forma de vivir, est\u00e1 en el ADN. Ellas en ning\u00fan momento te dicen: \u201cImponte ante tu marido, t\u00fa eres la que manda en casa, las mujeres Flores tienen que ser as\u00ed\u201d. Creo que es m\u00e1s algo que viene desde mi bisabuela Rosario, la madre de <a href=\"https:\/\/www.revistavanityfair.es\/cultura\/galerias\/lola-flores-estilo-vestidos-joyas-maquillaje\/12835\" rel=\"nofollow noopener\" target=\"_blank\">mi abuela Lola<\/a>, que siempre han sido mujeres con mucha personalidad. Tambi\u00e9n ellas han estado siempre muy unidas a sus hombres. Imag\u00ednate que mi abuela, a pesar de estar separada de mi abuelo, sigui\u00f3 viviendo con \u00e9l hasta el final, en ning\u00fan momento quisieron dejar de vivir juntos. Pero han sido mujeres que han llevado la voz cantante. Sobre todo de puertas para afuera. Luego en casa siempre se ha pedido la opini\u00f3n de los hombres, lo que queremos es estar en igualdad de derechos siempre. Hemos tenido la suerte de ser mujeres que no nos han callado y siempre hemos podido hacer lo que nos ha dado la gana, sin tener a un hombre detr\u00e1s dici\u00e9ndonos si esto est\u00e1 bien o mal. Empezando por mi abuelo, que para su \u00e9poca y siendo gitano en esos a\u00f1os, era un hombre muy tolerante y con una mente abierta, muy inteligente. Creo que hemos aprendido mucho de las mujeres de nuestra familia, pero tambi\u00e9n de los hombres. Hemos tenido mucha suerte.<\/p>\n","protected":false},"excerpt":{"rendered":"Dice que de ni\u00f1a no quer\u00eda ser actriz. \u00bfEn qu\u00e9 momento vio que eso ser\u00eda su camino? Cuando&hellip;\n","protected":false},"author":2,"featured_media":282421,"comment_status":"","ping_status":"","sticky":false,"template":"","format":"standard","meta":{"footnotes":""},"categories":[174],"tags":[37076,255,13524,146,147,2958,25,24,256,38856,805,23],"class_list":{"0":"post-282420","1":"post","2":"type-post","3":"status-publish","4":"format-standard","5":"has-post-thumbnail","7":"category-famosos","8":"tag-alba-flores","9":"tag-celebrities","10":"tag-elena-furiase","11":"tag-entertainment","12":"tag-entretenimiento","13":"tag-entrevistas","14":"tag-es","15":"tag-espana","16":"tag-famosos","17":"tag-lola-flores","18":"tag-series","19":"tag-spain"},"share_on_mastodon":{"url":"https:\/\/pubeurope.com\/@es\/115699628426560032","error":""},"_links":{"self":[{"href":"https:\/\/www.europesays.com\/es\/wp-json\/wp\/v2\/posts\/282420","targetHints":{"allow":["GET"]}}],"collection":[{"href":"https:\/\/www.europesays.com\/es\/wp-json\/wp\/v2\/posts"}],"about":[{"href":"https:\/\/www.europesays.com\/es\/wp-json\/wp\/v2\/types\/post"}],"author":[{"embeddable":true,"href":"https:\/\/www.europesays.com\/es\/wp-json\/wp\/v2\/users\/2"}],"replies":[{"embeddable":true,"href":"https:\/\/www.europesays.com\/es\/wp-json\/wp\/v2\/comments?post=282420"}],"version-history":[{"count":0,"href":"https:\/\/www.europesays.com\/es\/wp-json\/wp\/v2\/posts\/282420\/revisions"}],"wp:featuredmedia":[{"embeddable":true,"href":"https:\/\/www.europesays.com\/es\/wp-json\/wp\/v2\/media\/282421"}],"wp:attachment":[{"href":"https:\/\/www.europesays.com\/es\/wp-json\/wp\/v2\/media?parent=282420"}],"wp:term":[{"taxonomy":"category","embeddable":true,"href":"https:\/\/www.europesays.com\/es\/wp-json\/wp\/v2\/categories?post=282420"},{"taxonomy":"post_tag","embeddable":true,"href":"https:\/\/www.europesays.com\/es\/wp-json\/wp\/v2\/tags?post=282420"}],"curies":[{"name":"wp","href":"https:\/\/api.w.org\/{rel}","templated":true}]}}