{"id":282424,"date":"2025-12-11T06:58:10","date_gmt":"2025-12-11T06:58:10","guid":{"rendered":"https:\/\/www.europesays.com\/es\/282424\/"},"modified":"2025-12-11T06:58:10","modified_gmt":"2025-12-11T06:58:10","slug":"asi-sera-el-gran-hermano-fiscal-que-sanchez-impondra-en-2027","status":"publish","type":"post","link":"https:\/\/www.europesays.com\/es\/282424\/","title":{"rendered":"As\u00ed ser\u00e1 el Gran Hermano fiscal que S\u00e1nchez impondr\u00e1 en 2027"},"content":{"rendered":"<p>Hacienda cede&#8230; por ahora. El Ministerio que dirige<strong> <a href=\"https:\/\/www.libertaddigital.com\/personajes\/maria-jesus-montero\/\" rel=\"nofollow noopener\" target=\"_blank\">Mar\u00eda Jes\u00fas Montero<\/a> <\/strong>ha decidido <strong>retrasar un a\u00f1o la entrada en vigor del nuevo sistema de verificaci\u00f3n de facturas Verifactu<\/strong>. Su implantaci\u00f3n iba a entrar en vigor el pr\u00f3ximo 1 de enero para las empresas del pa\u00eds que pagan el Impuesto de Sociedades y<strong> el pr\u00f3ximo 1 de julio en el caso de los aut\u00f3nomos.<\/strong><\/p>\n<p>Con esta herramienta, Hacienda pretende <strong>controlar la mayor\u00eda de las facturas que se emiten en Espa\u00f1a de forma exhaustiva y en tiempo real.<\/strong> Este <strong>cerco sin precedentes a la actividad empresarial nacional comenz\u00f3 en el Pa\u00eds Vasco<\/strong> en el a\u00f1o 2022, con el llamado <a href=\"https:\/\/www.euskadi.eus\/ticketbai\" rel=\"nofollow noreferrer noopener\" target=\"_blank\">Ticketbai<\/a>, y<strong> no tardar\u00eda en extenderse por toda Espa\u00f1a.<\/strong><\/p>\n<p>Desde el Gobierno han dicho: \u00abCon el Real Decreto-ley se ha decidido efectuar una nueva ampliaci\u00f3n del plazo de exigibilidad, algo motivado tanto por la necesaria adecuaci\u00f3n de los sistemas inform\u00e1ticos de facturaci\u00f3n como para garantizar una implantaci\u00f3n ordenada y homog\u00e9nea en el conjunto del tejido empresarial. As\u00ed, se les da mayor margen y plazo para adaptarse al nuevo sistema\u00bb.<\/p>\n","protected":false},"excerpt":{"rendered":"Hacienda cede&#8230; por ahora. El Ministerio que dirige Mar\u00eda Jes\u00fas Montero ha decidido retrasar un a\u00f1o la entrada&hellip;\n","protected":false},"author":2,"featured_media":282425,"comment_status":"","ping_status":"","sticky":false,"template":"","format":"standard","meta":{"footnotes":""},"categories":[171],"tags":[20369,68354,68355,68356,146,147,25,24,2959,23,214,57732],"class_list":{"0":"post-282424","1":"post","2":"type-post","3":"status-publish","4":"format-standard","5":"has-post-thumbnail","7":"category-tv","8":"tag-carlos-cuesta","9":"tag-carloscuesta","10":"tag-con-espana-a-cuesta","11":"tag-el-programa-de-cuesta","12":"tag-entertainment","13":"tag-entretenimiento","14":"tag-es","15":"tag-espana","16":"tag-pedro-sanchez","17":"tag-spain","18":"tag-tv","19":"tag-verifactu"},"share_on_mastodon":{"url":"https:\/\/pubeurope.com\/@es\/115699640263187694","error":""},"_links":{"self":[{"href":"https:\/\/www.europesays.com\/es\/wp-json\/wp\/v2\/posts\/282424","targetHints":{"allow":["GET"]}}],"collection":[{"href":"https:\/\/www.europesays.com\/es\/wp-json\/wp\/v2\/posts"}],"about":[{"href":"https:\/\/www.europesays.com\/es\/wp-json\/wp\/v2\/types\/post"}],"author":[{"embeddable":true,"href":"https:\/\/www.europesays.com\/es\/wp-json\/wp\/v2\/users\/2"}],"replies":[{"embeddable":true,"href":"https:\/\/www.europesays.com\/es\/wp-json\/wp\/v2\/comments?post=282424"}],"version-history":[{"count":0,"href":"https:\/\/www.europesays.com\/es\/wp-json\/wp\/v2\/posts\/282424\/revisions"}],"wp:featuredmedia":[{"embeddable":true,"href":"https:\/\/www.europesays.com\/es\/wp-json\/wp\/v2\/media\/282425"}],"wp:attachment":[{"href":"https:\/\/www.europesays.com\/es\/wp-json\/wp\/v2\/media?parent=282424"}],"wp:term":[{"taxonomy":"category","embeddable":true,"href":"https:\/\/www.europesays.com\/es\/wp-json\/wp\/v2\/categories?post=282424"},{"taxonomy":"post_tag","embeddable":true,"href":"https:\/\/www.europesays.com\/es\/wp-json\/wp\/v2\/tags?post=282424"}],"curies":[{"name":"wp","href":"https:\/\/api.w.org\/{rel}","templated":true}]}}