{"id":282426,"date":"2025-12-11T06:59:21","date_gmt":"2025-12-11T06:59:21","guid":{"rendered":"https:\/\/www.europesays.com\/es\/282426\/"},"modified":"2025-12-11T06:59:21","modified_gmt":"2025-12-11T06:59:21","slug":"las-guerreras-k-pop-se-llevan-otro-premio-historico-con-uno-de-los-mayores-reconocimientos-de-la-revista-time","status":"publish","type":"post","link":"https:\/\/www.europesays.com\/es\/282426\/","title":{"rendered":"Las guerreras k-pop se llevan otro premio hist\u00f3rico con uno de los mayores reconocimientos de la revista TIME"},"content":{"rendered":"<p class=\"c-paragraph\">Todav\u00eda hay gente a la que le choca ver tantas noticias de <a href=\"https:\/\/www.hobbyconsolas.com\/hobbycine\/las-guerreras-k-pop-cuenta-con-una-oscura-teoria-fan-que-acaba-hacerse-canon_6905173_0.html\" title=\"Las guerreras k-pop cuenta con una oscura teor\u00eda fan que acaba de hacerse canon\" rel=\"nofollow noopener\" target=\"_blank\">Las guerreras k-pop<\/a>, pensando que se le est\u00e1 dando demasiado ruido en ciertos medios, pero que, en realidad, la pel\u00edcula de <a href=\"https:\/\/www.hobbyconsolas.com\/reportajes\/netflix-espana-planes-precio-compartir-cuenta-catalogo-1150345\" rel=\"nofollow noopener\" target=\"_blank\">Netflix <\/a>no ha hecho tanto ruido. Bueno, no muchas pel\u00edculas de animaci\u00f3n tienen el privilegio de recibir uno de los mayores honores de <b>TIME<\/b>.<\/p>\n<p class=\"c-paragraph\">La hist\u00f3rica publicaci\u00f3n, bien conocida por esos famosos nombramientos de la \u00abPersona del a\u00f1o\u00bb, tambi\u00e9n tiene otras categor\u00edas que se conceden, o no, con car\u00e1cter anual. Una de ellas es la del Artista revelaci\u00f3n del a\u00f1o, que comenz\u00f3 a concederse en 2022, aunque en 2024 no se entreg\u00f3. La cantante country\u00a0<b>Mickey Guyton<\/b> y el actor\u00a0<b>Alex Newell<\/b> fueron los anteriores receptores del reconocimiento.<\/p>\n<p>Movistar Plus+ por 9,99\u20ac con f\u00fatbol, series y cine<\/p>\n<p><img decoding=\"async\" loading=\"lazy\" alt=\"Movistar Plus+\" width=\"640\" height=\"533\" src=\"https:\/\/www.europesays.com\/es\/wp-content\/uploads\/2025\/11\/690349e592402.jpeg\"\/><\/p>\n<p class=\"c-passport__description\">Seas de la operadora que seas, puedes ver series, pel\u00edculas y f\u00fatbol en Movistar Plus+ por 9,99\u20ac al mes y sin permanencia.<\/p>\n<p class=\"c-paragraph\">2025 es el a\u00f1o en que las <b>HUNTR\/X<\/b> recibir\u00e1n este honor por parte de la revista TIME en reconocimiento al impacto que ha supuesto la pel\u00edcula de animaci\u00f3n que <b>Sony Pictures<\/b> llev\u00f3 a Netflix como parte de su acuerdo con la plataforma roja.<\/p>\n<p class=\"c-paragraph\">Desde su estreno a finales de junio, Las guerreras k-pop se ha erigido no solo como la pel\u00edcula m\u00e1s vista en la historia de Netflix, con amplio margen sobre la segunda, sino que sus canciones se han convertido en fen\u00f3menos pop por derecho propio y disfrutado de altas posiciones en las principales listas de \u00e9xito del planeta.<\/p>\n<p>Las guerreras k-pop es m\u00e1s que una pel\u00edcula: es un fen\u00f3meno<\/p>\n<p class=\"c-paragraph\">Con una secuela ya confirmada por parte de Sony y Netflix, y una creciente franquicia que <a href=\"https:\/\/www.hobbyconsolas.com\/hobbycine\/mattel-no-pierden-tiempo-presentan-su-primera-linea-las-guerreras-k-pop-con-munecas-estilo-barbie_6881310_0.html\" title=\"En Mattel no pierden el tiempo y presentan su primera l\u00ednea de Las guerreras k-pop, con mu\u00f1ecas al estilo Barbie\" rel=\"nofollow noopener\" target=\"_blank\">se apresura a llenar las tiendas de productos estas Navidades<\/a> ante un \u00e9xito que ni ellos mismos esperaban.<\/p>\n<p class=\"c-paragraph\">TIME se suma oficialmente a la lista de logros de Las guerreras k-pop, que tambi\u00e9n acaba de recibir <a href=\"https:\/\/www.hobbyconsolas.com\/hobbycine\/lista-nominados-los-globos-oro-2026_6907815_0.html\" title=\"Lista de nominados a los Globos de Oro 2026: Una batalla tras otra y The White Lotus son lo m\u00e1s destacado en cine y series\" rel=\"nofollow noopener\" target=\"_blank\">tres nominaciones a los Globos de Oro<\/a>.<\/p>\n<p class=\"c-paragraph\">Para conmemorar este logro, Sony Pictures ha realizado una nueva imagen de <b>Rumi, Mira y Zoey<\/b>, las integrantes de las HUNTR\/X, para que TIME la utilice como portada del n\u00famero del 29 de diciembre en el que se concentrar\u00e1n los honores concedidos este a\u00f1o. La persona del a\u00f1o se revelar\u00e1 ma\u00f1ana.<\/p>\n<p class=\"c-paragraph\">El impacto cultural de la pel\u00edcula es el principal motivador de este logro y tiene mayor alcance, todo sea dicho, del que tuvieron los dos anteriores receptores del reconocimiento, gracias en parte al altavoz que supone Netflix.<\/p>\n<p class=\"c-paragraph\">La cosa pinta bien para la pel\u00edcula de Netflix, que en poco m\u00e1s de un mes sabr\u00e1 si se ha llevado uno de esos Globos de Oro a los que opta y, un poco m\u00e1s tarde, se sabr\u00e1 en qu\u00e9 categor\u00edas de los Premios \u00d3scar ha sido nominada.<\/p>\n<p class=\"c-paragraph\"><b>Las guerreras k-pop<\/b> va m\u00e1s all\u00e1 del alcance de la mayor\u00eda de pel\u00edculas de animaci\u00f3n, pero es un misterio discernir cu\u00e1ndo tocar\u00e1 techo este fen\u00f3meno imparable.<\/p>\n","protected":false},"excerpt":{"rendered":"Todav\u00eda hay gente a la que le choca ver tantas noticias de Las guerreras k-pop, pensando que se&hellip;\n","protected":false},"author":2,"featured_media":282427,"comment_status":"","ping_status":"","sticky":false,"template":"","format":"standard","meta":{"footnotes":""},"categories":[170],"tags":[146,147,25,24,3367,10648,4207,184,185,6765,7745,23],"class_list":{"0":"post-282426","1":"post","2":"type-post","3":"status-publish","4":"format-standard","5":"has-post-thumbnail","7":"category-musica","8":"tag-entertainment","9":"tag-entretenimiento","10":"tag-es","11":"tag-espana","12":"tag-guerreras","13":"tag-k","14":"tag-las","15":"tag-music","16":"tag-musica","17":"tag-pop","18":"tag-se","19":"tag-spain"},"share_on_mastodon":{"url":"https:\/\/pubeurope.com\/@es\/115699644945901964","error":""},"_links":{"self":[{"href":"https:\/\/www.europesays.com\/es\/wp-json\/wp\/v2\/posts\/282426","targetHints":{"allow":["GET"]}}],"collection":[{"href":"https:\/\/www.europesays.com\/es\/wp-json\/wp\/v2\/posts"}],"about":[{"href":"https:\/\/www.europesays.com\/es\/wp-json\/wp\/v2\/types\/post"}],"author":[{"embeddable":true,"href":"https:\/\/www.europesays.com\/es\/wp-json\/wp\/v2\/users\/2"}],"replies":[{"embeddable":true,"href":"https:\/\/www.europesays.com\/es\/wp-json\/wp\/v2\/comments?post=282426"}],"version-history":[{"count":0,"href":"https:\/\/www.europesays.com\/es\/wp-json\/wp\/v2\/posts\/282426\/revisions"}],"wp:featuredmedia":[{"embeddable":true,"href":"https:\/\/www.europesays.com\/es\/wp-json\/wp\/v2\/media\/282427"}],"wp:attachment":[{"href":"https:\/\/www.europesays.com\/es\/wp-json\/wp\/v2\/media?parent=282426"}],"wp:term":[{"taxonomy":"category","embeddable":true,"href":"https:\/\/www.europesays.com\/es\/wp-json\/wp\/v2\/categories?post=282426"},{"taxonomy":"post_tag","embeddable":true,"href":"https:\/\/www.europesays.com\/es\/wp-json\/wp\/v2\/tags?post=282426"}],"curies":[{"name":"wp","href":"https:\/\/api.w.org\/{rel}","templated":true}]}}