{"id":282462,"date":"2025-12-11T07:31:17","date_gmt":"2025-12-11T07:31:17","guid":{"rendered":"https:\/\/www.europesays.com\/es\/282462\/"},"modified":"2025-12-11T07:31:17","modified_gmt":"2025-12-11T07:31:17","slug":"sira-rego-ve-urgente-aprobar-la-ampliacion-de-la-ley-de-proteccion-de-la-infancia-para-reforzar-la-prevencion-y-la-reparacion","status":"publish","type":"post","link":"https:\/\/www.europesays.com\/es\/282462\/","title":{"rendered":"Sira Rego ve \u00aburgente\u00bb aprobar la ampliaci\u00f3n de la Ley de Protecci\u00f3n de la Infancia para \u00abreforzar la prevenci\u00f3n y la reparaci\u00f3n\u00bb"},"content":{"rendered":"<p class=\"main-image\">&#13; <img decoding=\"async\" alt=\"La ministra de Juventud e Infancia, Sira Rego, durante su comparecencia en la Comisi\u00f3n de Juventud e Infancia del Congreso\" title=\"La ministra de Juventud e Infancia, Sira Rego, durante su comparecencia en la Comisi\u00f3n de Juventud e Infancia del Congreso\" src=\"https:\/\/www.europesays.com\/es\/wp-content\/uploads\/2025\/12\/101225-rego-ampliacion-lopivi.jpg\"\/>&#13;La ministra de Juventud e Infancia, Sira Rego, durante su comparecencia en la Comisi\u00f3n de Juventud e Infancia del Congreso de los Diputados.&#13;&#13;<\/p>\n<p>La ministra de Juventud e Infancia, Sira Rego, ha se\u00f1alado como \u00aburgente\u00bb la aprobaci\u00f3n de la ampliaci\u00f3n de la Ley de Protecci\u00f3n Integral a la Infancia y la Adolescencia contra la Violencia (Lopivi), con el prop\u00f3sito de \u00abreforzar la prevenci\u00f3n de estas violencias y el acompa\u00f1amiento y la reparaci\u00f3n de los ni\u00f1os, ni\u00f1as y adolescentes que sufren cualquier tipo de violencia\u00bb.<\/p>\n<p>Durante su comparecencia en la Comisi\u00f3n de Juventud e Infancia del Congreso de los Diputados, la ministra Rego ha confirmado que su departamento ya tiene \u00ablisto\u00bb el texto para ampliar esta ley, por lo que est\u00e1 a la espera de \u00ablas aportaciones finales del Ministerio de Presidencia, Justicia y Relaciones con las Cortes\u00bb. En este sentido, Rego ha subrayado la necesidad de que el texto pase por Consejo de Ministros en las pr\u00f3ximas semanas.<\/p>\n<p>La titular de Juventud e Infancia ha recordado que la propuesta de su ministerio \u00abelimina el l\u00edmite de 12 a\u00f1os para que las personas menores de edad sean escuchadas de manera obligatoria en los procesos que les afecten\u00bb. Adem\u00e1s, seg\u00fan Rego, \u00abtenemos la responsabilidad de romper el silencio que, durante a\u00f1os, ha confinado la violencia en el \u00e1mbito privado, ocult\u00e1ndola detr\u00e1s de las puertas de las casas como si no fuera un asunto p\u00fablico\u00bb.<\/p>\n<p>En esta l\u00ednea, la ministra Rego ha se\u00f1alado que la Encuesta &#8216;Prevalencia de la violencia contra la infancia y la adolescencia en Espa\u00f1a&#8217;, publicada recientemente por el ministerio, constata que \u00abla violencia no es una suma de casos, sino una estructura cultural que se transmite en las rutinas, en las relaciones, y, a veces, incluso en las instituciones\u00bb. Por eso, seg\u00fan Rego, uno de los aspectos fundamentales de esta norma, \u00abque ser\u00e1 pionera a nivel internacional\u00bb, recae en \u00abel reconocimiento de la violencia institucional, de modo que toda omisi\u00f3n, retraso o pr\u00e1ctica que comprometa la protecci\u00f3n de las personas menores de edad sea identificada, investigada y reparada\u00bb.<\/p>\n<p>Asimismo, Rego ha destacado que la ampliaci\u00f3n de la Lopivi recoge garant\u00edas para el derecho a la reparaci\u00f3n de las personas menores de edad que han sido v\u00edctimas de violencia sexual, ya que \u00abser\u00e1n titulares plenos del Estatuto de la V\u00edctima\u00bb.<\/p>\n<p>Del mismo modo, el texto propone la creaci\u00f3n de una Comisi\u00f3n de Reconocimiento de v\u00edctimas de violencia sexual, principalmente por parte de instituciones p\u00fablicas (como centros educativos o residencias) y privadas (como congregaciones religiosas, clubes deportivos o entidades sociales).<\/p>\n<p>Seg\u00fan ha indicado Rego, tambi\u00e9n \u00abse ampl\u00eda en diez a\u00f1os la prescripci\u00f3n de los delitos sexuales contra la infancia, de modo que el plazo de prescripci\u00f3n, que a d\u00eda de hoy empieza a contar cuando la v\u00edctima cumple 35 a\u00f1os, no lo har\u00e1 hasta que se cumpla 45\u00bb.<\/p>\n<p>Adem\u00e1s, la ampliaci\u00f3n de la Lopivi contempla la incorporaci\u00f3n de la violencia de g\u00e9nero al listado de delitos que impiden el ejercicio de profesiones, oficios y actividades que impliquen contacto habitual con personas menores de edad.<\/p>\n<p>En \u00faltima instancia, la ministra de Juventud e Infancia ha apuntado a la formaci\u00f3n obligatoria y especializada que contempla la ley para todas las profesionales que trabajan con infancia (educaci\u00f3n, sanidad, servicios sociales, justicia o Fuerzas y Cuerpos de seguridad del Estado), \u00abcon el fin de garantizar la detecci\u00f3n precoz, una intervenci\u00f3n adecuada, la comprensi\u00f3n del trauma o evitar la revictimizaci\u00f3n\u00bb.<\/p>\n","protected":false},"excerpt":{"rendered":"&#13; &#13;La ministra de Juventud e Infancia, Sira Rego, durante su comparecencia en la Comisi\u00f3n de Juventud e&hellip;\n","protected":false},"author":2,"featured_media":282463,"comment_status":"","ping_status":"","sticky":false,"template":"","format":"standard","meta":{"footnotes":""},"categories":[5],"tags":[517,17,18,25,24,13,14,11,59262,19,20,9,10,15,16,2330,23,12,21,22],"class_list":{"0":"post-282462","1":"post","2":"type-post","3":"status-publish","4":"format-standard","5":"has-post-thumbnail","7":"category-titulares","8":"tag-actualidad","9":"tag-breaking-news","10":"tag-breakingnews","11":"tag-es","12":"tag-espana","13":"tag-featured-news","14":"tag-featurednews","15":"tag-headlines","16":"tag-juventud-e-infancia","17":"tag-latest-news","18":"tag-latestnews","19":"tag-news","20":"tag-noticias","21":"tag-noticias-destacadas","22":"tag-noticiasdestacadas","23":"tag-prensa","24":"tag-spain","25":"tag-titulares","26":"tag-ultimas-noticias","27":"tag-ultimasnoticias"},"share_on_mastodon":{"url":"https:\/\/pubeurope.com\/@es\/115699770441713387","error":""},"_links":{"self":[{"href":"https:\/\/www.europesays.com\/es\/wp-json\/wp\/v2\/posts\/282462","targetHints":{"allow":["GET"]}}],"collection":[{"href":"https:\/\/www.europesays.com\/es\/wp-json\/wp\/v2\/posts"}],"about":[{"href":"https:\/\/www.europesays.com\/es\/wp-json\/wp\/v2\/types\/post"}],"author":[{"embeddable":true,"href":"https:\/\/www.europesays.com\/es\/wp-json\/wp\/v2\/users\/2"}],"replies":[{"embeddable":true,"href":"https:\/\/www.europesays.com\/es\/wp-json\/wp\/v2\/comments?post=282462"}],"version-history":[{"count":0,"href":"https:\/\/www.europesays.com\/es\/wp-json\/wp\/v2\/posts\/282462\/revisions"}],"wp:featuredmedia":[{"embeddable":true,"href":"https:\/\/www.europesays.com\/es\/wp-json\/wp\/v2\/media\/282463"}],"wp:attachment":[{"href":"https:\/\/www.europesays.com\/es\/wp-json\/wp\/v2\/media?parent=282462"}],"wp:term":[{"taxonomy":"category","embeddable":true,"href":"https:\/\/www.europesays.com\/es\/wp-json\/wp\/v2\/categories?post=282462"},{"taxonomy":"post_tag","embeddable":true,"href":"https:\/\/www.europesays.com\/es\/wp-json\/wp\/v2\/tags?post=282462"}],"curies":[{"name":"wp","href":"https:\/\/api.w.org\/{rel}","templated":true}]}}