{"id":282466,"date":"2025-12-11T07:40:10","date_gmt":"2025-12-11T07:40:10","guid":{"rendered":"https:\/\/www.europesays.com\/es\/282466\/"},"modified":"2025-12-11T07:40:10","modified_gmt":"2025-12-11T07:40:10","slug":"luis-enrique-a-simon-al-acabar-el-partido-vaya-hombre-tienes-que-hacer-el-mejor-partido-contra-mi","status":"publish","type":"post","link":"https:\/\/www.europesays.com\/es\/282466\/","title":{"rendered":"Luis Enrique a Sim\u00f3n al acabar el partido: \u00abVaya, hombre, tienes que hacer el mejor partido contra m\u00ed\u00bb"},"content":{"rendered":"<p>Luis Enrique lo ten\u00eda claro. Unai Sim\u00f3n fue el jugador clave del Athletic. \u00abHa hecho un partido extraordinario\u00bb, le ensalz\u00f3.<\/p>\n<p>No le cogi\u00f3 por sorpresa.  &#8230; Luis Enrique es un hombre clave en la carrera del portero rojiblanco. Fue el primer seleccionador en llevarle a la absoluta. Le hizo subir desde la sub&#8217;21 por una lesi\u00f3n, le encant\u00f3, se qued\u00f3 con \u00e9l y le hizo titular con Espa\u00f1a.<\/p>\n<p class=\"v-p\">El asturiano ha recordado en San Mam\u00e9s aquellos momentos cuando apart\u00f3 a De Gea de la titularidad para d\u00e1rsela al rojiblanco. \u00abLe tengo mucho cari\u00f1o. \u00bfNo os acord\u00e1is los palos que me dio la prensa cuando lo puse de titular siendo el tercer portero? De eso no se acuerda nadie. Yo s\u00ed. Se lo merece. Es un chico maravilloso y un jugador extraordinario\u00bb, afirm\u00f3 el asturiano, un entrenador que ha disfrutado en Bilbao y ha estado de muy buen humor en sus dos comparecencias ante los medios en San Mam\u00e9s.<\/p>\n<p class=\"v-p\">El exseleccionador destac\u00f3 el nivel alcanzado por Sim\u00f3n e insisti\u00f3 en el riesgo que asumi\u00f3 al confiar en \u00e9l en aquel momento. \u00abNadie se lo esperaba, pero creo que se merece el nivel que ha alcanzado. Es top, sin ninguna duda, para jugar en cualquier equipo del mundo\u00bb.<\/p>\n<p class=\"v-p\">Y animado por hablar de Sim\u00f3n revel\u00f3 su conversaci\u00f3n tras el pitido final. \u00abLe he dicho al acabar el partido: &#8216;Vaya hombre, tienes que hacer el mejor partido contra m\u00ed. No te convoco m\u00e1s&#8217;\u00bb, a\u00f1adi\u00f3 Luis Enrique entre las carcajadas de la concurrencia. <\/p>\n","protected":false},"excerpt":{"rendered":"Luis Enrique lo ten\u00eda claro. Unai Sim\u00f3n fue el jugador clave del Athletic. \u00abHa hecho un partido extraordinario\u00bb,&hellip;\n","protected":false},"author":2,"featured_media":282467,"comment_status":"","ping_status":"","sticky":false,"template":"","format":"standard","meta":{"footnotes":""},"categories":[268],"tags":[11490,168,12096,25,24,280,282,366,7820,1684,1045,4800,281,23,167,5123],"class_list":{"0":"post-282466","1":"post","2":"type-post","3":"status-publish","4":"format-standard","5":"has-post-thumbnail","7":"category-futbol","8":"tag-acabar","9":"tag-deportes","10":"tag-enrique","11":"tag-es","12":"tag-espana","13":"tag-football","14":"tag-futbol","15":"tag-hombre","16":"tag-luis","17":"tag-mejor","18":"tag-partido","19":"tag-simon","20":"tag-soccer","21":"tag-spain","22":"tag-sports","23":"tag-vaya"},"share_on_mastodon":{"url":"https:\/\/pubeurope.com\/@es\/115699805407648781","error":""},"_links":{"self":[{"href":"https:\/\/www.europesays.com\/es\/wp-json\/wp\/v2\/posts\/282466","targetHints":{"allow":["GET"]}}],"collection":[{"href":"https:\/\/www.europesays.com\/es\/wp-json\/wp\/v2\/posts"}],"about":[{"href":"https:\/\/www.europesays.com\/es\/wp-json\/wp\/v2\/types\/post"}],"author":[{"embeddable":true,"href":"https:\/\/www.europesays.com\/es\/wp-json\/wp\/v2\/users\/2"}],"replies":[{"embeddable":true,"href":"https:\/\/www.europesays.com\/es\/wp-json\/wp\/v2\/comments?post=282466"}],"version-history":[{"count":0,"href":"https:\/\/www.europesays.com\/es\/wp-json\/wp\/v2\/posts\/282466\/revisions"}],"wp:featuredmedia":[{"embeddable":true,"href":"https:\/\/www.europesays.com\/es\/wp-json\/wp\/v2\/media\/282467"}],"wp:attachment":[{"href":"https:\/\/www.europesays.com\/es\/wp-json\/wp\/v2\/media?parent=282466"}],"wp:term":[{"taxonomy":"category","embeddable":true,"href":"https:\/\/www.europesays.com\/es\/wp-json\/wp\/v2\/categories?post=282466"},{"taxonomy":"post_tag","embeddable":true,"href":"https:\/\/www.europesays.com\/es\/wp-json\/wp\/v2\/tags?post=282466"}],"curies":[{"name":"wp","href":"https:\/\/api.w.org\/{rel}","templated":true}]}}