{"id":282478,"date":"2025-12-11T07:47:10","date_gmt":"2025-12-11T07:47:10","guid":{"rendered":"https:\/\/www.europesays.com\/es\/282478\/"},"modified":"2025-12-11T07:47:10","modified_gmt":"2025-12-11T07:47:10","slug":"courtois-hemos-demostrado-que-estamos-con-el-mister","status":"publish","type":"post","link":"https:\/\/www.europesays.com\/es\/282478\/","title":{"rendered":"Courtois: \u201cHemos demostrado que estamos con el m\u00edster\u201d"},"content":{"rendered":"<p class=\"mb-4 text-lg md:leading-8 break-words\">Madrid, 10 dic (EFE).- El belga Thibaut Courtois, portero del Real Madrid, destac\u00f3 que, a pesar de perder 1-2 ante el M\u00e1nchester City en el Bernab\u00e9u, demostraron que apoyan a su entrenador, Xabi Alonso, por la \u201cintensidad\u201d que demostraron durante el partido.<\/p>\n<p class=\"mb-4 text-lg md:leading-8 break-words\">\u201cLo \u00fanico para revertir la situaci\u00f3n es ganar con la intensidad que tuvimos hoy. Perdimos, pero si salimos igual que hoy y contra el Athletic ganaremos en un campo dif\u00edcil como es el del Alav\u00e9s, donde tenemos que ganar s\u00ed o s\u00ed\u201d, dijo en Movistar+.<\/p>\n<p class=\"mb-4 text-lg md:leading-8 break-words\">\u201cQueremos ganar nuestros partidos por la situaci\u00f3n que estamos. Hemos perdido muchos puntos en Liga y en \u2018Champions\u2019 no podemos perder m\u00e1s para estar entre los ocho primeros. Hoy hemos demostrado que estamos con el m\u00edster; hemos dado todo\u201d, complet\u00f3.<\/p>\n<p class=\"mb-4 text-lg md:leading-8 break-words\">Una derrota 1-2 en la que, consider\u00f3, jugaron \u201cun buen partido\u201d y en la que reconoci\u00f3 que pudo hacerlo mejor en el empate del Manchester City, en el que O\u2019Rilley marc\u00f3 tras un rebote de Courtois.<\/p>\n<p class=\"mb-4 text-lg md:leading-8 break-words\">\u201cJugamos un buen partido, todo sali\u00f3 bien. Metimos el 1-0. El 1-1 es un poco un fallo m\u00edo, que el bal\u00f3n me ven\u00eda muy encima y no pude despejarla mejor. Ah\u00ed cogieron un poco de confianza. El penalti tengo que verlo otra vez pero creo que es, pero en el primer gol hay un empuj\u00f3n a R\u00fcdiger\u2026 En la segunda parte empezaron mejor ellos, pero a partir del minuto 60-65 lo tuvimos para empatar nosotros; no quiso entrar y perdimos un partido que ten\u00edamos que haber ganado\u201d, analiz\u00f3.<\/p>\n<p class=\"mb-4 text-lg md:leading-8 break-words\">\u201cNo s\u00e9 si perdimos confianza -con los dos goles r\u00e1pidos del Manchester City-. Es un empate tonto en un bal\u00f3n parado y el penalti viene muy r\u00e1pido tambi\u00e9n\u201d, a\u00f1adi\u00f3.<\/p>\n<p class=\"mb-4 text-lg md:leading-8 break-words\">(c) Agencia EFE<\/p>\n","protected":false},"excerpt":{"rendered":"Madrid, 10 dic (EFE).- El belga Thibaut Courtois, portero del Real Madrid, destac\u00f3 que, a pesar de perder&hellip;\n","protected":false},"author":2,"featured_media":282479,"comment_status":"","ping_status":"","sticky":false,"template":"","format":"standard","meta":{"footnotes":""},"categories":[93],"tags":[1334,168,995,25,24,2013,3048,23,167,4833,10344],"class_list":{"0":"post-282478","1":"post","2":"type-post","3":"status-publish","4":"format-standard","5":"has-post-thumbnail","7":"category-deportes","8":"tag-alaves","9":"tag-deportes","10":"tag-efe","11":"tag-es","12":"tag-espana","13":"tag-manchester-city","14":"tag-real-madrid","15":"tag-spain","16":"tag-sports","17":"tag-thibaut-courtois","18":"tag-xabi-alonso"},"share_on_mastodon":{"url":"https:\/\/pubeurope.com\/@es\/115699832773236598","error":""},"_links":{"self":[{"href":"https:\/\/www.europesays.com\/es\/wp-json\/wp\/v2\/posts\/282478","targetHints":{"allow":["GET"]}}],"collection":[{"href":"https:\/\/www.europesays.com\/es\/wp-json\/wp\/v2\/posts"}],"about":[{"href":"https:\/\/www.europesays.com\/es\/wp-json\/wp\/v2\/types\/post"}],"author":[{"embeddable":true,"href":"https:\/\/www.europesays.com\/es\/wp-json\/wp\/v2\/users\/2"}],"replies":[{"embeddable":true,"href":"https:\/\/www.europesays.com\/es\/wp-json\/wp\/v2\/comments?post=282478"}],"version-history":[{"count":0,"href":"https:\/\/www.europesays.com\/es\/wp-json\/wp\/v2\/posts\/282478\/revisions"}],"wp:featuredmedia":[{"embeddable":true,"href":"https:\/\/www.europesays.com\/es\/wp-json\/wp\/v2\/media\/282479"}],"wp:attachment":[{"href":"https:\/\/www.europesays.com\/es\/wp-json\/wp\/v2\/media?parent=282478"}],"wp:term":[{"taxonomy":"category","embeddable":true,"href":"https:\/\/www.europesays.com\/es\/wp-json\/wp\/v2\/categories?post=282478"},{"taxonomy":"post_tag","embeddable":true,"href":"https:\/\/www.europesays.com\/es\/wp-json\/wp\/v2\/tags?post=282478"}],"curies":[{"name":"wp","href":"https:\/\/api.w.org\/{rel}","templated":true}]}}