{"id":282510,"date":"2025-12-11T08:16:12","date_gmt":"2025-12-11T08:16:12","guid":{"rendered":"https:\/\/www.europesays.com\/es\/282510\/"},"modified":"2025-12-11T08:16:12","modified_gmt":"2025-12-11T08:16:12","slug":"el-gobierno-de-ayuso-presume-de-la-calidad-asistencial-del-hospital-de-torrejon-y-defiende-a-los-sanitarios","status":"publish","type":"post","link":"https:\/\/www.europesays.com\/es\/282510\/","title":{"rendered":"El Gobierno de Ayuso presume de la calidad asistencial del hospital de Torrej\u00f3n y defiende a los sanitarios"},"content":{"rendered":"<p style=\"\">La investigaci\u00f3n en el <strong>Hospital p\u00fablico de Torrej\u00f3n<\/strong> contin\u00faa y el <strong>Gobierno regional de Ayuso<\/strong> insiste en que si detecta<a href=\"https:\/\/www.abc.es\/espana\/madrid\/bastante-fea-aviso-ribera-salud-gobierno-regional-20251206040443-nt.html\" target=\"_self\" data-voc-vtm-id=\"in-text-traffic\" title=\" alguna pr\u00e1ctica irregular,\" data-mrf-link=\"www.abc.es\" rel=\"nofollow noopener\"> alguna pr\u00e1ctica irregular,<\/a> ya sea en la asistencia a los pacientes, la calidad o la gesti\u00f3n administrativa y econ\u00f3mica, ser\u00e1 \u00abimplacable\u00bb, sin  &#8230; descartar ninguna medida en relaci\u00f3n con el Grupo Ribera Salud, que tiene una concesi\u00f3n de 30 a\u00f1os para la gesti\u00f3n de ese centro. Pero, de momento, los datos que tiene la Consejer\u00eda de Sanidad de las inspecciones de urgencia que se han llevado a cabo son positivos y tranquilizadores: no se ha detectado ni una sola mala pr\u00e1ctica, ni tampoco que se haya producido una orden o instrucci\u00f3n a los profesionales sanitarios para reducir la &#8216;intensidad&#8217; y atender a menos pacientes. Estos profesionales han sido, adem\u00e1s, tajantes: si hubieran recibido una orden en ese sentido, no la habr\u00edan cumplido por pura \u00e9tica. <\/p>\n<p class=\"voc-p\" style=\"\">Ha sido una semana de infarto en la Consejer\u00eda de Sanidad, desde que el mi\u00e9rcoles de la semana pasada se hizo p\u00fablico un audio del CEO de Ribera Salud, Pablo Gallart, en el que defend\u00eda hacer ajustes en la asistencia a los pacientes para mejorar las cuentas de la empresa. La izquierda vio ah\u00ed una oportunidad de oro para lanzarse nada menos que contra el sistema sanitario de Madrid, donde hay colaboraci\u00f3n p\u00fablico-privada en cinco hospitales de la regi\u00f3n, uno de ellos, el de Torrej\u00f3n. La consejera de Sanidad, F\u00e1tima Matute, compareci\u00f3 ayer en la Puerta del Sol, tras el Consejo de Gobierno que presidi\u00f3 Ayuso, para aclarar el resultado de las inspecciones que se han llevado a cabo estos \u00faltimos d\u00edas y para responder a todas las preguntas de la prensa.<\/p>\n<p class=\"voc-p\" style=\"\">La tarde anterior, la consejera se hab\u00eda reunido durante dos horas con el presidente franc\u00e9s del Grupo Ribera, Emmanuel de Geuser. En el encuentro, este directivo se desmarc\u00f3 por completo del audio del CEO, dej\u00f3 claro que no compart\u00eda en absoluto el contenido y garantiz\u00f3 que desde el Grupo no se ha dado ninguna instrucci\u00f3n a los profesionales de Torrej\u00f3n para pisar el freno en la asistencia a los pacientes y mejorar los resultados. Al contrario, seg\u00fan fuentes de la Consejer\u00eda, expres\u00f3 su compromiso con la \u00abcalidad asistencial\u00bb en el hospital y elogi\u00f3 la sanidad madrile\u00f1a. El contenido de la reuni\u00f3n satisfizo a la consejera, que hab\u00eda convocado a De Geuser para pedirle explicaciones. <\/p>\n<p class=\"voc-p\" style=\"\">De momento, la Consejer\u00eda no se plantea revisar la concesi\u00f3n de la gesti\u00f3n del Hospital de Torrej\u00f3n, porque no hay ning\u00fan dato objetivo que lo justifique, pero Matute es tajante cuando advierte de que el control y la inspecci\u00f3n son continuos, y si se comprueba alguna pr\u00e1ctica dudosa, se tomar\u00edan medidas de forma contundente. La consejera, adem\u00e1s, tampoco tiene constancia de que el contenido del pol\u00e9mico audio del CEO se haya puesto por escrito como una orden interna. <\/p>\n<p>\nLas mejores listas de espera\n<\/p>\n<p class=\"voc-p\" style=\"\">Matute record\u00f3 algunos datos que demuestran que en Hospital de Torrej\u00f3n la asistencia es de las mejores en la regi\u00f3n. Sus listas de espera son menores que la media de la Comunidad de Madrid, que a su vez est\u00e1 por debajo de la media nacional. As\u00ed, Torrej\u00f3n tiene 42 d\u00edas en espera quir\u00fargica, frente a las 48 de la Comunidad. Y en consultas externas es de 32, frente a los 60 de la Comunidad. Adem\u00e1s, explic\u00f3 que en Torrej\u00f3n hay casi cien mil consultas m\u00e1s que el a\u00f1o pasado y 700 operaciones m\u00e1s, con un aumento de recursos humanos, hasta los 1.201 trabajadores. <\/p>\n<p class=\"voc-title\">Indignaci\u00f3n de la consejera por la \u00abvil acusaci\u00f3n\u00bb sobre la reutilizaci\u00f3n del material desechable: \u00abEs absolutamente falso\u00bb<\/p>\n<p class=\"voc-p\" style=\"\">La consejera est\u00e1 especialmente indignada por la acusaci\u00f3n \u00abfalsa\u00bb de que en Torrej\u00f3n se reutiliza material desechable: \u00abEs absolutamente falso\u00bb, sentenci\u00f3. \u00abTodo se hace correctamente, es una vil falsedad que intenta crear el caos y la duda en la poblaci\u00f3n\u00bb. Matute carg\u00f3 contra el Gobierno de S\u00e1nchez, al que acus\u00f3 de intentar da\u00f1ar a la sanidad madrile\u00f1a para tapar sus esc\u00e1ndalos de corrupci\u00f3n. <\/p>\n<p class=\"voc-p\" style=\"\">La presidenta Ayuso tambi\u00e9n expres\u00f3 su total apoyo a los profesionales y a los pacientes de Torrej\u00f3n, ante la concentraci\u00f3n que se ha convocado este viernes ante el hospital: \u00abTodo mi apoyo al personal del Hospital de Torrej\u00f3n y a sus pacientes. No tienen por qu\u00e9 ser objeto de cobardes campa\u00f1as pol\u00edticas y manifestaciones en centros donde se est\u00e1n salvando vidas. Hay muchos sitios donde protestar\u00bb.<\/p>\n","protected":false},"excerpt":{"rendered":"La investigaci\u00f3n en el Hospital p\u00fablico de Torrej\u00f3n contin\u00faa y el Gobierno regional de Ayuso insiste en que&hellip;\n","protected":false},"author":2,"featured_media":282511,"comment_status":"","ping_status":"","sticky":false,"template":"","format":"standard","meta":{"footnotes":""},"categories":[8],"tags":[49180,6984,17,18,1435,5443,25,24,13,14,582,11,3345,19,20,9,10,15,16,19588,16587,23,12,32794,21,22],"class_list":{"0":"post-282510","1":"post","2":"type-post","3":"status-publish","4":"format-standard","5":"has-post-thumbnail","7":"category-espana","8":"tag-asistencial","9":"tag-ayuso","10":"tag-breaking-news","11":"tag-breakingnews","12":"tag-calidad","13":"tag-defiende","14":"tag-es","15":"tag-espana","16":"tag-featured-news","17":"tag-featurednews","18":"tag-gobierno","19":"tag-headlines","20":"tag-hospital","21":"tag-latest-news","22":"tag-latestnews","23":"tag-news","24":"tag-noticias","25":"tag-noticias-destacadas","26":"tag-noticiasdestacadas","27":"tag-presume","28":"tag-sanitarios","29":"tag-spain","30":"tag-titulares","31":"tag-torrejon","32":"tag-ultimas-noticias","33":"tag-ultimasnoticias"},"share_on_mastodon":{"url":"https:\/\/pubeurope.com\/@es\/115699947039677252","error":""},"_links":{"self":[{"href":"https:\/\/www.europesays.com\/es\/wp-json\/wp\/v2\/posts\/282510","targetHints":{"allow":["GET"]}}],"collection":[{"href":"https:\/\/www.europesays.com\/es\/wp-json\/wp\/v2\/posts"}],"about":[{"href":"https:\/\/www.europesays.com\/es\/wp-json\/wp\/v2\/types\/post"}],"author":[{"embeddable":true,"href":"https:\/\/www.europesays.com\/es\/wp-json\/wp\/v2\/users\/2"}],"replies":[{"embeddable":true,"href":"https:\/\/www.europesays.com\/es\/wp-json\/wp\/v2\/comments?post=282510"}],"version-history":[{"count":0,"href":"https:\/\/www.europesays.com\/es\/wp-json\/wp\/v2\/posts\/282510\/revisions"}],"wp:featuredmedia":[{"embeddable":true,"href":"https:\/\/www.europesays.com\/es\/wp-json\/wp\/v2\/media\/282511"}],"wp:attachment":[{"href":"https:\/\/www.europesays.com\/es\/wp-json\/wp\/v2\/media?parent=282510"}],"wp:term":[{"taxonomy":"category","embeddable":true,"href":"https:\/\/www.europesays.com\/es\/wp-json\/wp\/v2\/categories?post=282510"},{"taxonomy":"post_tag","embeddable":true,"href":"https:\/\/www.europesays.com\/es\/wp-json\/wp\/v2\/tags?post=282510"}],"curies":[{"name":"wp","href":"https:\/\/api.w.org\/{rel}","templated":true}]}}