{"id":282538,"date":"2025-12-11T08:51:05","date_gmt":"2025-12-11T08:51:05","guid":{"rendered":"https:\/\/www.europesays.com\/es\/282538\/"},"modified":"2025-12-11T08:51:05","modified_gmt":"2025-12-11T08:51:05","slug":"que-fue-de-rafa-ramos-de-ser-german-en-aida-a-sorprender-con-su-cambio-fisico","status":"publish","type":"post","link":"https:\/\/www.europesays.com\/es\/282538\/","title":{"rendered":"Qu\u00e9 fue de Rafa Ramos: de ser Germ\u00e1n en \u2018A\u00edda\u2019 a sorprender con su cambio f\u00edsico"},"content":{"rendered":"<p class=\"\">Cuando empez\u00f3 en la televisi\u00f3n ten\u00eda apenas <b>12 a\u00f1os,<\/b> pero su papel de <b>Germ\u00e1n en \u201cA\u00edda\u201d<\/b> lo convirti\u00f3 en uno de los <b>rostros infantiles m\u00e1s familiares<\/b> dentro de las televisiones de los hogares espa\u00f1oles. Ten\u00eda la pajarita, las gafas y un aire inconfundible. Pero <b>los a\u00f1os pasan<\/b>, y lo que muchos recuerdan como Germ\u00e1n, el amigo de Fidel, a d\u00eda de hoy es un <b>actor adulto<\/b> que ha dado un <b>giro<\/b> a su carrera profesional. <\/p>\n<p>Una infancia en la televisi\u00f3n<\/p>\n<p class=\"\">Rafa Ramos comenz\u00f3 en el mundo de la actuaci\u00f3n siendo <b>muy peque\u00f1o. <\/b>Con tan solo <b>5 a\u00f1os<\/b> ya participaba en <b>audiciones<\/b> y cosech\u00f3 sus primeros papeles en cortometrajes y series juveniles como <b>\u2018Cambio de clase\u2019.<\/b> Pero su salto a la fama vino de la mano de la gran serie \u2018A\u00edda\u2019, donde interpret\u00f3 a Germ\u00e1n desde <b>2007 hasta el final de sus cap\u00edtulos en 2014. <\/b><\/p>\n<p class=\"\">Esa popularidad, sin embargo, tuvo un <b>coste personal.<\/b> En algunas entrevistas ha confesado que la fama de ni\u00f1o en televisi\u00f3n<b> le pas\u00f3 factura durante la adolescencia: <\/b>\u201cLos ni\u00f1os son muy crueles cuando eres famoso\u201d, ha dicho, recordando burlas y dificultades para separarse del estereotipo de \u201cempoll\u00f3n\u201d que representaba. <\/p>\n<p>\u00bfC\u00f3mo est\u00e1 en la actualidad?<\/p>\n<p class=\"\">Tras el fin de \u201cA\u00edda\u201d, Rafa no se conform\u00f3, sino que <b>quiso prepararse para crecer como actor. <\/b>Estudi\u00f3 Interpretaci\u00f3n Textual en la RESAD (Real Escuela Superior de Arte Dram\u00e1tico) y m\u00e1s tarde ampli\u00f3 su formaci\u00f3n con un <b>m\u00e1ster en interpretaci\u00f3n en la Rose Bruford College de Londres. <\/b><\/p>\n<p class=\"\">Ese tr\u00e1nsito formativo le llev\u00f3 a enfocarse con fuerza en el <b>teatro<\/b>. Ha participado en montajes como \u2018Ha vuelto a amanecer\u2019, \u2018Hijos de los 90\u2019 o \u2018Una casa de locos\u2019, entre otros. Incluso en 2024 diversos <b>medios destacaron su cambio f\u00edsico<\/b> y su nueva imagen <b>m\u00e1s madura.<\/b><\/p>\n<p>Noticias relacionadas<\/p>\n<p class=\"\">Hoy, con casi 30 a\u00f1os, Rafa Ramos ha conquistado el espacio de los escenarios, lejos de las c\u00e1maras de televisi\u00f3n, pero manteniendo <b>su gran pasi\u00f3n por la actuaci\u00f3n.<\/b> Seg\u00fan declaraciones recientes, contin\u00faa trabajando en teatro y no descarta regresar a la televisi\u00f3n o al cine en el futuro: <b>\u201cTengo ganas de volver\u201d, afirm\u00f3. <\/b><\/p>\n<p class=\"\"><b>\u00a1Tus opiniones importan!<\/b> Comenta en los art\u00edculos y suscr\u00edbete gratis a nuestra <a href=\"https:\/\/asfan.as.com\/newsletters\/\" target=\"_blank\" rel=\"nofollow noopener\" title=\"https:\/\/asfan.as.com\/newsletters\/\">newsletter<\/a> y a las alertas informativas en la <a href=\"https:\/\/as.com\/aplicacion-de-as-n\/\" target=\"_blank\" rel=\"nofollow noopener\" title=\"https:\/\/as.com\/aplicacion-de-as-n\/\">App<\/a> o el canal de <a href=\"https:\/\/www.whatsapp.com\/channel\/0029VaAasdA7j6g745nz9M10\" target=\"_blank\" rel=\"nofollow noopener\" title=\"https:\/\/www.whatsapp.com\/channel\/0029VaAasdA7j6g745nz9M10\">WhatsApp<\/a>. \u00bfBuscas licenciar contenido? Haz clic <a href=\"https:\/\/profesional.elpais.com\/soluciones-sindicacion?utm_medium=interno&amp;utm_source=crosslinking&amp;utm_campaign=sindicacion_as_pie_articulos\" target=\"_blank\" rel=\"nofollow noopener\" title=\"https:\/\/profesional.elpais.com\/soluciones-sindicacion?utm_medium=interno&amp;utm_source=crosslinking&amp;utm_campaign=sindicacion_as_pie_articulos\">aqu\u00ed<\/a><\/p>\n","protected":false},"excerpt":{"rendered":"Cuando empez\u00f3 en la televisi\u00f3n ten\u00eda apenas 12 a\u00f1os, pero su papel de Germ\u00e1n en \u201cA\u00edda\u201d lo convirti\u00f3&hellip;\n","protected":false},"author":2,"featured_media":282539,"comment_status":"","ping_status":"","sticky":false,"template":"","format":"standard","meta":{"footnotes":""},"categories":[174],"tags":[255,146,147,25,24,256,23],"class_list":{"0":"post-282538","1":"post","2":"type-post","3":"status-publish","4":"format-standard","5":"has-post-thumbnail","7":"category-famosos","8":"tag-celebrities","9":"tag-entertainment","10":"tag-entretenimiento","11":"tag-es","12":"tag-espana","13":"tag-famosos","14":"tag-spain"},"share_on_mastodon":{"url":"https:\/\/pubeurope.com\/@es\/115700084439902903","error":""},"_links":{"self":[{"href":"https:\/\/www.europesays.com\/es\/wp-json\/wp\/v2\/posts\/282538","targetHints":{"allow":["GET"]}}],"collection":[{"href":"https:\/\/www.europesays.com\/es\/wp-json\/wp\/v2\/posts"}],"about":[{"href":"https:\/\/www.europesays.com\/es\/wp-json\/wp\/v2\/types\/post"}],"author":[{"embeddable":true,"href":"https:\/\/www.europesays.com\/es\/wp-json\/wp\/v2\/users\/2"}],"replies":[{"embeddable":true,"href":"https:\/\/www.europesays.com\/es\/wp-json\/wp\/v2\/comments?post=282538"}],"version-history":[{"count":0,"href":"https:\/\/www.europesays.com\/es\/wp-json\/wp\/v2\/posts\/282538\/revisions"}],"wp:featuredmedia":[{"embeddable":true,"href":"https:\/\/www.europesays.com\/es\/wp-json\/wp\/v2\/media\/282539"}],"wp:attachment":[{"href":"https:\/\/www.europesays.com\/es\/wp-json\/wp\/v2\/media?parent=282538"}],"wp:term":[{"taxonomy":"category","embeddable":true,"href":"https:\/\/www.europesays.com\/es\/wp-json\/wp\/v2\/categories?post=282538"},{"taxonomy":"post_tag","embeddable":true,"href":"https:\/\/www.europesays.com\/es\/wp-json\/wp\/v2\/tags?post=282538"}],"curies":[{"name":"wp","href":"https:\/\/api.w.org\/{rel}","templated":true}]}}