{"id":282540,"date":"2025-12-11T08:54:10","date_gmt":"2025-12-11T08:54:10","guid":{"rendered":"https:\/\/www.europesays.com\/es\/282540\/"},"modified":"2025-12-11T08:54:10","modified_gmt":"2025-12-11T08:54:10","slug":"he-estado-tres-horas-en-la-cama","status":"publish","type":"post","link":"https:\/\/www.europesays.com\/es\/282540\/","title":{"rendered":"He estado tres horas en la cama&#8230;"},"content":{"rendered":"\n<p>  11\/12\/2025 &#8211; 08:25  Actualizado: 11\/12\/2025 &#8211; 08:25   <\/p>\n<ul class=\"bodyList bodyList--unordered\">\n<li class=\"bodyList__item\"><a href=\"https:\/\/www.elconfidencial.com\/television\/programas-tv\/2025-12-11\/la-revuelta-informacion-erronea-vih-visita-eduardo-casanova_4264064\/\" target=\"_self\" rel=\"nofollow noopener\">&#8216;La revuelta&#8217;, obligada a \u00abpuntualizar\u00bb su informaci\u00f3n err\u00f3nea sobre el VIH durante la visita de Eduardo Casanova<\/a><\/li>\n<li class=\"bodyList__item\"><a href=\"https:\/\/www.elconfidencial.com\/television\/programas-tv\/2025-12-10\/jordi-hurtado-saber-y-ganar-tve-la-revuelta-jubilacion_4264042\/\" target=\"_self\" rel=\"nofollow noopener\">Jordi Hurtado despeja el futuro de &#8216;Saber y ganar&#8217; (TVE): se pronuncia en &#8216;La revuelta&#8217; sobre su jubilaci\u00f3n<\/a><\/li>\n<\/ul>\n<p> La \u00faltima entrega de La revuelta dej\u00f3 este mi\u00e9rcoles uno de esos <strong>momentos emotivos <\/strong>que rompen con la din\u00e1mica de comedia del programa. <strong>David Broncano, <\/strong>habitualmente ir\u00f3nico y dispuesto a<strong> tirar del humor<\/strong> ante cualquier circunstancia, vivi\u00f3 los <a href=\"https:\/\/www.elconfidencial.com\/television\/programas-tv\/2025-12-10\/jordi-hurtado-saber-y-ganar-tve-la-revuelta-jubilacion_4264042\/\" target=\"_self\" rel=\"nofollow noopener\">primeros minutos del programa<\/a> con una mirada distinta, atravesada por la tristeza que ha sacudido a miles de personas tras conocerse <strong>la muerte de Robe Iniesta<\/strong> a los 63 a\u00f1os. El fallecimiento del l\u00edder de Extremoduro convirti\u00f3 el comienzo del espacio de RTVE en un momento cargado de emoci\u00f3n.  <\/p>\n<p> Todo comenz\u00f3 con las palabras de uno de los miembros del p\u00fablico del plat\u00f3, que al intervenir en el programa junto a Sergio Bezos decidi\u00f3 rendir un peque\u00f1o homenaje a Robe Iniesta entonando algunas frases de sus canciones m\u00e1s m\u00edticas. <strong>\u201cNo vayas por ah\u00ed que me emociono\u201d, <\/strong>dijo Broncano. El presentador no disimul\u00f3 lo que estaba sintiendo. Y es que la p\u00e9rdida del m\u00fasico extreme\u00f1o, figura central del rock espa\u00f1ol desde los a\u00f1os 80, le hab\u00eda golpeado de lleno. Y Broncano lo confes\u00f3 con naturalidad. \u201cHay mucha gente triste en Espa\u00f1a hoy. Esta ma\u00f1ana yo he estado en la cama tres horas escuchando canciones de Robe. No ten\u00eda ganas de levantarme\u201d, asegur\u00f3  <\/p>\n<blockquote class=\"twitter-tweet\">\n<p lang=\"es\" dir=\"ltr\">Se rompi\u00f3 la cadena que ataba el reloj a las horas <\/p>\n<p>Gracias por tanto, Robe \u2764\ufe0f<a href=\"https:\/\/twitter.com\/hashtag\/LaRevuelta?src=hash&amp;ref_src=twsrc%5Etfw\" rel=\"nofollow noopener\" target=\"_blank\">#LaRevuelta<\/a> <a href=\"https:\/\/t.co\/7qv8Jaht4m\" rel=\"nofollow\">pic.twitter.com\/7qv8Jaht4m<\/a><\/p>\n<p>\u2014 La Revuelta (@LaRevuelta_TVE) <a href=\"https:\/\/twitter.com\/LaRevuelta_TVE\/status\/1998859767876399388?ref_src=twsrc%5Etfw\" rel=\"nofollow noopener\" target=\"_blank\">December 10, 2025<\/a><\/p><\/blockquote>\n<p> Ese reconocimiento fue el inicio de una breve reflexi\u00f3n que dej\u00f3 al plat\u00f3 en silencio. Broncano, siempre propenso a las bromas, recurri\u00f3 esta vez a la admiraci\u00f3n m\u00e1s pura para definir a su referente. <strong>\u201cEn mi opini\u00f3n se ha ido uno de los artistas m\u00e1s grandes que ha dado Espa\u00f1a en la historia\u201d,<\/strong> asegur\u00f3. La firmeza de sus palabras conect\u00f3 de inmediato con quienes han crecido escuchando a Extremoduro, pero tambi\u00e9n con aquellos que reconocen el impacto cultural de un artista que convirti\u00f3 la crudeza y la poes\u00eda en una forma de vida. <\/p>\n<p> El presentador explic\u00f3 que el equipo del programa trabajar\u00e1 para dedicarle un homenaje especial. Lo har\u00e1n, asegur\u00f3, cuando exista tiempo para prepararlo con el cuidado que merece. \u201cTenemos que hacer un programa en homenaje a Robe Iniesta como merece. Hoy nos ha pillado sin tiempo. M\u00e1s adelante lo haremos\u201d, asegur\u00f3. Las palabras de Broncano arrancaron aplausos c\u00f3mplices, sabiendo que ese tributo ocupar\u00e1 un lugar destacado en la memoria del espacio. <\/p>\n<p> Antes de continuar con el programa habitual, Broncano quiso enviar un mensaje directo a los allegados del m\u00fasico. \u201cLos fans saben que concret\u00f3 la fecha de su muerte con Sat\u00e1n y lo enga\u00f1\u00f3. Es muy dif\u00edcil hacer eso mismo dos veces. Le mandamos un abrazo muy fuerte a su familia, a su gente y a todos. Un beso\u201d, sentenci\u00f3.  <\/p>\n<p>            Invitados de lujo           <\/p>\n<p> Tras la despedida dedicada a Robe, el programa retom\u00f3 el ritmo habitual. El presentador <strong>Jordi Hurtado<\/strong> visit\u00f3 La revuelta para celebrar las 29 temporadas de Saber y ganar, mientras que los artistas <strong>Ozuna y Be\u00e9le<\/strong> presentaron su proyecto conjunto. Hurtado, fiel a su leyenda humor\u00edstica, tir\u00f3 una vez m\u00e1s de autoparodia al bromear que la mayor\u00eda del p\u00fablico de su programa ya est\u00e1n muertos. Adem\u00e1s, confes\u00f3 el extra\u00f1o parentesco que tiene con Jordi \u00c9vole. \u00abSu abuela era prima hermana de mi padre.\u00a0El padre de Jordi \u00c9vole es Gonzalo \u00c9vole Hurtado\u00bb, explic\u00f3.  <\/p>\n<p> Por su parte, Ozuna y Be\u00e9le, que hab\u00edan llegado a Madrid con entusiasmo \u2014\u201ccualquier excusa es buena para venir a Espa\u00f1a\u201d, aseguraron\u2014 aprovecharon su visita para presentar <strong>Stendhal,<\/strong> el disco que firman juntos. Interpretaron Se prepar\u00f3, uno de los \u00e9xitos mundiales del puertorrique\u00f1o, y cerraron con Pikito, su nuevo lanzamiento. Los artistas confesaron que<strong> pocos lugares les inspiran tanto como Espa\u00f1a.<\/strong> \u201cCualquier excusa es buena para venir\u201d, aseguraba Ozuna mientras confesaba que busca \u201ccualquier plan\u201d para recorrer nuestro pa\u00eds. Entre risas, contaba que ha probado los churros con chocolate y ha bebido tinto de verano. \u201cEspa\u00f1a hay que vivirla\u201d, sentenci\u00f3.  <\/p>\n<p>         <script async src=\"https:\/\/platform.twitter.com\/widgets.js\" charset=\"utf-8\"><\/script><\/p>\n","protected":false},"excerpt":{"rendered":"11\/12\/2025 &#8211; 08:25 Actualizado: 11\/12\/2025 &#8211; 08:25 &#8216;La revuelta&#8217;, obligada a \u00abpuntualizar\u00bb su informaci\u00f3n err\u00f3nea sobre el VIH&hellip;\n","protected":false},"author":2,"featured_media":282541,"comment_status":"","ping_status":"","sticky":false,"template":"","format":"standard","meta":{"footnotes":""},"categories":[171],"tags":[146,147,25,24,23,214],"class_list":{"0":"post-282540","1":"post","2":"type-post","3":"status-publish","4":"format-standard","5":"has-post-thumbnail","7":"category-tv","8":"tag-entertainment","9":"tag-entretenimiento","10":"tag-es","11":"tag-espana","12":"tag-spain","13":"tag-tv"},"share_on_mastodon":{"url":"https:\/\/pubeurope.com\/@es\/115700096452863903","error":""},"_links":{"self":[{"href":"https:\/\/www.europesays.com\/es\/wp-json\/wp\/v2\/posts\/282540","targetHints":{"allow":["GET"]}}],"collection":[{"href":"https:\/\/www.europesays.com\/es\/wp-json\/wp\/v2\/posts"}],"about":[{"href":"https:\/\/www.europesays.com\/es\/wp-json\/wp\/v2\/types\/post"}],"author":[{"embeddable":true,"href":"https:\/\/www.europesays.com\/es\/wp-json\/wp\/v2\/users\/2"}],"replies":[{"embeddable":true,"href":"https:\/\/www.europesays.com\/es\/wp-json\/wp\/v2\/comments?post=282540"}],"version-history":[{"count":0,"href":"https:\/\/www.europesays.com\/es\/wp-json\/wp\/v2\/posts\/282540\/revisions"}],"wp:featuredmedia":[{"embeddable":true,"href":"https:\/\/www.europesays.com\/es\/wp-json\/wp\/v2\/media\/282541"}],"wp:attachment":[{"href":"https:\/\/www.europesays.com\/es\/wp-json\/wp\/v2\/media?parent=282540"}],"wp:term":[{"taxonomy":"category","embeddable":true,"href":"https:\/\/www.europesays.com\/es\/wp-json\/wp\/v2\/categories?post=282540"},{"taxonomy":"post_tag","embeddable":true,"href":"https:\/\/www.europesays.com\/es\/wp-json\/wp\/v2\/tags?post=282540"}],"curies":[{"name":"wp","href":"https:\/\/api.w.org\/{rel}","templated":true}]}}