{"id":282551,"date":"2025-12-11T09:01:18","date_gmt":"2025-12-11T09:01:18","guid":{"rendered":"https:\/\/www.europesays.com\/es\/282551\/"},"modified":"2025-12-11T09:01:18","modified_gmt":"2025-12-11T09:01:18","slug":"la-fed-recorta-las-tasas-de-eeuu-en-un-cuarto-de-punto-por-tercera-vez-consecutiva","status":"publish","type":"post","link":"https:\/\/www.europesays.com\/es\/282551\/","title":{"rendered":"La Fed recorta las tasas de EEUU en un cuarto de punto por tercera vez consecutiva"},"content":{"rendered":"<p>    <img src=\"https:\/\/www.europesays.com\/es\/wp-content\/uploads\/2025\/12\/2025-12-10T213A353A23Z-90618667.jpg\" width=\"1024\" height=\"682\" alt=\"\" loading=\"eager\" decoding=\"sync\" fetchpriority=\"high\"\/><\/p>\n<p>            afp_tickers        <\/p>\n<p>        Este contenido fue publicado en    <\/p>\n<p>        10 diciembre 2025 &#8211; 22:35\n<\/p>\n<p>La Reserva Federal de Estados Unidos (Fed, banco central) baj\u00f3, con divisi\u00f3n de opiniones, los tipos de inter\u00e9s un cuarto de punto por tercera vez consecutiva por preocupaciones sobre el mercado laboral.<\/p>\n<p>El nuevo recorte deja las tasas en un rango entre el 3,50% y el 3,75%, en l\u00ednea con las expectativas del mercado.\u00a0<\/p>\n<p>En una de sus constantes arremetidas contra la independencia del banco central y su presidente, Jerome Powell, Donald Trump afirm\u00f3: \u00abHa elegido, dir\u00eda yo, una cifra bastante peque\u00f1a que podr\u00eda haberse duplicado, como m\u00ednimo\u00bb.<\/p>\n<p>El banco central elev\u00f3 del 1,8% al 2,3% su previsi\u00f3n de crecimiento del PIB estadounidense en 2026. Asimismo, seg\u00fan sus c\u00e1lculos, la inflaci\u00f3n se situar\u00e1 en el 2,4% y la tasa de desempleo en el 4,4% a finales del a\u00f1o que viene.\u00a0<\/p>\n<p>La Fed adelant\u00f3 que prev\u00e9 tambi\u00e9n al menos una reducci\u00f3n m\u00e1s de los tipos de inter\u00e9s el pr\u00f3ximo a\u00f1o debido a los riesgos que enfrenta el mercado laboral, a pesar de que la inflaci\u00f3n sigue lejos de la meta del 2%.\u00a0<\/p>\n<p>\u00abEstamos en una buena posici\u00f3n para determinar el alcance y el momento de los ajustes adicionales bas\u00e1ndonos en los datos que recibamos, la evoluci\u00f3n de las perspectivas y el equilibrio de los riesgos\u00bb, afirm\u00f3 Powell, en rueda de prensa tras el anuncio del nuevo recorte. \u00a0<\/p>\n<p>Las previsiones de la Fed para el a\u00f1o pr\u00f3ximo podr\u00e1n cambiar a medida que el gobierno federal publique los datos macroecon\u00f3micos que tuvo que cancelar por el cierre parcial o \u00abshutdown\u00bb.\u00a0<\/p>\n<p>La Fed tambi\u00e9n se enfrenta a un a\u00f1o turbulento con la llegada de un nuevo director, tras la finalizaci\u00f3n del mandato de Powell en mayo, mientras aumenta la presi\u00f3n de Trump para que el banco central rebaje m\u00e1s las tasas de inter\u00e9s.<\/p>\n<p>\u2013 \u00abNormal y saludable\u00bb \u2013<\/p>\n<p>La divisi\u00f3n entre los 12 miembros del comit\u00e9 de pol\u00edtica monetaria de la Fed se hizo m\u00e1s grande en esta votaci\u00f3n, ya que dos funcionarios votaron a favor de mantener los tipos sin cambios, mientras que otro se decant\u00f3 por una rebaja mayor.<\/p>\n<p>Una reuni\u00f3n pol\u00e9mica con diferentes puntos de vista es una se\u00f1al \u00abnormal y saludable\u00bb, afirm\u00f3 Ryan Sweet, de Oxford Economics.<\/p>\n<p>Sin embargo, \u00abm\u00e1s recortes ahora implican menos recortes m\u00e1s adelante\u00bb. Un tiempo que le servir\u00e1 a la Fed para \u00abevaluar c\u00f3mo est\u00e1n afectando a la econom\u00eda los recortes anteriores\u00bb, afirm\u00f3.\u00a0<\/p>\n<p>Los analistas preve\u00edan esta tercera rebaja consecutiva de los tipos de inter\u00e9s, con el fin de gestionar los riesgos para el mercado laboral.\u00a0<\/p>\n<p>El reto al que se enfrenta la Fed es que la econom\u00eda se expanda sin que el mercado laboral le siga el ritmo, afirm\u00f3 Sweet.\u00a0<\/p>\n<p>\u00abEsto deja a la econom\u00eda vulnerable a las crisis, ya que el mercado laboral es la principal barrera contra la recesi\u00f3n\u00bb.\u00a0<\/p>\n<p>Las \u00faltimas cifras disponibles confirmaron una desaceleraci\u00f3n en el mercado laboral. Debido al cierre parcial del gobierno federal de principios de octubre a mediados de noviembre a\u00fan no se conocen los datos oficiales de empleo de los \u00faltimos meses.<\/p>\n<p>La Fed tiene como objetivo el pleno empleo y la estabilidad de los precios con la fijaci\u00f3n de las tasas de inter\u00e9s.<\/p>\n<p>El banco central recorta las tasas para estimular la econom\u00eda, y por ende la contrataci\u00f3n de personal, mientras que las aumenta para reducir el consumo y la inflaci\u00f3n. \u00a0<\/p>\n<p>myl\/vmt\/dga\/ad\/db\/nn<\/p>\n","protected":false},"excerpt":{"rendered":"afp_tickers Este contenido fue publicado en 10 diciembre 2025 &#8211; 22:35 La Reserva Federal de Estados Unidos (Fed,&hellip;\n","protected":false},"author":2,"featured_media":282552,"comment_status":"","ping_status":"","sticky":false,"template":"","format":"standard","meta":{"footnotes":""},"categories":[80],"tags":[82,4430,95,94,84,25,24,10019,10020,10776,87,10022,23,90],"class_list":{"0":"post-282551","1":"post","2":"type-post","3":"status-publish","4":"format-standard","5":"has-post-thumbnail","7":"category-economia","8":"tag-business","9":"tag-central-bank","10":"tag-economia","11":"tag-economy","12":"tag-economy-general","13":"tag-es","14":"tag-espana","15":"tag-finance-general","16":"tag-inflation-and-deflation","17":"tag-interest-rate","18":"tag-macro-economics","19":"tag-money-and-monetary-policy","20":"tag-spain","21":"tag-ticker"},"share_on_mastodon":{"url":"https:\/\/pubeurope.com\/@es\/115700124331755077","error":""},"_links":{"self":[{"href":"https:\/\/www.europesays.com\/es\/wp-json\/wp\/v2\/posts\/282551","targetHints":{"allow":["GET"]}}],"collection":[{"href":"https:\/\/www.europesays.com\/es\/wp-json\/wp\/v2\/posts"}],"about":[{"href":"https:\/\/www.europesays.com\/es\/wp-json\/wp\/v2\/types\/post"}],"author":[{"embeddable":true,"href":"https:\/\/www.europesays.com\/es\/wp-json\/wp\/v2\/users\/2"}],"replies":[{"embeddable":true,"href":"https:\/\/www.europesays.com\/es\/wp-json\/wp\/v2\/comments?post=282551"}],"version-history":[{"count":0,"href":"https:\/\/www.europesays.com\/es\/wp-json\/wp\/v2\/posts\/282551\/revisions"}],"wp:featuredmedia":[{"embeddable":true,"href":"https:\/\/www.europesays.com\/es\/wp-json\/wp\/v2\/media\/282552"}],"wp:attachment":[{"href":"https:\/\/www.europesays.com\/es\/wp-json\/wp\/v2\/media?parent=282551"}],"wp:term":[{"taxonomy":"category","embeddable":true,"href":"https:\/\/www.europesays.com\/es\/wp-json\/wp\/v2\/categories?post=282551"},{"taxonomy":"post_tag","embeddable":true,"href":"https:\/\/www.europesays.com\/es\/wp-json\/wp\/v2\/tags?post=282551"}],"curies":[{"name":"wp","href":"https:\/\/api.w.org\/{rel}","templated":true}]}}