{"id":282562,"date":"2025-12-11T09:14:08","date_gmt":"2025-12-11T09:14:08","guid":{"rendered":"https:\/\/www.europesays.com\/es\/282562\/"},"modified":"2025-12-11T09:14:08","modified_gmt":"2025-12-11T09:14:08","slug":"mar-flores-lanza-un-dardo-las-personas-recogen-lo-que-siembran-vanitatis","status":"publish","type":"post","link":"https:\/\/www.europesays.com\/es\/282562\/","title":{"rendered":"Mar Flores lanza un dardo: &quot;Las personas recogen lo que siembran&quot; &#8211; Vanitatis"},"content":{"rendered":"<ol>\n<li><a href=\"https:\/\/news.google.com\/rss\/articles\/CBMitgFBVV95cUxQVUtDcVZuOEFuUWV5XzY5VUItangzTXZ0ZlMwZjNLOXI1SkRZNmtxTTQ3TDZyY3hmRlltRDFvZDBrRGswSDVheTVVU2xwOGhaeXdJeDB4VjNZS0JCb1JTb05EQkRCeExwdnp4MUZoZ1QyVzk0STMtY1NEWG5kZWh6NFQ0aGpMeThTRnhfdURvdmVxRnFPMDIyMXdHaGstVTNTWlRjUHZwZWtHSG5PelZTRnA1cENSQQ?oc=5\" target=\"_blank\" rel=\"nofollow noopener\">Mar Flores lanza un dardo: \u00abLas personas recogen lo que siembran\u00bb<\/a>&nbsp;&nbsp;Vanitatis<\/li>\n<li><a href=\"https:\/\/news.google.com\/rss\/articles\/CBMipwFBVV95cUxQanloVy04WG9ER1c5b0U0cUV2S3ZmRmxTLUxlcFVJN0xzaDNuNEJiVHczWnVvX0xuVGR0Ym1KbE1wdWY4MnZJYzVfbUVreVhPUnJWdk5lVkt2eDVWeHNsMFRBSUtISEcxUUE1c0R0a1N1ZHJSdEdtaDk1REVadzVaeU5LeWtNa242MFVzcXBjME9Fc3VNb21Zc0V2ZV9VYWg3TWxlWDVjY9IBrAFBVV95cUxNVFJRUXRfVXJRTGlnYXBjNTlIakZITkJmbFprOHExUWV1NTczcUxaX05IV1F1VjVGMGJ2OUxNU1V6WEhRQXNDXzE3NVJpOGJOUXJfZ0dvbmYzekw5WUd6ZS1iQWR1X3pTb1B2YXNsTkx1RDNxS3ZhdHZuTHRpdDFPeHFtSjdweDlqTGNmRXBKSzdmTWVoU282RTJVV3RTQTJ0MzFWTjBjOFJibHE2?oc=5\" target=\"_blank\" rel=\"nofollow noopener\">Mar Flores se sincera: \u00abNo he le\u00eddo el libro de Isabel Preysler\u00bb<\/a>&nbsp;&nbsp;El Debate<\/li>\n<li><a href=\"https:\/\/news.google.com\/rss\/articles\/CBMiywJBVV95cUxQdjR5OHAyajNENVg2b0JlbUZacEgwUklodXZuV3dsT2NwZlRSa29vSVRzeFJ2VXM3VXJRQnIwb1BJVm1VUnBwdmY4SU9TX2FKTmdiUW40RlY2VFdfZUxLODlQTWdkOUZsV2FFV0oyZ19tQm5SeVZDLXZlTVJNSHg5RXBzMmZtVWhtajVFQ3g4N3YzUVB3aHZaSzJJcU5ycUYyYldrWGFxVDBlY2NLZmJKSTEwTDVhS0JTOHFCWVN2em1PWXpxM1Ywc3hrUWJOTmlWX3U4VVJzYTRMcUl5cFBSSlhMTnFGNUZrOTNuWEg5SHd0dmdFUEpUQzgzMFlBS0FZZXVuUTEzX3ZYNWw3UTMwV0FXSkgxblNPLTZpclRua1FBd0dUQmpxNHc1dzBKdUhoOU9jQTc0czRIU0FoeDZLR3E3SEh2THBwZTk00gG2AkFVX3lxTE5pb1dkbHZ3UWI5OWV5YVY1UlFMLV9yNkVZVTZVMW94ZURYbjlDd2pyVnhPTTBLRVdpLVJKUUl4SkdCYVY1YWZENEFCSHg5dk5keUt4V3I5MnNFaWQ5ZUFFc3RMZDJuMUhTanZLdHNIR2VPRTRFTnRnZWZCNFVrenJaVDhLOWdwa2tOMkE2bE9uVG95Y2N3RHZuOTQtUXJkanFZYnRTdzhvTnlOdERkb1lBRDJnMmhiYlF5T2dybmgzZkZPal8yTjlwVThFcWlMbm43VjR2R3FfY0NlODBYVnJQZXZTUGk2cHpwSjJoV2FlZUt3OWlzVTVWUHBJYkhUN0pkTFdjRGRtUDY5dVlIbW9iN3NtbVNVclQ2VW9OVzdhbWtqbGk4eEtKaUlmUVpkdEtxSG5RU3c?oc=5\" target=\"_blank\" rel=\"nofollow noopener\">Mar Flores sorprende con una retah\u00edla de consejos y dardos a Carlo Costanzia y Alejandra Rubio: \u00abNada me gustar\u00eda m\u00e1s que tuviesen una vida m\u00e1s tranquila\u00bb<\/a>&nbsp;&nbsp;El Economista<\/li>\n<li><a href=\"https:\/\/news.google.com\/rss\/articles\/CBMi9AFBVV95cUxNVS1kM0owUWdTN01rQWN1UTZXazdfUEVsUzdSWV9JYldaeGdzUTN4OHk4ZU5Ca2VmY1h1LWJqNTV1U0Z4MWwxbkNaRDV5YlBGa3UzWUczbXNGT29yM2xBTURTQkhwOVBnN0pFaUhrMlRNc3A5RWY1eS1SZjFtWFJEaXQ2VEVUWVBlaE0xclU3WWJnbTAxcVQxQ0ZSbVhUMU55bGpoVUFtbk0tYWxHVy1HWDVwVDJNYnFBa3JkWDN1RGlETldTNFpVc1BVVzBTOHpQcXNJV2FWb0ZwZWtkMmtYRDNPREdEZU04UmhQMDNGeGJmZXRM?oc=5\" target=\"_blank\" rel=\"nofollow noopener\">Entrevista a Mar Flores por su autobiograf\u00eda \u2018Mar en calma\u2019<\/a>&nbsp;&nbsp;esRadio<\/li>\n<li><a href=\"https:\/\/news.google.com\/rss\/articles\/CBMingJBVV95cUxNNE9QdkhCVFlCd1IxRU1hTDB3cE9JTk5ndDZuVE1oYy1CQXNkOWRUYWdCMkFSUXg5dXRDLVNyQUV1d0xZYVJrSU85ZHJtdWhCX2toX0FFR2ZUcGFtY0EtTEJVZE8zRFc2a3ViWVVzMGE5dks1a1RENHhkV3UwWklCdW5yY25WSUpabGtTU3JTd2NPSmxkY3R0VF9MZFg5VmFLQVJuVk1VeGtwNGtlREZodHZveUktc0taVk1VWnZqaEE5eVFwcVlCX0tQMTVZRGVMVkJtVGZZTFVLUHlESGp2M0NKUXJ2WDBkXzBEVFhzM29hRGxrQ0pXX0s5OXkzWWEtREVjWkVnX3JQcWwxYVlqc2tYaG9zbTh5aEQ3VlNB?oc=5\" target=\"_blank\" rel=\"nofollow noopener\">Mar Flores se sincera sobre Carlo Costanzia y Alejandra Rubio: \u00abNada me gustar\u00eda m\u00e1s que tuviesen una vida m\u00e1s tranquila\u00bb<\/a>&nbsp;&nbsp;MSN<\/li>\n<\/ol>\n","protected":false},"excerpt":{"rendered":"Mar Flores lanza un dardo: \u00abLas personas recogen lo que siembran\u00bb&nbsp;&nbsp;Vanitatis Mar Flores se sincera: \u00abNo he le\u00eddo&hellip;\n","protected":false},"author":2,"featured_media":282563,"comment_status":"","ping_status":"","sticky":false,"template":"","format":"standard","meta":{"footnotes":""},"categories":[174],"tags":[255,146,147,25,24,256,23],"class_list":{"0":"post-282562","1":"post","2":"type-post","3":"status-publish","4":"format-standard","5":"has-post-thumbnail","7":"category-famosos","8":"tag-celebrities","9":"tag-entertainment","10":"tag-entretenimiento","11":"tag-es","12":"tag-espana","13":"tag-famosos","14":"tag-spain"},"share_on_mastodon":{"url":"https:\/\/pubeurope.com\/@es\/115700174904411865","error":""},"_links":{"self":[{"href":"https:\/\/www.europesays.com\/es\/wp-json\/wp\/v2\/posts\/282562","targetHints":{"allow":["GET"]}}],"collection":[{"href":"https:\/\/www.europesays.com\/es\/wp-json\/wp\/v2\/posts"}],"about":[{"href":"https:\/\/www.europesays.com\/es\/wp-json\/wp\/v2\/types\/post"}],"author":[{"embeddable":true,"href":"https:\/\/www.europesays.com\/es\/wp-json\/wp\/v2\/users\/2"}],"replies":[{"embeddable":true,"href":"https:\/\/www.europesays.com\/es\/wp-json\/wp\/v2\/comments?post=282562"}],"version-history":[{"count":0,"href":"https:\/\/www.europesays.com\/es\/wp-json\/wp\/v2\/posts\/282562\/revisions"}],"wp:featuredmedia":[{"embeddable":true,"href":"https:\/\/www.europesays.com\/es\/wp-json\/wp\/v2\/media\/282563"}],"wp:attachment":[{"href":"https:\/\/www.europesays.com\/es\/wp-json\/wp\/v2\/media?parent=282562"}],"wp:term":[{"taxonomy":"category","embeddable":true,"href":"https:\/\/www.europesays.com\/es\/wp-json\/wp\/v2\/categories?post=282562"},{"taxonomy":"post_tag","embeddable":true,"href":"https:\/\/www.europesays.com\/es\/wp-json\/wp\/v2\/tags?post=282562"}],"curies":[{"name":"wp","href":"https:\/\/api.w.org\/{rel}","templated":true}]}}