{"id":282566,"date":"2025-12-11T09:19:22","date_gmt":"2025-12-11T09:19:22","guid":{"rendered":"https:\/\/www.europesays.com\/es\/282566\/"},"modified":"2025-12-11T09:19:22","modified_gmt":"2025-12-11T09:19:22","slug":"un-reparto-de-actores-esplendido","status":"publish","type":"post","link":"https:\/\/www.europesays.com\/es\/282566\/","title":{"rendered":"Un reparto de actores espl\u00e9ndido"},"content":{"rendered":"<p data-journey-content=\"true\" data-node-id=\"3\" class=\"css-6wxqfj emevuu60\">Judith Colell aborda desde la ficci\u00f3n, a partir de un suceso ver\u00eddico, un tema poco tratado en nuestro cine,  con excepciones como el documental &#8216;Les Unwanted de Europa&#8217; (F. Ferraro, 2018): los Pirineos como v\u00eda de escape de refugiados de la Europa ocupada por la Alemania nazi. <strong data-node-id=\"3.1\">Con una fotograf\u00eda espl\u00e9ndida, puesta en escena cuidada y un reparto s\u00f3lido, en el que destaca Asier Etxeandia,<\/strong> la cineasta traza un retrato de las reacciones de los habitantes de la zona.<\/p>\n<p><img draggable=\"true\" alt=\"frontera pelicula\" title=\"frontera pelicula\" loading=\"lazy\" width=\"2000\" height=\"2600\" decoding=\"async\" data-nimg=\"1\" style=\"color:transparent;width:100%;height:auto;\"   src=\"https:\/\/www.europesays.com\/es\/wp-content\/uploads\/2025\/12\/frontera-pelicula-68fe0f2feed5f.jpg\" class=\"css-0 e1g79fud0\"\/><\/p>\n<p>FILMAX<\/p>\n<p data-journey-content=\"true\" data-node-id=\"8\" class=\"css-6wxqfj emevuu60\">El dilema que afrontan es acatar las \u00f3rdenes del Gobierno espa\u00f1ol, connivente con los nazis, o arriesgar sus vidas por ayudar a desconocidos que huyen del horror. Primeros planos de los rostros reflejan con precisi\u00f3n su estado de \u00e1nimo y<strong data-node-id=\"8.1\"> una c\u00e1mara al hombro, din\u00e1mica, que sigue a los personajes, integra al espectador en la acci\u00f3n.<\/strong><\/p>\n<p><img draggable=\"true\" alt=\"frontera jordi sanchez\" title=\"frontera jordi sanchez\" loading=\"lazy\" width=\"2750\" height=\"1833\" decoding=\"async\" data-nimg=\"1\" style=\"color:transparent;width:100%;height:auto;\"   src=\"https:\/\/www.europesays.com\/es\/wp-content\/uploads\/2025\/12\/frontera-jordi-sanchez-actor-pelicula-68fe0da254b21.jpg\" class=\"css-0 e1g79fud0\"\/><\/p>\n<p>FILMAX<\/p>\n<p data-journey-content=\"true\" data-node-id=\"11\" class=\"css-6wxqfj emevuu60\">No se crea, sin embargo, la atm\u00f3sfera turbia, de dudas y miedo, de aquellos a\u00f1os oscuros. El tal\u00f3n de Aquiles es un guion, de Miguel Ib\u00e1\u00f1ez Monroy y Gerard Gim\u00e9nez, empe\u00f1ado en generalizar el \u00e1nimo de ayudar entre los vecinos y en cerrar el relato con un final improbable.<\/p>\n<p>Para interesados en episodios hist\u00f3ricos poco conocidos<\/p>\n<p data-journey-content=\"true\" data-node-id=\"16\" class=\"body-tip css-1n723qz emevuu60\"><strong data-node-id=\"16.0\">Lo mejor: <\/strong>un reparto de actores espl\u00e9ndido que cubre todos los roles. <\/p>\n<p data-journey-content=\"true\" data-node-id=\"18\" class=\"body-tip css-1n723qz emevuu60\"><strong data-node-id=\"18.0\">Lo peor:<\/strong> le cuesta mantener la tensi\u00f3n de la narraci\u00f3n. <\/p>\n<p><img draggable=\"true\" alt=\"frontera jordi sanchez\" title=\"frontera jordi sanchez\" loading=\"lazy\" width=\"1928\" height=\"2778\" decoding=\"async\" data-nimg=\"1\" style=\"color:transparent;width:100%;height:auto;\"   src=\"https:\/\/www.europesays.com\/es\/wp-content\/uploads\/2025\/12\/frontera-pelicula-poster-68fe0da1e998c.jpg\" class=\"css-0 e1g79fud0\"\/><\/p>\n<p>FILMAX<\/p>\n<p>Ficha t\u00e9cnica<\/p>\n<p data-journey-content=\"true\" data-node-id=\"22\" class=\"css-6wxqfj emevuu60\"><strong data-node-id=\"22.0\">Direcci\u00f3n:<\/strong> Judith Colell  <strong data-node-id=\"22.2\">Reparto:<\/strong> Miki Esparb\u00e9, Maria Rodr\u00edguez Soto, Asier Etxeandia, Bruna Cus\u00ed, Jordi S\u00e1nchez, Kevin Janssens  <strong data-node-id=\"22.4\">Pa\u00eds:<\/strong> Espa\u00f1a, B\u00e9lgica <strong data-node-id=\"22.6\">A\u00f1o:<\/strong> 2025 <strong data-node-id=\"22.8\">Fecha de estreno: <\/strong>12-12-2025 <strong data-node-id=\"22.10\">G\u00e9nero:<\/strong> Drama <strong data-node-id=\"22.12\">Guion: <\/strong>Miguel Ib\u00e1\u00f1ez Monroy, Gerard Gim\u00e9nez <strong data-node-id=\"22.14\">Duraci\u00f3n:<\/strong> 101 min.<\/p>\n<p data-journey-content=\"true\" data-node-id=\"24\" class=\"css-6wxqfj emevuu60\"><strong data-node-id=\"24.0\">Sinopsis: <\/strong>1943. Franco ha bloqueado el paso de refugiados que huyen de la represi\u00f3n nazi por Los Pirineos. En la aduana de un pueblo fronterizo, Manel Grau, un funcionario con un pasado republicano, decide contravenir las \u00f3rdenes ayudado por Juliana, una vecina del pueblo, y Jer\u00f4me, un pasador franc\u00e9s.<\/p>\n<p><img draggable=\"true\" alt=\"frontera jordi sanchez\" title=\"frontera jordi sanchez\" loading=\"lazy\" width=\"3000\" height=\"2000\" decoding=\"async\" data-nimg=\"1\" style=\"color:transparent;width:100%;height:auto;\"   src=\"https:\/\/www.europesays.com\/es\/wp-content\/uploads\/2025\/12\/frontera-jordi-sanchez-68fe0da210951.jpg\" class=\"css-0 e1g79fud0\"\/><\/p>\n<p>FILMAX<\/p>\n<p><img src=\"https:\/\/www.europesays.com\/es\/wp-content\/uploads\/2025\/12\/aee6928d-e263-4198-8dec-7f855c32d2ba_1682078095.file\" alt=\"Headshot of Juan Pando\" title=\"Headshot of Juan Pando\" width=\"100%\" height=\"100%\" decoding=\"async\" loading=\"lazy\" class=\"css-o0wq4v ev8dhu53\"\/><\/p>\n<p>Tres d\u00e9cadas dedicado a informar de cine, mi pasi\u00f3n. La imagen en movimiento fue la \u00faltima de las Bellas Artes en surgir, la s\u00e9ptima, pero fue la primera que naci\u00f3 con la vocaci\u00f3n maravillosa de ser disfrutada de modo mayoritario y en igualdad. Gente como John Ford, Alfred Hitchcock, Billy Wilder, Fran\u00e7ois Truffaut, Garc\u00eda Berlanga, Vittorio de Sica o Steven Spielberg, maestros de la imagen y, por encima de todo, grandes narradores, lo comprendieron e hicieron pel\u00edculas para todos. He tenido la fortuna de poder contarlo en Fotogramas, Onda Cero y El Mundo, entre otros medios; y en libros como &#8216;Hollywood al desnudo&#8217; y &#8216;Cr\u00f3nica negra de Hollywood&#8217;. Miembro de la Academia de Cine (desde 2006).<\/p>\n","protected":false},"excerpt":{"rendered":"Judith Colell aborda desde la ficci\u00f3n, a partir de un suceso ver\u00eddico, un tema poco tratado en nuestro&hellip;\n","protected":false},"author":2,"featured_media":282567,"comment_status":"","ping_status":"","sticky":false,"template":"","format":"standard","meta":{"footnotes":""},"categories":[169],"tags":[177,1180,146,147,25,24,176,175,8788,12719,23],"class_list":{"0":"post-282566","1":"post","2":"type-post","3":"status-publish","4":"format-standard","5":"has-post-thumbnail","7":"category-cine","8":"tag-cine","9":"tag-editorial","10":"tag-entertainment","11":"tag-entretenimiento","12":"tag-es","13":"tag-espana","14":"tag-film","15":"tag-movies","16":"tag-prescripcion","17":"tag-print","18":"tag-spain"},"share_on_mastodon":{"url":"https:\/\/pubeurope.com\/@es\/115700195476860075","error":""},"_links":{"self":[{"href":"https:\/\/www.europesays.com\/es\/wp-json\/wp\/v2\/posts\/282566","targetHints":{"allow":["GET"]}}],"collection":[{"href":"https:\/\/www.europesays.com\/es\/wp-json\/wp\/v2\/posts"}],"about":[{"href":"https:\/\/www.europesays.com\/es\/wp-json\/wp\/v2\/types\/post"}],"author":[{"embeddable":true,"href":"https:\/\/www.europesays.com\/es\/wp-json\/wp\/v2\/users\/2"}],"replies":[{"embeddable":true,"href":"https:\/\/www.europesays.com\/es\/wp-json\/wp\/v2\/comments?post=282566"}],"version-history":[{"count":0,"href":"https:\/\/www.europesays.com\/es\/wp-json\/wp\/v2\/posts\/282566\/revisions"}],"wp:featuredmedia":[{"embeddable":true,"href":"https:\/\/www.europesays.com\/es\/wp-json\/wp\/v2\/media\/282567"}],"wp:attachment":[{"href":"https:\/\/www.europesays.com\/es\/wp-json\/wp\/v2\/media?parent=282566"}],"wp:term":[{"taxonomy":"category","embeddable":true,"href":"https:\/\/www.europesays.com\/es\/wp-json\/wp\/v2\/categories?post=282566"},{"taxonomy":"post_tag","embeddable":true,"href":"https:\/\/www.europesays.com\/es\/wp-json\/wp\/v2\/tags?post=282566"}],"curies":[{"name":"wp","href":"https:\/\/api.w.org\/{rel}","templated":true}]}}