{"id":282577,"date":"2025-12-11T09:25:20","date_gmt":"2025-12-11T09:25:20","guid":{"rendered":"https:\/\/www.europesays.com\/es\/282577\/"},"modified":"2025-12-11T09:25:20","modified_gmt":"2025-12-11T09:25:20","slug":"venezuela-califica-de-pirateria-internacional-la-interceptacion-de-un-petrolero-por-estados-unidos","status":"publish","type":"post","link":"https:\/\/www.europesays.com\/es\/282577\/","title":{"rendered":"Venezuela califica de \u201cpirater\u00eda internacional\u201d la interceptaci\u00f3n de un petrolero por Estados Unidos"},"content":{"rendered":"<p class=\"\">Venezuela ha rechazado en un comunicado la <a href=\"https:\/\/elpais.com\/internacional\/2025-12-10\/estados-unidos-intercepta-un-buque-petrolero-sancionado-en-aguas-cercanas-a-venezuela.html\" target=\"_self\" rel=\"nofollow noopener\" title=\"https:\/\/elpais.com\/internacional\/2025-12-10\/estados-unidos-intercepta-un-buque-petrolero-sancionado-en-aguas-cercanas-a-venezuela.html\">interceptaci\u00f3n y posterior confiscaci\u00f3n<\/a> de una embarcaci\u00f3n con crudo venezolano cerca de las costas del pa\u00eds por parte de los equipos militares estadounidenses desplegados en el Caribe. \u201cEl presidente de Estados Unidos confes\u00f3 el asalto de un buque petrolero\u201d, se\u00f1ala el texto en el que se califica la medida de \u201crobo descarado\u201d y acto de \u201cpirater\u00eda internacional\u201d. En estas circunstancias, sigue el comunicado, \u201chan quedado finalmente al descubierto las verdaderas razones de la agresi\u00f3n prolongada contra Venezuela. No es la migraci\u00f3n. No es el narcotr\u00e1fico. No es la democracia. No son los derechos humanos. Siempre se trat\u00f3 de nuestras riquezas que pertenecen exclusivamente al pueblo venezolano\u201d.<\/p>\n<p class=\"\">Seg\u00fan la fiscal general estadounidense, Pam Bondi, el buque incautado est\u00e1 sancionado por haber sido \u201cutilizado para transportar petr\u00f3leo sancionado de Venezuela e Ir\u00e1n\u201d y estar implicado en \u201cuna red il\u00edcita que apoya a organizaciones terroristas\u201d, seg\u00fan investigaciones del FBI y del brazo de investigaciones del Departamento de Seguridad Nacional y el Servicio de Guardacostas, con el apoyo del Pent\u00e1gono.<\/p>\n<p class=\"\">La imposici\u00f3n de sanciones de la OFAC (Oficina de Control de Activos en el Extranjero de Estados Unidos) ha obligado al Gobierno de Maduro a operar en las sombras para poder comercializar el crudo y mantener sus finanzas. Aunque la medida de Washington se produce en un contexto de escalada de las operaciones contra Venezuela, no es la primera vez que ocurre. El mes pasado un destructor estadounidense logr\u00f3 interceptar un buque de Rusia, cuando se dirig\u00eda a Venezuela por aguas del Caribe y lo conmin\u00f3 a cambiar su ruta que finalmente ser\u00eda la de Cuba. <\/p>\n<p class=\"\">La interceptaci\u00f3n del tanquero es el en\u00e9simo paso al frente de Donald Trump en la estrategia de presi\u00f3n que mantiene contra el r\u00e9gimen de Maduro. Estados Unidos tiene el 20% de su capacidad militar desplegada en el Caribe y ha bombardeado m\u00e1s de una veintena lanchas que supuestamente trasladaban drogas,<a href=\"https:\/\/google.com\/search?q=el+pais+amnistia+internacional+venezuela+buques\u00e7&amp;rlz=1C1GCEA_enES1186CO1188&amp;oq=el+pais+amnistia+internacional+venezuela+buques\u00e7&amp;gs_lcrp=EgZjaHJvbWUyBggAEEUYOTIHCAEQIRigATIHCAIQIRigAdIBCDg1NTJqMGo0qAIAsAIA&amp;sourceid=chrome&amp;ie=UTF-8\" target=\"_self\" rel=\"nofollow noopener\" title=\"https:\/\/google.com\/search?q=el+pais+amnistia+internacional+venezuela+buques\u00e7&amp;rlz=1C1GCEA_enES1186CO1188&amp;oq=el+pais+amnistia+internacional+venezuela+buques\u00e7&amp;gs_lcrp=EgZjaHJvbWUyBggAEEUYOTIHCAEQIRigATIHCAIQIRigAdIBCDg1NTJqMGo0qAIAsAIA&amp;sourceid=chrome&amp;ie=UTF-8\"> operaciones que han dejado m\u00e1s de 80 personas asesinadas. <\/a><\/p>\n<p class=\"\">Estados Unidos tambi\u00e9n<a href=\"https:\/\/elpais.com\/america\/2025-12-09\/aviones-f-18-de-estados-unidos-sobrevolaron-espacio-aereo-de-venezuela-este-martes.html\" target=\"_self\" rel=\"nofollow noopener\" title=\"https:\/\/elpais.com\/america\/2025-12-09\/aviones-f-18-de-estados-unidos-sobrevolaron-espacio-aereo-de-venezuela-este-martes.html\"> ha presionado con sobrevuelos de aviones de combate <\/a>cerca del territorio venezolano. El martes en la tarde, dos aviones caza F18 entraron al espacio a\u00e9reo cerca del golfo de Venezuela, en el occidente del territorio. <\/p>\n<p><img decoding=\"auto\" class=\"_re lazyload a_m-h\" height=\"276\"  width=\"414\"  src=\"https:\/\/www.europesays.com\/es\/wp-content\/uploads\/2025\/12\/YGPYZN4ROBNDNHIWHXNUX2UKOE.jpg\" loading=\"lazy\"\/>Fuerzas estadounidenses en el buque pertrolero venezolano, el 10 de diciembre.AP<\/p>\n<p class=\"\">Para el chavismo, desde su campa\u00f1a presidencial, Donald Trump ha revelado sus intenciones de apropiarse de los recursos naturales del pa\u00eds petrolero, \u201csin pagar ninguna contraprestaci\u00f3n a cambio\u201d. \u201cLa pol\u00edtica de agresi\u00f3n contra nuestro pa\u00eds responde a un plan deliberado de despojo de nuestras riquezas energ\u00e9ticas\u201d, a\u00f1aden en el comunicado.<\/p>\n<p class=\"\">En octubre, una investigaci\u00f3n de Transparencia Internacional en su cap\u00edtulo local, revel\u00f3 la existencia de una red de buques que ayudan a evadir las sanciones con distintas maniobras como el cambio de banderas y la operaci\u00f3n con la informaci\u00f3n de navegaci\u00f3n oculta. Seg\u00fan la organizaci\u00f3n, de los 110 buques tanque detectados en septiembre en puertos venezolanos, casi la mitad ten\u00eda un estatus irregular, \u201clo que evidencia una compleja red de evasi\u00f3n de sanciones internacionales que involucra buques \u201cfurtivos\u201d, empresas sancionadas y para\u00edsos regulatorios\u201d. Al menos 12 embarcaciones ten\u00edan sanciones de la OFAC, Reino Unido o de la Uni\u00f3n Europea.<\/p>\n<p class=\"\">En el comunicado, Venezuela tambi\u00e9n asegura que con el asalto al buque petrolero \u201cse busca distraer la atenci\u00f3n y <a href=\"https:\/\/elpais.com\/internacional\/2025-12-10\/la-sorpresiva-presencia-de-maria-corina-en-oslo-marca-la-ceremonia-del-nobel-de-la-paz.html\" target=\"_self\" rel=\"nofollow noopener\" title=\"https:\/\/elpais.com\/internacional\/2025-12-10\/la-sorpresiva-presencia-de-maria-corina-en-oslo-marca-la-ceremonia-del-nobel-de-la-paz.html\">tapar el fracaso rotundo del show pol\u00edtico montado hoy en Oslo<\/a>\u201d, en referencia a la entrega del Premio Nobel de la Paz a Mar\u00eda Corina Machado, que con grandes dificultades ha logrado salir de Venezuela y ha llegado a Europa en la medianoche del mi\u00e9rcoles, despu\u00e9s de la ceremonia. <\/p>\n<p class=\"\">La llegada de la dirigente a Noruega y el discurso que pronunci\u00f3 en su nombre su hija Ana Corina Sosa Machado han acaparado la atenci\u00f3n del mundo. \u201cQuedaron expuestas nuevamente las manipulaciones y la falta de resultados de quienes han pretendido durante a\u00f1os, sin ning\u00fan \u00e9xito, una operaci\u00f3n de cambio de r\u00e9gimen, a trav\u00e9s de la violencia y en abierta complicidad con los gobiernos occidentales\u201d.<\/p>\n<p class=\"\">Poco antes, el presidente Nicol\u00e1s Maduro tambi\u00e9n carg\u00f3 contra la ceremonia del Nobel y en particular contra los presidentes de Argentina y Panam\u00e1, Javier Milei y Jos\u00e9 Mulino,<a href=\"https:\/\/elpais.com\/america-colombia\/2025-12-09\/de-mulino-a-milei-los-lideres-que-arropan-a-maria-corina-machado-en-la-entrega-del-nobel-de-la-paz.html\" target=\"_self\" rel=\"nofollow noopener\" title=\"https:\/\/elpais.com\/america-colombia\/2025-12-09\/de-mulino-a-milei-los-lideres-que-arropan-a-maria-corina-machado-en-la-entrega-del-nobel-de-la-paz.html\"> dos de los cuatro mandatarios latinoamericanos que acudieron al acto en respaldo<\/a> a la l\u00edder de la oposici\u00f3n venezolana. \u201cEl rid\u00edculo de Milei y el par\u00e1sito de Mulino se fueron en diarrea cuando vieron al pueblo de Oslo marchando\u201d, dijo Maduro en referencia a las protestas que hubo en la capital noruega en contra de las agresiones militares de Estados Unidos a Venezuela. \u201cNo al intervencionismo ni a los planes de desestabilizaci\u00f3n para cambio de r\u00e9gimen. All\u00e1 Estados Unidos bastantes problemas tiene, ded\u00edquense a su pa\u00eds\u201d, agreg\u00f3.<\/p>\n","protected":false},"excerpt":{"rendered":"Venezuela ha rechazado en un comunicado la interceptaci\u00f3n y posterior confiscaci\u00f3n de una embarcaci\u00f3n con crudo venezolano cerca&hellip;\n","protected":false},"author":2,"featured_media":282578,"comment_status":"","ping_status":"","sticky":false,"template":"","format":"standard","meta":{"footnotes":""},"categories":[42],"tags":[17,18,1196,47619,72,352,629,13,14,11,61,62,63,64,19,20,1804,9,1194,10,15,16,952,12,21,22,1192,65,66,67],"class_list":{"0":"post-282577","1":"post","2":"type-post","3":"status-publish","4":"format-standard","5":"has-post-thumbnail","7":"category-internacional","8":"tag-breaking-news","9":"tag-breakingnews","10":"tag-chavismo","11":"tag-conflictos-diplomaticos","12":"tag-conflictos-internacionales","13":"tag-donald-trump","14":"tag-estados-unidos","15":"tag-featured-news","16":"tag-featurednews","17":"tag-headlines","18":"tag-internacional","19":"tag-international","20":"tag-international-news","21":"tag-internationalnews","22":"tag-latest-news","23":"tag-latestnews","24":"tag-latinoamerica","25":"tag-news","26":"tag-nicolas-maduro","27":"tag-noticias","28":"tag-noticias-destacadas","29":"tag-noticiasdestacadas","30":"tag-politica","31":"tag-titulares","32":"tag-ultimas-noticias","33":"tag-ultimasnoticias","34":"tag-venezuela","35":"tag-world","36":"tag-world-news","37":"tag-worldnews"},"share_on_mastodon":{"url":"","error":"Validation failed: Text character limit of 500 exceeded"},"_links":{"self":[{"href":"https:\/\/www.europesays.com\/es\/wp-json\/wp\/v2\/posts\/282577","targetHints":{"allow":["GET"]}}],"collection":[{"href":"https:\/\/www.europesays.com\/es\/wp-json\/wp\/v2\/posts"}],"about":[{"href":"https:\/\/www.europesays.com\/es\/wp-json\/wp\/v2\/types\/post"}],"author":[{"embeddable":true,"href":"https:\/\/www.europesays.com\/es\/wp-json\/wp\/v2\/users\/2"}],"replies":[{"embeddable":true,"href":"https:\/\/www.europesays.com\/es\/wp-json\/wp\/v2\/comments?post=282577"}],"version-history":[{"count":0,"href":"https:\/\/www.europesays.com\/es\/wp-json\/wp\/v2\/posts\/282577\/revisions"}],"wp:featuredmedia":[{"embeddable":true,"href":"https:\/\/www.europesays.com\/es\/wp-json\/wp\/v2\/media\/282578"}],"wp:attachment":[{"href":"https:\/\/www.europesays.com\/es\/wp-json\/wp\/v2\/media?parent=282577"}],"wp:term":[{"taxonomy":"category","embeddable":true,"href":"https:\/\/www.europesays.com\/es\/wp-json\/wp\/v2\/categories?post=282577"},{"taxonomy":"post_tag","embeddable":true,"href":"https:\/\/www.europesays.com\/es\/wp-json\/wp\/v2\/tags?post=282577"}],"curies":[{"name":"wp","href":"https:\/\/api.w.org\/{rel}","templated":true}]}}