{"id":282587,"date":"2025-12-11T09:37:11","date_gmt":"2025-12-11T09:37:11","guid":{"rendered":"https:\/\/www.europesays.com\/es\/282587\/"},"modified":"2025-12-11T09:37:11","modified_gmt":"2025-12-11T09:37:11","slug":"muerte-robe-iniesta-una-tesis-revelo-que-mayeutica-de-robe-escondia-una-sinfonia-secreta-sobre-el-autoconocimiento","status":"publish","type":"post","link":"https:\/\/www.europesays.com\/es\/282587\/","title":{"rendered":"MUERTE ROBE INIESTA | Una tesis revel\u00f3 que &#8216;May\u00e9utica&#8217; de Robe escond\u00eda una sinfon\u00eda secreta sobre el autoconocimiento"},"content":{"rendered":"<p class=\"ft-text\">El universo creativo de <a class=\"ft-link ft-link--decoration\" href=\"https:\/\/www.elperiodico.com\/es\/ocio-y-cultura\/20251210\/muere-robe-iniesta-lider-extremoduro-124624744\" target=\"_blank\" rel=\"nofollow noopener\"><strong>Robe Iniesta<\/strong><\/a><strong> <\/strong>no solo llen\u00f3 escenarios: tambi\u00e9n termin\u00f3 ocupando espacio en la universidad. El Trabajo de Fin de Grado de Janire Ler\u00edn C\u00e1mara, alumna del <strong>Grado en Historia y Ciencias de la M\u00fasica de la Universidad de Valladolid<\/strong>, analiz\u00f3 en profundidad May\u00e9utica (2021), el tercer \u00e1lbum en solitario del m\u00fasico placentino, y lo interpret\u00f3 como <strong>una gran sinfon\u00eda conceptual articulada alrededor del autoconocimiento y la fragilidad humana<\/strong>.<\/p>\n<p class=\"ft-text\">La investigaci\u00f3n sostuvo que el disco funcion\u00f3 como una obra unitaria, no como una simple colecci\u00f3n de canciones, y que su estructura respondi\u00f3 de forma precisa a las fases del m\u00e9todo socr\u00e1tico: vaciamiento, di\u00e1logo o refutaci\u00f3n, y alumbramiento. Para ello, <strong>Ler\u00edn integr\u00f3 referencias filos\u00f3ficas con marcos narratol\u00f3gicos contempor\u00e1neos aplicados a la m\u00fasica popular urban<\/strong>a.<\/p>\n<p class=\"ft-text\">El trabajo parti\u00f3 de una an\u00e9cdota personal de la autora, que record\u00f3 c\u00f3mo descubri\u00f3 las letras de Extremoduro en su infancia. A partir de ese v\u00ednculo emocional, justific\u00f3 su inter\u00e9s por estudiar la trayectoria del m\u00fasico, a quien defini\u00f3 como una de las voces m\u00e1s po\u00e9ticas y singulares del panorama musical espa\u00f1ol.<\/p>\n<p class=\"ft-text\">La tesis revis\u00f3, adem\u00e1s, la evoluci\u00f3n art\u00edstica de Iniesta, desde La ley innata (2008) hasta su etapa en solitario, y destac\u00f3 que May\u00e9utica se concibi\u00f3 como una continuaci\u00f3n natural de aquel primer gran proyecto conceptual.<\/p>\n<p class=\"ft-text\">Siguiendo los principios narrativos expuestos por el te\u00f3rico David Herman, Ler\u00edn analiz\u00f3 cada parte del \u00e1lbum como un episodio dentro de un mismo relato. May\u00e9utica, defendi\u00f3, se entendi\u00f3 mejor como un discurso sonoro continuo que construy\u00f3, destruy\u00f3 y volvi\u00f3 a recomponer el mundo interior del protagonista.<\/p>\n<p class=\"ft-text\">El estudio examin\u00f3 minuciosamente los movimientos del \u00e1lbum y c\u00f3mo la m\u00fasica reforz\u00f3 o contradijo la letra. El \u201cInterludio\u201d y el \u201cPrimer Movimiento: Despu\u00e9s de la catarsis\u201d se interpretaron como la fase ir\u00f3nica del proceso, en la que el protagonista transit\u00f3 entre la ruina emocional y una falsa claridad que la propia armon\u00eda musical desbarat\u00f3.<\/p>\n<p>\u201cMierda de filosof\u00eda\u201d: cuando la raz\u00f3n dej\u00f3 de servir<\/p>\n<p class=\"ft-text\">La segunda gran fase, correspondiente al di\u00e1logo y la refutaci\u00f3n socr\u00e1tica, se centr\u00f3 en el \u201cSegundo Movimiento: Mierda de Filosof\u00eda\u201d. La tesis analiz\u00f3 este corte como un estallido visceral en el que el sujeto po\u00e9tico rechaz\u00f3 la intelectualizaci\u00f3n y abraz\u00f3 el cuerpo como \u00fanica verdad moment\u00e1nea.<\/p>\n<p class=\"ft-text\">La investigadora destac\u00f3 la crudeza de la letra, el peso r\u00edtmico y la densidad instrumental, que construyeron un espacio sonoro de confrontaci\u00f3n directa. La tensi\u00f3n se prolong\u00f3 en \u201cTercer Movimiento: Un Instante de Luz\u201d, donde el deseo se convirti\u00f3 en motor narrativo y musical.<\/p>\n<p class=\"ft-text\">En la \u00faltima fase, el estudio situ\u00f3 el verdadero alumbramiento: el reconocimiento de que no era posible controlar la mente ni las emociones. Seg\u00fan Ler\u00edn, ah\u00ed residi\u00f3 la clave del disco: en aceptar la fragilidad como \u00fanico territorio sincero.<\/p>\n<p class=\"ft-text\">La \u201cCoda Feliz\u201d, concluy\u00f3, cerr\u00f3 el viaje con una mezcla de luz y vulnerabilidad. Aunque la letra celebr\u00f3 una adicci\u00f3n amorosa, en la grabaci\u00f3n se percibieron sollozos que contrastaron con la armon\u00eda luminosa. Un final abierto que reforz\u00f3 la idea de un renacimiento emocional.<\/p>\n<p class=\"ft-text\">El Trabajo de Fin de Grado defendi\u00f3 que los \u00e1lbumes conceptuales son una herramienta de an\u00e1lisis v\u00e1lida y f\u00e9rtil para la musicolog\u00eda y subray\u00f3 la escasez de estudios acad\u00e9micos sobre Robe, tanto en su etapa con Extremoduro como en solitario.<\/p>\n<p class=\"ft-text\">Ler\u00edn reivindic\u00f3 la necesidad de situar obras como May\u00e9utica en el canon de la m\u00fasica popular analizable y record\u00f3 la relevancia de trabajos como Extremoduro de profundis, de Javier Men\u00e9ndez Flores, para comprender la figura del m\u00fasico.<\/p>\n","protected":false},"excerpt":{"rendered":"El universo creativo de Robe Iniesta no solo llen\u00f3 escenarios: tambi\u00e9n termin\u00f3 ocupando espacio en la universidad. El&hellip;\n","protected":false},"author":2,"featured_media":282588,"comment_status":"","ping_status":"","sticky":false,"template":"","format":"standard","meta":{"footnotes":""},"categories":[174],"tags":[255,146,147,25,68377,24,256,1294,68376,185,26703,68001,38048,41415,23,43953],"class_list":{"0":"post-282587","1":"post","2":"type-post","3":"status-publish","4":"format-standard","5":"has-post-thumbnail","7":"category-famosos","8":"tag-celebrities","9":"tag-entertainment","10":"tag-entretenimiento","11":"tag-es","12":"tag-escondia","13":"tag-espana","14":"tag-famosos","15":"tag-investigacion","16":"tag-mayeutica","17":"tag-musica","18":"tag-revelo","19":"tag-robe","20":"tag-secreta","21":"tag-sinfonia","22":"tag-spain","23":"tag-tesis"},"share_on_mastodon":{"url":"https:\/\/pubeurope.com\/@es\/115700265372012751","error":""},"_links":{"self":[{"href":"https:\/\/www.europesays.com\/es\/wp-json\/wp\/v2\/posts\/282587","targetHints":{"allow":["GET"]}}],"collection":[{"href":"https:\/\/www.europesays.com\/es\/wp-json\/wp\/v2\/posts"}],"about":[{"href":"https:\/\/www.europesays.com\/es\/wp-json\/wp\/v2\/types\/post"}],"author":[{"embeddable":true,"href":"https:\/\/www.europesays.com\/es\/wp-json\/wp\/v2\/users\/2"}],"replies":[{"embeddable":true,"href":"https:\/\/www.europesays.com\/es\/wp-json\/wp\/v2\/comments?post=282587"}],"version-history":[{"count":0,"href":"https:\/\/www.europesays.com\/es\/wp-json\/wp\/v2\/posts\/282587\/revisions"}],"wp:featuredmedia":[{"embeddable":true,"href":"https:\/\/www.europesays.com\/es\/wp-json\/wp\/v2\/media\/282588"}],"wp:attachment":[{"href":"https:\/\/www.europesays.com\/es\/wp-json\/wp\/v2\/media?parent=282587"}],"wp:term":[{"taxonomy":"category","embeddable":true,"href":"https:\/\/www.europesays.com\/es\/wp-json\/wp\/v2\/categories?post=282587"},{"taxonomy":"post_tag","embeddable":true,"href":"https:\/\/www.europesays.com\/es\/wp-json\/wp\/v2\/tags?post=282587"}],"curies":[{"name":"wp","href":"https:\/\/api.w.org\/{rel}","templated":true}]}}