{"id":282613,"date":"2025-12-11T09:58:09","date_gmt":"2025-12-11T09:58:09","guid":{"rendered":"https:\/\/www.europesays.com\/es\/282613\/"},"modified":"2025-12-11T09:58:09","modified_gmt":"2025-12-11T09:58:09","slug":"jesus-ramirez-peristeri-nos-ha-pasado-por-encima-nuestro-deporte","status":"publish","type":"post","link":"https:\/\/www.europesays.com\/es\/282613\/","title":{"rendered":"Jes\u00fas Ram\u00edrez: \u00abPeristeri nos ha pasado por encima\u00bb | Nuestro deporte"},"content":{"rendered":"<p>El entrenador del equipo masculino de Casademont Zaragoza, Jes\u00fas Ram\u00edrez, ha realizado un <strong>balance del encuentro en el que los suyos han cedido por 80-92 ante el Peristeri <\/strong>en su estreno en la segunda fase de la FIBA Europe Cup. Tras un encuentro decidido en el \u00faltimo cuarto, el t\u00e9cnico ha manifestado sentirse superado por el conjunto griego. Estas han sido sus declaraciones m\u00e1s destacadas:<\/p>\n<p><strong>Valoraci\u00f3n del partido<\/strong><\/p>\n<p>Primero, felicitar a Peristeri. Nos han pasado por encima. No nos hemos acercado en ning\u00fan momento a lo que iban a proponer, que lo sab\u00edamos. La primera parte parec\u00eda que est\u00e1bamos ah\u00ed, pero ya nos estaban sacando el partido porque, ofensivamente, no est\u00e1bamos jugando nada f\u00edsico. Est\u00e1bamos corriendo a esperar que los contactos que sab\u00edamos que se iban a dar\u00a0se convirtieran en faltas. No ha sido as\u00ed y, a base de mucho esfuerzo, intentamos cambiar elementos de juego en la pista. Nos han sacado el partido. Son la segunda mejor defensa de la competici\u00f3n, son muy f\u00edsicos y hacen las cosas muy bien defensivamente. Nosotros hemos salido a jugar de otra manera.<\/p>\n<p><strong>Desempe\u00f1o en la segunda parte<\/strong><\/p>\n<p>No quiero entrar en temas t\u00e1cticos. Es un tema de mentalidad y de querer jugar o no querer jugar. De querer acercarte o no al nivel f\u00edsico del partido. No ha sido as\u00ed. Normalmente defiendo a los jugadores a muerte hasta el \u00faltimo segundo. Hoy me lo han puesto muy dif\u00edcil. Puedo sacar a tres jugadores que creo que han intentado acercarse al ritmo del partido, pero con eso no es suficiente en este nivel de competici\u00f3n. Es un partido de baloncesto contra un muy buen equipo que hace las cosas bien. Si nosotros hacemos las cosas bien, tenemos potencial de sobra para ganar. Si vamos a jugar el partido como hemos jugado, no vamos a ganar ni este, ni el siguiente, ni los que van a venir. Desde dentro lo vamos a hablar y vamos a ver historias que puedan haber dentro nuestro y a ver si somos un poco m\u00e1s valientes, directos, competitivos y disciplinados. Hoy ha sido dif\u00edcil sacar jugadores que puedan ayudar a mantener el nivel del partido.<\/p>\n<p><strong>Problema\u00a0de actitud<\/strong><\/p>\n<p>Me cuesta entenderlo. Me cuesta entender que no queramos jugar un partido como el de hoy, ganarlo y empezar la competici\u00f3n como Dios manda para intentar llegar eso, que es lo que estamos pidiendo. Me cuesta entenderlo. Esto complica las cosas y, si seguimos as\u00ed, se van a complicar m\u00e1s.<\/p>\n<p>Si quieres estar al d\u00eda de toda la actualidad deportiva, s\u00edguenos en redes sociales: <a href=\"https:\/\/www.instagram.com\/aragondeporte\/\" target=\"_blank\" rel=\"noindex nofollow noopener\">Instagram<\/a>, <a href=\"https:\/\/www.facebook.com\/aragondeporte\/\" target=\"_blank\" rel=\"noindex nofollow noopener\">Facebook<\/a>, <a href=\"https:\/\/x.com\/ardeportes\" target=\"_blank\" rel=\"noindex nofollow\">X<\/a> y tambi\u00e9n en el canal de <a href=\"https:\/\/whatsapp.com\/channel\/0029Vb8JrUy6rsQrHNE2y41l\" target=\"_blank\" rel=\"noindex nofollow noopener\">WhatsApp<\/a>.<\/p>\n<p>            <script async src=\"\/\/www.instagram.com\/embed.js\"><\/script><\/p>\n","protected":false},"excerpt":{"rendered":"El entrenador del equipo masculino de Casademont Zaragoza, Jes\u00fas Ram\u00edrez, ha realizado un balance del encuentro en el&hellip;\n","protected":false},"author":2,"featured_media":282614,"comment_status":"","ping_status":"","sticky":false,"template":"","format":"standard","meta":{"footnotes":""},"categories":[269],"tags":[4499,4502,299,298,4501,4110,634,168,25,24,4500,1448,23,167,214],"class_list":{"0":"post-282613","1":"post","2":"type-post","3":"status-publish","4":"format-standard","5":"has-post-thumbnail","7":"category-baloncesto","8":"tag-aragon","9":"tag-aragonesa","10":"tag-baloncesto","11":"tag-basketball","12":"tag-cartv","13":"tag-corporacion","14":"tag-deporte","15":"tag-deportes","16":"tag-es","17":"tag-espana","18":"tag-publica","19":"tag-radio","20":"tag-spain","21":"tag-sports","22":"tag-tv"},"share_on_mastodon":{"url":"https:\/\/pubeurope.com\/@es\/115700348064412181","error":""},"_links":{"self":[{"href":"https:\/\/www.europesays.com\/es\/wp-json\/wp\/v2\/posts\/282613","targetHints":{"allow":["GET"]}}],"collection":[{"href":"https:\/\/www.europesays.com\/es\/wp-json\/wp\/v2\/posts"}],"about":[{"href":"https:\/\/www.europesays.com\/es\/wp-json\/wp\/v2\/types\/post"}],"author":[{"embeddable":true,"href":"https:\/\/www.europesays.com\/es\/wp-json\/wp\/v2\/users\/2"}],"replies":[{"embeddable":true,"href":"https:\/\/www.europesays.com\/es\/wp-json\/wp\/v2\/comments?post=282613"}],"version-history":[{"count":0,"href":"https:\/\/www.europesays.com\/es\/wp-json\/wp\/v2\/posts\/282613\/revisions"}],"wp:featuredmedia":[{"embeddable":true,"href":"https:\/\/www.europesays.com\/es\/wp-json\/wp\/v2\/media\/282614"}],"wp:attachment":[{"href":"https:\/\/www.europesays.com\/es\/wp-json\/wp\/v2\/media?parent=282613"}],"wp:term":[{"taxonomy":"category","embeddable":true,"href":"https:\/\/www.europesays.com\/es\/wp-json\/wp\/v2\/categories?post=282613"},{"taxonomy":"post_tag","embeddable":true,"href":"https:\/\/www.europesays.com\/es\/wp-json\/wp\/v2\/tags?post=282613"}],"curies":[{"name":"wp","href":"https:\/\/api.w.org\/{rel}","templated":true}]}}