{"id":282615,"date":"2025-12-11T09:59:09","date_gmt":"2025-12-11T09:59:09","guid":{"rendered":"https:\/\/www.europesays.com\/es\/282615\/"},"modified":"2025-12-11T09:59:09","modified_gmt":"2025-12-11T09:59:09","slug":"turpin-en-el-real-madrid-city","status":"publish","type":"post","link":"https:\/\/www.europesays.com\/es\/282615\/","title":{"rendered":"Turpin en el Real Madrid-City"},"content":{"rendered":"<p>Arbitr\u00f3 el franc\u00e9s Cl\u00e9ment Turpin. En el VAR estuvo J\u00e9rome Brisard.<\/p>\n<p>No gust\u00f3 nada el franc\u00e9s con decisiones dispares en jugadas parecidas. Tambi\u00e9n empez\u00f3 valiente con las amonestaciones y ah\u00ed se par\u00f3.<\/p>\n<p>El choque comenz\u00f3 con una falta de Nunes a Vinicius en el 2&#8242; que fue fuera del \u00e1rea por poco. A los 10&#8242;, mostr\u00f3 la primera amarilla a Foden por una entrada a Rodrygo. Luego, hubo faltas m\u00e1s claras como una de Gvardiol a Rodrygo en el 15&#8242; y otra de Nico al brasile\u00f1o en el 17&#8242;. Nada. Entre medias, los blancos pidieron una mano de Nunes, pero estaba pegada y no era punible.<\/p>\n<p>La primera jugada pol\u00e9mica lleg\u00f3 en el 35&#8242;. Gol de O&#8217;Reilly en un c\u00f3rner, pero en las im\u00e1genes se ve como Bernardo Silva agarra a Courtois del brazo y no le permite salir. Falta. Nada de eso val\u00eda despu\u00e9s. En el 42&#8242; se produjo un penalti de R\u00fcdiger a Haaland al que agarr\u00f3 y tir\u00f3. La segunda acci\u00f3n en la que fall\u00f3 fue dos minutos despu\u00e9s cuando no pit\u00f3 el agarr\u00f3n de Gvardiol a Asencio en un bal\u00f3n parado. Justo lo que pas\u00f3 ayer en el Inter &#8211; Liverpool. Misma competici\u00f3n, dos baremos diferentes.<\/p>\n<p>En la segunda, el franc\u00e9s se anim\u00f3 con las tarjetas. Ense\u00f1\u00f3 dos por cada bando. A los blancos, a Rodrygo por desplazar un bal\u00f3n y a Carreras por tirar a Savinho que se iba; en los visitantes a O&#8217;Reilly por derribar a Valverde y a Bernardo por una entrada dura abajo a Brahim.<\/p>\n<p>Turpin, HORRIBLE.<\/p>\n","protected":false},"excerpt":{"rendered":"Arbitr\u00f3 el franc\u00e9s Cl\u00e9ment Turpin. En el VAR estuvo J\u00e9rome Brisard. No gust\u00f3 nada el franc\u00e9s con decisiones&hellip;\n","protected":false},"author":2,"featured_media":282616,"comment_status":"","ping_status":"","sticky":false,"template":"","format":"standard","meta":{"footnotes":""},"categories":[268],"tags":[168,25,24,280,282,281,23,167],"class_list":{"0":"post-282615","1":"post","2":"type-post","3":"status-publish","4":"format-standard","5":"has-post-thumbnail","7":"category-futbol","8":"tag-deportes","9":"tag-es","10":"tag-espana","11":"tag-football","12":"tag-futbol","13":"tag-soccer","14":"tag-spain","15":"tag-sports"},"share_on_mastodon":{"url":"https:\/\/pubeurope.com\/@es\/115700352315473389","error":""},"_links":{"self":[{"href":"https:\/\/www.europesays.com\/es\/wp-json\/wp\/v2\/posts\/282615","targetHints":{"allow":["GET"]}}],"collection":[{"href":"https:\/\/www.europesays.com\/es\/wp-json\/wp\/v2\/posts"}],"about":[{"href":"https:\/\/www.europesays.com\/es\/wp-json\/wp\/v2\/types\/post"}],"author":[{"embeddable":true,"href":"https:\/\/www.europesays.com\/es\/wp-json\/wp\/v2\/users\/2"}],"replies":[{"embeddable":true,"href":"https:\/\/www.europesays.com\/es\/wp-json\/wp\/v2\/comments?post=282615"}],"version-history":[{"count":0,"href":"https:\/\/www.europesays.com\/es\/wp-json\/wp\/v2\/posts\/282615\/revisions"}],"wp:featuredmedia":[{"embeddable":true,"href":"https:\/\/www.europesays.com\/es\/wp-json\/wp\/v2\/media\/282616"}],"wp:attachment":[{"href":"https:\/\/www.europesays.com\/es\/wp-json\/wp\/v2\/media?parent=282615"}],"wp:term":[{"taxonomy":"category","embeddable":true,"href":"https:\/\/www.europesays.com\/es\/wp-json\/wp\/v2\/categories?post=282615"},{"taxonomy":"post_tag","embeddable":true,"href":"https:\/\/www.europesays.com\/es\/wp-json\/wp\/v2\/tags?post=282615"}],"curies":[{"name":"wp","href":"https:\/\/api.w.org\/{rel}","templated":true}]}}