{"id":282617,"date":"2025-12-11T10:00:10","date_gmt":"2025-12-11T10:00:10","guid":{"rendered":"https:\/\/www.europesays.com\/es\/282617\/"},"modified":"2025-12-11T10:00:10","modified_gmt":"2025-12-11T10:00:10","slug":"jordi-hurtado-repasa-su-trayectoria-en-la-revuelta-y-revela-que-fue-la-voz-de-un-personaje-emblematico-cine-y-tv","status":"publish","type":"post","link":"https:\/\/www.europesays.com\/es\/282617\/","title":{"rendered":"Jordi Hurtado repasa su trayectoria en &#8216;La Revuelta&#8217; y revela que fue la voz de un personaje emblem\u00e1tico | Cine y TV"},"content":{"rendered":"<p class=\"loc\">Madrid<\/p>\n<p>No hay duda de que <a href=\"https:\/\/cadenaser.com\/nacional\/2025\/07\/02\/jordi-hurtado-premio-nacional-de-television-2025-cadena-ser\/\" target=\"_blank\" rel=\"noreferrer nofollow noopener\" title=\"https:\/\/cadenaser.com\/nacional\/2025\/07\/02\/jordi-hurtado-premio-nacional-de-television-2025-cadena-ser\/\">Jordi Hurtado<\/a> es una de las caras m\u00e1s queridas y reconocidas de la televisi\u00f3n. \u00c9l mismo cont\u00f3 en <a href=\"https:\/\/cadenaser.com\/nacional\/2025\/12\/04\/que-mal-ha-estado-franco-pedro-ruiz-rescata-en-la-revuelta-el-origen-de-los-dos-apellidos-para-referirse-a-los-arbitros-cadena-ser\/\" target=\"_blank\" rel=\"noreferrer nofollow noopener\" title=\"https:\/\/cadenaser.com\/nacional\/2025\/12\/04\/que-mal-ha-estado-franco-pedro-ruiz-rescata-en-la-revuelta-el-origen-de-los-dos-apellidos-para-referirse-a-los-arbitros-cadena-ser\/\">La Revuelta<\/a> que el a\u00f1o que viene se cumplir\u00e1n 29 a\u00f1os del comienzo de <a href=\"https:\/\/cadenaser.com\/nacional\/2025\/06\/05\/jordi-hurtado-anuncia-por-sorpresa-que-dejara-de-presentar-parcialmente-saber-y-ganar-despues-de-casi-30-anos-cadena-ser\/\" target=\"_blank\" rel=\"noreferrer nofollow noopener\" title=\"https:\/\/cadenaser.com\/nacional\/2025\/06\/05\/jordi-hurtado-anuncia-por-sorpresa-que-dejara-de-presentar-parcialmente-saber-y-ganar-despues-de-casi-30-anos-cadena-ser\/\">Saber y Ganar<\/a>, que suma 6.825 programas de diario. \u00abDigo, voy a apunt\u00e1rmelo porque seguro que David me lo preguntar\u00e1\u00bb, confesaba a Broncano. <\/p>\n<p>Hurtado est\u00e1 seguro de que Saber y Ganar sobrevivir\u00e1 a los que lo est\u00e1n haciendo ahora: \u00abEl programa seguir\u00e1, quiz\u00e1 los que lo estamos haciendo ahora, no\u00bb. <\/p>\n<p>El presentador confes\u00f3 que el p\u00fablico que suena en el programa es \u00abenlatado\u00bb y que \u00abla mayor\u00eda ya est\u00e1n muertos\u00bb, por lo que <a href=\"https:\/\/cadenaser.com\/nacional\/2025\/11\/28\/broncano-lanza-un-tierno-mensaje-a-buenafuente-tras-anunciar-su-paron-por-prescripcion-medica-ha-parado-un-ratito-cadena-ser\/\" target=\"_blank\" rel=\"noreferrer nofollow noopener\" title=\"https:\/\/cadenaser.com\/nacional\/2025\/11\/28\/broncano-lanza-un-tierno-mensaje-a-buenafuente-tras-anunciar-su-paron-por-prescripcion-medica-ha-parado-un-ratito-cadena-ser\/\">Broncano<\/a> le ofreci\u00f3 grabar un aplauso \u00aben vivo\u00bb, \u00abfresco\u00bb, en ese mismo momento: \u00abEsto es un regalo inmenso\u00bb, agradec\u00eda Hurtado.<\/p>\n<p>El conductor de Saber y Ganar le hizo tambi\u00e9n un regalo a Broncano de parte de todo el programa: \u00abHa estado en las manos de muchos magn\u00edficos\u00bb, le anunciaba, y le dio un pulsador firmado por \u00e9l mismo. \u00abQu\u00e9 tacto del conocimiento\u00bb, bromeaba el presentador de La Revuelta, haci\u00e9ndose pasar por un concursante del programa de Hurtado. Y se dio cuenta de que, adem\u00e1s, era un servilletero: \u00abEs que los catalanes lo aprovechamos todo\u00bb, apunt\u00f3 el periodista veterano.<\/p>\n<p>De Barrio S\u00e9samo a Bola de Drag\u00f3n<\/p>\n<p>Jordi Hurtado lleva en televisi\u00f3n m\u00e1s de 40 a\u00f1os y, en paralelo, ha desarrollado una extensa carrera como doblador. \u00abHe doblado much\u00edsimas cosas, muchos dibujos animados\u00bb, record\u00f3. Fue entonces cuando revel\u00f3 que durante un tiempo hab\u00eda doblado a uno de los personajes m\u00e1s emblem\u00e1ticos de los 80: Epi, de Barrio S\u00e9samo. \u00abNo soy el \u00fanico que ha doblado a Epi, hab\u00eda un doblador en Madrid pero cuando se dobl\u00f3 en Barcelona segu\u00ed un poco lo que hab\u00eda hecho el de aqu\u00ed\u00bb, explic\u00f3.<\/p>\n<p>Epi no fue el \u00fanico personaje que marc\u00f3 la infancia de muchas personas al que puso voz Hurtado: \u00abA veces en Twitter ponen trocitos que he doblado de Bola de Drag\u00f3n\u00bb, cont\u00f3, y se reconoci\u00f3 en un extracto que pusieron en el programa. <\/p>\n","protected":false},"excerpt":{"rendered":"Madrid No hay duda de que Jordi Hurtado es una de las caras m\u00e1s queridas y reconocidas de&hellip;\n","protected":false},"author":2,"featured_media":282618,"comment_status":"","ping_status":"","sticky":false,"template":"","format":"standard","meta":{"footnotes":""},"categories":[174],"tags":[255,146,147,25,24,256,23],"class_list":{"0":"post-282617","1":"post","2":"type-post","3":"status-publish","4":"format-standard","5":"has-post-thumbnail","7":"category-famosos","8":"tag-celebrities","9":"tag-entertainment","10":"tag-entretenimiento","11":"tag-es","12":"tag-espana","13":"tag-famosos","14":"tag-spain"},"share_on_mastodon":{"url":"https:\/\/pubeurope.com\/@es\/115700355771400992","error":""},"_links":{"self":[{"href":"https:\/\/www.europesays.com\/es\/wp-json\/wp\/v2\/posts\/282617","targetHints":{"allow":["GET"]}}],"collection":[{"href":"https:\/\/www.europesays.com\/es\/wp-json\/wp\/v2\/posts"}],"about":[{"href":"https:\/\/www.europesays.com\/es\/wp-json\/wp\/v2\/types\/post"}],"author":[{"embeddable":true,"href":"https:\/\/www.europesays.com\/es\/wp-json\/wp\/v2\/users\/2"}],"replies":[{"embeddable":true,"href":"https:\/\/www.europesays.com\/es\/wp-json\/wp\/v2\/comments?post=282617"}],"version-history":[{"count":0,"href":"https:\/\/www.europesays.com\/es\/wp-json\/wp\/v2\/posts\/282617\/revisions"}],"wp:featuredmedia":[{"embeddable":true,"href":"https:\/\/www.europesays.com\/es\/wp-json\/wp\/v2\/media\/282618"}],"wp:attachment":[{"href":"https:\/\/www.europesays.com\/es\/wp-json\/wp\/v2\/media?parent=282617"}],"wp:term":[{"taxonomy":"category","embeddable":true,"href":"https:\/\/www.europesays.com\/es\/wp-json\/wp\/v2\/categories?post=282617"},{"taxonomy":"post_tag","embeddable":true,"href":"https:\/\/www.europesays.com\/es\/wp-json\/wp\/v2\/tags?post=282617"}],"curies":[{"name":"wp","href":"https:\/\/api.w.org\/{rel}","templated":true}]}}