{"id":282621,"date":"2025-12-11T10:04:22","date_gmt":"2025-12-11T10:04:22","guid":{"rendered":"https:\/\/www.europesays.com\/es\/282621\/"},"modified":"2025-12-11T10:04:22","modified_gmt":"2025-12-11T10:04:22","slug":"gala-de-los-premios-yepes-de-la-musica-en-murcia-en-imagenes-la-verdad","status":"publish","type":"post","link":"https:\/\/www.europesays.com\/es\/282621\/","title":{"rendered":"Gala de los Premios Yepes de la M\u00fasica en Murcia, en im\u00e1genes &#8211; La Verdad"},"content":{"rendered":"<ol>\n<li><a href=\"https:\/\/news.google.com\/rss\/articles\/CBMingFBVV95cUxNakdpUWdXbTJmdVhGUGJrTk9KeWpaMnR6bnlUWlJHMVVRUUhIbkVQTzJPZ1VGaGgtd244QWtMQWszdjR0OWR2NUQtZFhabEJMVWRVUXJWZEJic19YZklDano3MGN3aVdBdTM1dFZRbHJFYkE5cmtWRC1tNWstdVRKWmVPNWIwX1BLa2dsVnhsUmFRTVpxT0tpY2VTY3ZOQdIBowFBVV95cUxQblZhQlVySXhfbnhEWjh1Z1hiUXBlVlpQeTMzTEhSeWVUWmNvZ0QxeVlKTzZ3dlhOTk56V2NCeENRRFlFNGt6bjBNa2VkTVhjUFB2cExjc0hWb1dVNk1fOXpwUk9UMk9GVFlGWEVMQld6akVYdklHNFBWSnMzeWxEZWdjbnl1UGRJQTFZbks3SEU3V1J2a1IzNmNsT2MxUkpMNXVn?oc=5\" target=\"_blank\" rel=\"nofollow noopener\">Gala de los Premios Yepes de la M\u00fasica en Murcia, en im\u00e1genes<\/a>&nbsp;&nbsp;La Verdad<\/li>\n<li><a href=\"https:\/\/news.google.com\/rss\/articles\/CBMi2gFBVV95cUxOTkplTlNpcFRQZEJtelVjT2Z1cGYxcHVtYk9ob0NOZVMwZGhoRkctWDE2MnBwZEtqRUJSZVJLU3VzY0ZITHUtUkcyQnhkT3FsV0VLWWQ0aUV6X0F6OU5tQlZINDd6ZW0yc3ROeGlsUlhMbkZrYjZncTBGZ0t1SWFwUkhmNGJDOXF4ZDRTTlRNdEE3d1R2cmxjY040dkFPU3BCWXlxOVJYU3FHRWNicFgzR2tSWWcxaVlCRFZUVmJPVlQ5R3ZyVmw4TXBkWTF0VnJ4OG9DYmtVQ2ZnUQ?oc=5\" target=\"_blank\" rel=\"nofollow noopener\">Los Premios de la M\u00fasica de la Regi\u00f3n de Murcia homenajean a Second y reconocen lo nuevo de Ruth Lorenzo y a Rata<\/a>&nbsp;&nbsp;Europa Press<\/li>\n<li><a href=\"https:\/\/news.google.com\/rss\/articles\/CBMingFBVV95cUxOVGM1TDZCYm82RUxuY3pieVFPdXdpUUpxcG83QXdadDc2XzNXMmQ2RWtfYkxYcVk3bnlJQ2Q3NXN6OGtRYzJVSUNHOXQ1OVEwN0dSWkFxQzJkcEJUZmhVODlDV0FKYlAxMUFXdkJZUHczMW1fb0pSR0N3cU5SYVZrZHo2Zi1oR3ZuMzVNZTB6LTFOMU54NXREWFdoN0NpQdIBowFBVV95cUxQVWt5TWdmQ1dhbnlONUNhd3FqUEt1ZHhQSXhpd3RjZUdTUnpremUycVIwd0hiUVNDOXVwSjJQMG5uNnFZQkc5OHN0VDltLTFUcjlRc0VCZ2c1T2RzMG5FbjduNDl3WFk5ZkhkX3VHV0VLWjZuVTBQUUlHVjJ4RWhZVHdnQWxVSGFOdkhxRWF2UlVOXzFTems4SGd2LXNrdHFfRDln?oc=5\" target=\"_blank\" rel=\"nofollow noopener\">Rata se alza con el premio a Mejor Artista Emergente<\/a>&nbsp;&nbsp;La Opini\u00f3n de Murcia<\/li>\n<li><a href=\"https:\/\/news.google.com\/rss\/articles\/CBMi_AFBVV95cUxPSlN3SFIxSXpWdFdBMmJXWjJSSUQ2b1R1dDdzbl9mS2k3SDRxUldILXY3UVdwRm5xUmwtUVRDSWFTbHl1Um5HRGt4ZkM5ZEw2M0dNLU1fZmlfSzlvcXNsNXJLRTgwdzVlaU5yVmlUT1U2anZ1c09DejM4NEY3UW5DUzdLakt1UXhBWllMczBFT21xQ0ZCRDdiVkg3QUlrQzZmYnVxcWUzV01hZWttQnNyR05WY0NWeGI2M2VtVFpHc3NFaHBJdnFWTUI4bmIzUXBvUUs1LUVRUlNQUFp5VHVTU1NJc2ozenhpa1hQUWpoNWZuRW1sdFB2dEFIZDU?oc=5\" target=\"_blank\" rel=\"nofollow noopener\">El periodista de Onda Regional Adolfo Fern\u00e1ndez recoge el galard\u00f3n a la mejor labor en medios de comunicaci\u00f3n en los premios Yepes 2025 | ORM<\/a>&nbsp;&nbsp;Onda Regional de Murcia | ORM<\/li>\n<li><a href=\"https:\/\/news.google.com\/rss\/articles\/CBMi1gFBVV95cUxQMHJScEpUOUIzd2RGLUtPc1hCTlhmS3UwNXBPWDNERmtTNnJhd0pEMlRZZ3Z6djl4Qm43WThLWGtCZm41ZUpqTk9CSG0tQlU3YndCbWQwRllpWm14NFhWY2xPM2NBM3BDcWRXSmtWWm1SSWNuZTRWakFxRFhvTnJMbjdxdzc2SjBvRlc2ejh2ME9KVkk5UXFYT1VFM1RiRFR3N0RCeVUtLU1UYTRSdW54UmdzQ3d2eXFUdmd1aVJjTmw0WS1NWlN4WkV6QnJnSWItNVM1NFNR?oc=5\" target=\"_blank\" rel=\"nofollow noopener\">El Caravaca Power Pop gana el Premio de la M\u00fasica de la Regi\u00f3n de Murcia en la categor\u00eda \u2018Mejor Festival 2025\u2019<\/a>&nbsp;&nbsp;El Noroeste Digital<\/li>\n<\/ol>\n","protected":false},"excerpt":{"rendered":"Gala de los Premios Yepes de la M\u00fasica en Murcia, en im\u00e1genes&nbsp;&nbsp;La Verdad Los Premios de la M\u00fasica&hellip;\n","protected":false},"author":2,"featured_media":282622,"comment_status":"","ping_status":"","sticky":false,"template":"","format":"standard","meta":{"footnotes":""},"categories":[170],"tags":[146,147,25,24,1649,1641,1478,184,185,532,23,67831],"class_list":{"0":"post-282621","1":"post","2":"type-post","3":"status-publish","4":"format-standard","5":"has-post-thumbnail","7":"category-musica","8":"tag-entertainment","9":"tag-entretenimiento","10":"tag-es","11":"tag-espana","12":"tag-gala","13":"tag-imagenes","14":"tag-murcia","15":"tag-music","16":"tag-musica","17":"tag-premios","18":"tag-spain","19":"tag-yepes"},"share_on_mastodon":{"url":"https:\/\/pubeurope.com\/@es\/115700371604220360","error":""},"_links":{"self":[{"href":"https:\/\/www.europesays.com\/es\/wp-json\/wp\/v2\/posts\/282621","targetHints":{"allow":["GET"]}}],"collection":[{"href":"https:\/\/www.europesays.com\/es\/wp-json\/wp\/v2\/posts"}],"about":[{"href":"https:\/\/www.europesays.com\/es\/wp-json\/wp\/v2\/types\/post"}],"author":[{"embeddable":true,"href":"https:\/\/www.europesays.com\/es\/wp-json\/wp\/v2\/users\/2"}],"replies":[{"embeddable":true,"href":"https:\/\/www.europesays.com\/es\/wp-json\/wp\/v2\/comments?post=282621"}],"version-history":[{"count":0,"href":"https:\/\/www.europesays.com\/es\/wp-json\/wp\/v2\/posts\/282621\/revisions"}],"wp:featuredmedia":[{"embeddable":true,"href":"https:\/\/www.europesays.com\/es\/wp-json\/wp\/v2\/media\/282622"}],"wp:attachment":[{"href":"https:\/\/www.europesays.com\/es\/wp-json\/wp\/v2\/media?parent=282621"}],"wp:term":[{"taxonomy":"category","embeddable":true,"href":"https:\/\/www.europesays.com\/es\/wp-json\/wp\/v2\/categories?post=282621"},{"taxonomy":"post_tag","embeddable":true,"href":"https:\/\/www.europesays.com\/es\/wp-json\/wp\/v2\/tags?post=282621"}],"curies":[{"name":"wp","href":"https:\/\/api.w.org\/{rel}","templated":true}]}}