{"id":282651,"date":"2025-12-11T10:31:15","date_gmt":"2025-12-11T10:31:15","guid":{"rendered":"https:\/\/www.europesays.com\/es\/282651\/"},"modified":"2025-12-11T10:31:15","modified_gmt":"2025-12-11T10:31:15","slug":"netflix-cancela-el-refugio-atomico-tras-una-temporada","status":"publish","type":"post","link":"https:\/\/www.europesays.com\/es\/282651\/","title":{"rendered":"Netflix cancela &#8216;El refugio at\u00f3mico&#8217; tras una temporada"},"content":{"rendered":"<p style=\"\">Netflix present\u00f3 &#8216;El refugio at\u00f3mico&#8217; como uno de sus proyectos m\u00e1s ambiciosos, respaldado por el equipo creativo de &#8216;La casa de papel&#8217; y &#8216;Berl\u00edn&#8217; (\u00c1lex Pina y Esther Mart\u00ednez Lobato), y <a href=\"https:\/\/www.abc.es\/play\/series\/noticias\/ocho-episodios-exito-netflix-nueva-serie-creadores-20250920165654-nt.html\" target=\"_self\" data-voc-vtm-id=\"in-text-traffic\" title=\"con enormes decorados construidos espec\u00edficamente para la serie\" rel=\"nofollow noopener\">con enormes decorados construidos espec\u00edficamente para la serie<\/a>. Sin embargo, la primera temporada  &#8230; no alcanz\u00f3 el impacto previsto. Tras sus ocho episodios iniciales, la historia ambientada en un lujoso b\u00fanker no continuar\u00e1: seg\u00fan adelant\u00f3 El Pa\u00eds y ha podido confirmar ABC, la producci\u00f3n ha sido cancelada, los int\u00e9rpretes ya han sido informados y los sets est\u00e1n siendo desmontados.<\/p>\n<p class=\"voc-p\" style=\"\">La ficci\u00f3n ofrec\u00eda un giro argumental al finalizar su episodio inaugural, alterando por completo la premisa. Aunque la sinopsis adelantaba que la trama, protagonizada por Miren Ibarguren, Joaqu\u00edn Furriel, Natalia Verbeke y Carlos Santos, situaba al espectador ante la inminencia de una tercera guerra mundial. Un grupo de magnates invert\u00eda en la construcci\u00f3n de un b\u00fanker de alta gama, dise\u00f1ado como <strong>un hotel retrofuturista con comodidades de \u00faltima generaci\u00f3n<\/strong>, preparado para acoger a sus familias durante una d\u00e9cada. Antes de que estallara la cat\u00e1strofe nuclear, todos se trasladan all\u00ed como medida preventiva, pero lo que deb\u00eda ser una estancia temporal terminaba convirti\u00e9ndose en su nueva realidad permanente.<\/p>\n<p class=\"voc-p\" style=\"\">La ambici\u00f3n de este proyecto estaba, entre otras cosas, en su apuesta por la puesta en escena. \u00ab<a href=\"https:\/\/www.abc.es\/play\/series\/noticias\/bunker-millonarios-creadores-casa-papel-catartico-meter-20250920142813-nt.html\" target=\"_self\" data-voc-vtm-id=\"in-text-traffic\" title=\"Necesit\u00e1bamos un plat\u00f3 360 para rodar en continuidad y que diera esa sensaci\u00f3n de que vives dentro\" data-mrf-link=\"www.abc.es\" rel=\"nofollow noopener\">Necesit\u00e1bamos un plat\u00f3 360 para rodar en continuidad y que diera esa sensaci\u00f3n de que vives dentro<\/a>. Esta es la vez que m\u00e1s nos hemos expandido pero siempre intentamos rodar en sitios que puedas mover la c\u00e1mara en todos los lugares. Lo vamos haciendo m\u00e1s porque las posibilidades que te da son brutales: la identidad visual, crom\u00e1ticamente, el cuidado de la luz\u2026 todo eso viene de poder trabajar en nuestros sitios, sin movernos de aqu\u00ed\u00bb, explicaba \u00c1lex Pina recientemente en una entrevista con ABC. <\/p>\n<p class=\"voc-p\" style=\"\">Sin embargo, toda esa ambici\u00f3n no logr\u00f3 transformarse en el resultado esperado. El espectacular b\u00fanker se recre\u00f3 en los estudios de Colmenar Viejo de la productora Vancouver, el mismo espacio que anteriormente hab\u00eda servido como c\u00e1rcel en &#8216;Vis a vis&#8217;, como la F\u00e1brica de Moneda y Timbre en La casa de papel y que tambi\u00e9n se aprovech\u00f3 para Sky Rojo, pero que parec\u00eda quedarse corto. <strong>Por ello, decidieron ampliarla hasta alcanzar 6.000 metros cuadrados con el fin de cubrir todas las exigencias del proyecto.<\/strong> Adem\u00e1s, parte del rodaje tuvo lugar en la sede de Netflix en Tres Cantos y en su plat\u00f3 virtual. En total, se levantaron unos 8.000 metros cuadrados de escenograf\u00eda.<\/p>\n","protected":false},"excerpt":{"rendered":"Netflix present\u00f3 &#8216;El refugio at\u00f3mico&#8217; como uno de sus proyectos m\u00e1s ambiciosos, respaldado por el equipo creativo de&hellip;\n","protected":false},"author":2,"featured_media":282652,"comment_status":"","ping_status":"","sticky":false,"template":"","format":"standard","meta":{"footnotes":""},"categories":[91],"tags":[40896,13639,146,147,25,24,152,12319,23,1152,575],"class_list":{"0":"post-282651","1":"post","2":"type-post","3":"status-publish","4":"format-standard","5":"has-post-thumbnail","7":"category-entretenimiento","8":"tag-atomico","9":"tag-cancela","10":"tag-entertainment","11":"tag-entretenimiento","12":"tag-es","13":"tag-espana","14":"tag-netflix","15":"tag-refugio","16":"tag-spain","17":"tag-temporada","18":"tag-tras"},"share_on_mastodon":{"url":"https:\/\/pubeurope.com\/@es\/115700477765472899","error":""},"_links":{"self":[{"href":"https:\/\/www.europesays.com\/es\/wp-json\/wp\/v2\/posts\/282651","targetHints":{"allow":["GET"]}}],"collection":[{"href":"https:\/\/www.europesays.com\/es\/wp-json\/wp\/v2\/posts"}],"about":[{"href":"https:\/\/www.europesays.com\/es\/wp-json\/wp\/v2\/types\/post"}],"author":[{"embeddable":true,"href":"https:\/\/www.europesays.com\/es\/wp-json\/wp\/v2\/users\/2"}],"replies":[{"embeddable":true,"href":"https:\/\/www.europesays.com\/es\/wp-json\/wp\/v2\/comments?post=282651"}],"version-history":[{"count":0,"href":"https:\/\/www.europesays.com\/es\/wp-json\/wp\/v2\/posts\/282651\/revisions"}],"wp:featuredmedia":[{"embeddable":true,"href":"https:\/\/www.europesays.com\/es\/wp-json\/wp\/v2\/media\/282652"}],"wp:attachment":[{"href":"https:\/\/www.europesays.com\/es\/wp-json\/wp\/v2\/media?parent=282651"}],"wp:term":[{"taxonomy":"category","embeddable":true,"href":"https:\/\/www.europesays.com\/es\/wp-json\/wp\/v2\/categories?post=282651"},{"taxonomy":"post_tag","embeddable":true,"href":"https:\/\/www.europesays.com\/es\/wp-json\/wp\/v2\/tags?post=282651"}],"curies":[{"name":"wp","href":"https:\/\/api.w.org\/{rel}","templated":true}]}}