{"id":282669,"date":"2025-12-11T10:46:08","date_gmt":"2025-12-11T10:46:08","guid":{"rendered":"https:\/\/www.europesays.com\/es\/282669\/"},"modified":"2025-12-11T10:46:08","modified_gmt":"2025-12-11T10:46:08","slug":"asi-es-la-millonaria-herencia-que-deja-robe-iniesta-lider-de-extremoduro","status":"publish","type":"post","link":"https:\/\/www.europesays.com\/es\/282669\/","title":{"rendered":"As\u00ed es la millonaria herencia que deja Robe Iniesta, l\u00edder de Extremoduro"},"content":{"rendered":"<p class=\"paragraph\">La muerte de Robe Iniesta a los 63 a\u00f1os ha causado <b>un profundo pesar<\/b> entre sus miles de seguidores y tambi\u00e9n entre sus compa\u00f1eros de profesi\u00f3n. <a href=\"https:\/\/www.heraldo.es\/noticias\/ocio-y-cultura\/2025\/12\/11\/conmovedor-homenaje-manuel-carrasco-robe-iniesta-hormiguero-extremoduro-1877651.html\" title=\"El conmovedor homenaje de Manuel Carrasco a Robe Iniesta en &#039;El Hormiguero&#039;: &quot;Me ha costado la vida cantarla&quot;\" rel=\"nofollow noopener\" target=\"_blank\">El cantante extreme\u00f1o se hab\u00eda visto obligado a cancelar su gira a causa de un tromboembolismo pulmonar el pasado noviembre.\u00a0<\/a><\/p>\n<p class=\"paragraph\">Uno de los cap\u00edtulos que queda ahora abierto es el de la gesti\u00f3n del patrimonio econ\u00f3mico y musical del artista, <b>amasado en sus varias d\u00e9cadas de \u00e9xitos<\/b> tanto con Extremoduro como en su m\u00e1s reciente faceta en solitario.\u00a0<\/p>\n<p class=\"paragraph\">Seg\u00fan revela &#8216;El Confidencial&#8217;, Iniesta<b> hab\u00eda nombrado a su pareja, Mar\u00eda Victoria V\u00e1zquez, la apoderada<\/b> de las dos firmas que rigen sus actividades empresariales y que abarcan tanto el \u00e1mbito musical como negocios en el turismo ecol\u00f3gico y agr\u00edcolas. Sus hijos se llaman Nah\u00fan y Kar\u00edn Moebius.<\/p>\n<p class=\"paragraph\">Del cap\u00edtulo musical y art\u00edstico se encarga la sociedad BNCA SL, con sede en Vizcaya, que en 2022 aprob\u00f3 unos resultados de aproximadamente dos millones de euros<b> y un activo de tres millones, seg\u00fan &#8216;El Confidencial&#8217;.\u00a0<\/b><\/p>\n<p class=\"paragraph\">En el \u00e1mbito del turismo ecol\u00f3gico Robe Iniesta se bas\u00f3 en la sociedad Producciones 16562 SL. Una empresa que ten\u00eda proyectos tan ambiciosos como<b> convertir 20.000 metros cuadrados de campos de olivos en casas rurales. <\/b>Cuenta con unos activos de unos tres millones de euros, pero declara p\u00e9rdidas.\u00a0\u00a0<\/p>\n","protected":false},"excerpt":{"rendered":"La muerte de Robe Iniesta a los 63 a\u00f1os ha causado un profundo pesar entre sus miles de&hellip;\n","protected":false},"author":2,"featured_media":282670,"comment_status":"","ping_status":"","sticky":false,"template":"","format":"standard","meta":{"footnotes":""},"categories":[174],"tags":[255,146,147,25,24,256,24573,44417,23],"class_list":{"0":"post-282669","1":"post","2":"type-post","3":"status-publish","4":"format-standard","5":"has-post-thumbnail","7":"category-famosos","8":"tag-celebrities","9":"tag-entertainment","10":"tag-entretenimiento","11":"tag-es","12":"tag-espana","13":"tag-famosos","14":"tag-herencia","15":"tag-robe-iniesta","16":"tag-spain"},"share_on_mastodon":{"url":"https:\/\/pubeurope.com\/@es\/115700536665521791","error":""},"_links":{"self":[{"href":"https:\/\/www.europesays.com\/es\/wp-json\/wp\/v2\/posts\/282669","targetHints":{"allow":["GET"]}}],"collection":[{"href":"https:\/\/www.europesays.com\/es\/wp-json\/wp\/v2\/posts"}],"about":[{"href":"https:\/\/www.europesays.com\/es\/wp-json\/wp\/v2\/types\/post"}],"author":[{"embeddable":true,"href":"https:\/\/www.europesays.com\/es\/wp-json\/wp\/v2\/users\/2"}],"replies":[{"embeddable":true,"href":"https:\/\/www.europesays.com\/es\/wp-json\/wp\/v2\/comments?post=282669"}],"version-history":[{"count":0,"href":"https:\/\/www.europesays.com\/es\/wp-json\/wp\/v2\/posts\/282669\/revisions"}],"wp:featuredmedia":[{"embeddable":true,"href":"https:\/\/www.europesays.com\/es\/wp-json\/wp\/v2\/media\/282670"}],"wp:attachment":[{"href":"https:\/\/www.europesays.com\/es\/wp-json\/wp\/v2\/media?parent=282669"}],"wp:term":[{"taxonomy":"category","embeddable":true,"href":"https:\/\/www.europesays.com\/es\/wp-json\/wp\/v2\/categories?post=282669"},{"taxonomy":"post_tag","embeddable":true,"href":"https:\/\/www.europesays.com\/es\/wp-json\/wp\/v2\/tags?post=282669"}],"curies":[{"name":"wp","href":"https:\/\/api.w.org\/{rel}","templated":true}]}}