{"id":282679,"date":"2025-12-11T10:53:09","date_gmt":"2025-12-11T10:53:09","guid":{"rendered":"https:\/\/www.europesays.com\/es\/282679\/"},"modified":"2025-12-11T10:53:09","modified_gmt":"2025-12-11T10:53:09","slug":"cartografian-como-el-cerebelo-construye-sus-conexiones-con-el-resto-del-cerebro-durante-el-desarrollo-temprano","status":"publish","type":"post","link":"https:\/\/www.europesays.com\/es\/282679\/","title":{"rendered":"Cartograf\u00edan c\u00f3mo el cerebelo construye sus conexiones con el resto del cerebro durante el desarrollo temprano"},"content":{"rendered":"<p>El trabajo, publicado en la revista <a href=\"https:\/\/doi.org\/10.1073\/pnas.2521091122\" target=\"_blank\" rel=\"noreferrer noopener nofollow\">Proceedings of the National Academy of Sciences(PNAS)<\/a>, describe con detalle las fases en las que estas conexiones nerviosas emergen, se expanden y se refinan, ofreciendo la primera cartograf\u00eda exhaustiva del desarrollo de las proyecciones cerebelosas en el cerebro completo de rat\u00f3n.<\/p>\n<p>Aunque el cerebelo se asocia tradicionalmente al control del movimiento, cada vez existe m\u00e1s evidencia de que participa tambi\u00e9n en procesos relacionados con la regulaci\u00f3n emocional, comportamiento social y otras capacidades cognitivas. Sin embargo, hasta ahora no se conoc\u00eda con precisi\u00f3n cu\u00e1ndo empezaba a interactuar con otras regiones del cerebro, una comunicaci\u00f3n fundamental para estas funciones cerebelosas. Esta laguna es la que ha motivado el trabajo del grupo <a href=\"https:\/\/in.umh-csic.es\/es\/grupos\/desarrollo-conectividad-y-funcion-de-los-circuitos-del-cerebelo\/\" target=\"_blank\" rel=\"noreferrer noopener nofollow\">Desarrollo, Conectividad y Funci\u00f3n de los Circuitos del Cerebelo<\/a>, dirigido por <strong>Juan Antonio Moreno Bravo<\/strong> en el IN.<\/p>\n<p><strong>Tres etapas clave<\/strong><\/p>\n<p>El equipo ha demostrado que las v\u00edas que conectan el cerebelo con otras \u00e1reas del cerebro se desarrollan siguiendo un patr\u00f3n altamente organizado: \u201cHemos podido observar que las proyecciones cerebelosas comienzan a formarse muy temprano, ya en el embri\u00f3n, cuando los primeros axones empiezan a conectar con sus regiones objetivo\u201d, explica Moreno Bravo. A continuaci\u00f3n, estas conexiones se expanden de manera r\u00e1pida y masiva, acompa\u00f1ando el intenso crecimiento del cerebro en esas primeras etapas.<\/p>\n<p>Por \u00faltimo, durante las primeras semanas postnatales, los circuitos atraviesan un periodo de refinamiento, en el que se consolidan las conexiones definitivas. \u201c<strong>Esta secuencia escalonada nos ha permitido identificar con precisi\u00f3n los momentos en los que el cerebelo podr\u00eda empezar a influir en otras regiones del cerebro, aun cuando se encuentra en una fase inmadura de su desarrollo<\/strong><strong>.<\/strong> Estos periodos tempranos constituyen ventanas muy relevantes para entender c\u00f3mo el cerebro establece su arquitectura interna\u201d, destaca el investigador.<\/p>\n<p>Herramientas gen\u00e9ticas y t\u00e9cnicas<\/p>\n<p>Este trabajo ha sido posible gracias a una combinaci\u00f3n de herramientas gen\u00e9ticas y t\u00e9cnicas de imagen tridimensional de \u00faltima generaci\u00f3n <a\/>aplicadas al cerebro completo. Mediante el uso de marcadores fluorescentes espec\u00edficos, los investigadores pudieron etiquetar las diversas neuronas de los n\u00facleos cerebelosos profundos, que son la principal v\u00eda de salida de informaci\u00f3n del cerebelo. Posteriormente, emplearon m\u00e9todos avanzados de aclaramiento tisular y microscop\u00eda para visualizar los axones en tres dimensiones y seguir su recorrido desde su origen hasta sus regiones de destino.<\/p>\n<p>\u201cVisualizar estas proyecciones en 3D, ver c\u00f3mo surgen en el embri\u00f3n y c\u00f3mo se extienden a trav\u00e9s del cerebro, ha sido realmente fascinante\u201d, afirma <strong>Raquel Murcia Ram\u00f3n<\/strong>, primera autora del estudio. \u201cMuchas de estas conexiones no se hab\u00edan visto nunca con esta precisi\u00f3n, y poder observar su evoluci\u00f3n en tiempo real nos ha permitido reconstruir una historia completa del desarrollo de estos circuitos\u201d, apunta la investigadora.<\/p>\n<p><img loading=\"lazy\" decoding=\"async\" width=\"770\" height=\"513\" src=\"https:\/\/www.europesays.com\/es\/wp-content\/uploads\/2025\/12\/IN-equipoMoreno-Bravo-cerebelo.jpg\" alt=\"Cartograf\u00edan c\u00f3mo el cerebelo construye sus conexiones con el resto del cerebro durante el desarrollo temprano\" class=\"wp-image-71635 lazyload\" data-  \/>De arriba a abajo y de izquierda a derecha: Raquel Murcia Ram\u00f3n, \u00c1ngeles Arzalluz Luque, Sergio Mu\u00f1oz Cobos, Martina Riva y Juan Antonio Moreno Bravo, investigadores del IN CSIC-UMH.<\/p>\n<p>El papel temprano del cerebelo<\/p>\n<p>M\u00e1s all\u00e1 de la cartograf\u00eda detallada, los resultados apuntan a una idea m\u00e1s amplia: el cerebelo podr\u00eda desempe\u00f1ar un papel m\u00e1s temprano e influyente de lo que se cre\u00eda en la organizaci\u00f3n del cerebro en desarrollo. \u201cTradicionalmente se ha considerado que el cerebelo madura tarde y que su participaci\u00f3n en funciones complejas aparece de forma progresiva y tard\u00eda. Nuestro trabajo sugiere lo contrario: el cerebelo empieza a construir su red muy pronto y podr\u00eda estar contribuyendo activamente a la formaci\u00f3n de circuitos en otras regiones del cerebro desde fases iniciales\u201d, explica Moreno Bravo. Esta perspectiva, sostiene el investigador, \u201cpuede ayudarnos a replantear el papel del cerebelo en el desarrollo, no como un mero modulador tard\u00edo del movimiento, sino como un nodo temprano que contribuye a la construcci\u00f3n de redes cerebrales m\u00e1s amplias\u201d.<\/p>\n<p>El mapa generado por el equipo del IN CSIC-UMH constituye una herramienta de referencia para comprender c\u00f3mo se estructura la conectividad cerebelosa desde el inicio de la vida. Adem\u00e1s, proporciona un marco temporal detallado para investigar c\u00f3mo las experiencias tempranas, los factores gen\u00e9ticos o las condiciones ambientales alteran el cerebelo en desarrollo y, en consecuencia, \u00a0a las redes neuronales con las que se conecta. \u201cEste trabajo sienta las bases para explorar no solo c\u00f3mo el cerebelo contribuye al desarrollo cerebral normal, sino tambi\u00e9n a posibles alteraciones patol\u00f3gicas de origen cerebeloso, como algunas relacionadas con trastornos del neurodesarrollo\u201d, coinciden los investigadores.<\/p>\n<p>Este estudio ha sido posible gracias a la financiaci\u00f3n del Consejo Europeo de Investigaci\u00f3n (ERC) en el marco del programa de investigaci\u00f3n e innovaci\u00f3n Horizonte 2020 de la Uni\u00f3n Europea, la Agencia Estatal de Investigaci\u00f3n (AEI) \u2013 Ministerio de Ciencia, Innovaci\u00f3n y Universidades y el Programa Severo Ochoa para Centros de Excelencia.<\/p>\n<p><strong>Art\u00edculo de referencia:<\/strong><\/p>\n<p>Murcia-Ram\u00f3n, R., Riva, M., Mu\u00f1oz-Cobos, S., Arzalluz-Luque, \u00c1. and Moreno-Bravo, J.A. (2025). <strong>Brain-wide mapping of developmental trajectories of cerebellar efferent projections<\/strong>. Proceedings of the National Academy of Sciences (PNAS), 122 (48) e2521091122. DOI <a href=\"https:\/\/doi.org\/10.1073\/pnas.2521091122\" rel=\"nofollow noopener\" target=\"_blank\">https:\/\/doi.org\/10.1073\/pnas.2521091122<\/a>.\u00a0<\/p>\n<p><strong>Fuente: <\/strong>Instituto de Neurociencias CSIC-UMH <\/p>\n","protected":false},"excerpt":{"rendered":"El trabajo, publicado en la revista Proceedings of the National Academy of Sciences(PNAS), describe con detalle las fases&hellip;\n","protected":false},"author":2,"featured_media":282680,"comment_status":"","ping_status":"","sticky":false,"template":"","format":"standard","meta":{"footnotes":""},"categories":[92],"tags":[68387,2670,25,24,165,39578,166,23],"class_list":{"0":"post-282679","1":"post","2":"type-post","3":"status-publish","4":"format-standard","5":"has-post-thumbnail","7":"category-salud","8":"tag-cerebelo","9":"tag-cerebro","10":"tag-es","11":"tag-espana","12":"tag-health","13":"tag-instituto-de-neurociencias","14":"tag-salud","15":"tag-spain"},"share_on_mastodon":{"url":"https:\/\/pubeurope.com\/@es\/115700564799765215","error":""},"_links":{"self":[{"href":"https:\/\/www.europesays.com\/es\/wp-json\/wp\/v2\/posts\/282679","targetHints":{"allow":["GET"]}}],"collection":[{"href":"https:\/\/www.europesays.com\/es\/wp-json\/wp\/v2\/posts"}],"about":[{"href":"https:\/\/www.europesays.com\/es\/wp-json\/wp\/v2\/types\/post"}],"author":[{"embeddable":true,"href":"https:\/\/www.europesays.com\/es\/wp-json\/wp\/v2\/users\/2"}],"replies":[{"embeddable":true,"href":"https:\/\/www.europesays.com\/es\/wp-json\/wp\/v2\/comments?post=282679"}],"version-history":[{"count":0,"href":"https:\/\/www.europesays.com\/es\/wp-json\/wp\/v2\/posts\/282679\/revisions"}],"wp:featuredmedia":[{"embeddable":true,"href":"https:\/\/www.europesays.com\/es\/wp-json\/wp\/v2\/media\/282680"}],"wp:attachment":[{"href":"https:\/\/www.europesays.com\/es\/wp-json\/wp\/v2\/media?parent=282679"}],"wp:term":[{"taxonomy":"category","embeddable":true,"href":"https:\/\/www.europesays.com\/es\/wp-json\/wp\/v2\/categories?post=282679"},{"taxonomy":"post_tag","embeddable":true,"href":"https:\/\/www.europesays.com\/es\/wp-json\/wp\/v2\/tags?post=282679"}],"curies":[{"name":"wp","href":"https:\/\/api.w.org\/{rel}","templated":true}]}}