{"id":282681,"date":"2025-12-11T10:54:16","date_gmt":"2025-12-11T10:54:16","guid":{"rendered":"https:\/\/www.europesays.com\/es\/282681\/"},"modified":"2025-12-11T10:54:16","modified_gmt":"2025-12-11T10:54:16","slug":"carlos-felipe-de-suecia-solo-en-los-premios-nobel-por-primera-vez-desde-su-compromiso-mientras-salen-a-la-luz-los-vinculos-de-la-princesa-sofia-con-epstein","status":"publish","type":"post","link":"https:\/\/www.europesays.com\/es\/282681\/","title":{"rendered":"Carlos Felipe de Suecia, solo en los Premios Nobel por primera vez desde su compromiso, mientras salen a la luz los v\u00ednculos de la princesa Sof\u00eda con Epstein"},"content":{"rendered":"<p id=\"eJXfeWUVDc\" data-wc=\"127\">Ha sido una de las im\u00e1genes del d\u00eda: una foto oficial impar de la familia real tras<a class=\"hm-link ho-link\" href=\"https:\/\/www.hola.com\/realeza\/casa_suecia\/20251209871443\/premios-nobel-2025-todo-listo-debut-ingrid-noruega\/\" data-mrf-recirculation=\"article-body-link\" rel=\"nofollow noopener\" target=\"_blank\">\u00a0la ceremonia de entrega de los Premios Nobel.<\/a> Horas antes Carlos Felipe de Suecia ocupaba la primera fila en la Sala de Conciertos de Estocolmo \u00a0junto a su hermana Magdalena y su cu\u00f1ado Chris O&#8217;Neill. En el escenario, presidiendo la gala estaban los reyes Carlos Gustavo y Silvia y los pr\u00edncipes herederos <a class=\"hm-link ho-link\" href=\"https:\/\/www.hola.com\/moda\/20251210872126\/victoria-de-suecia-vestido-gala-su-madre-reina-silvia-premios-nobel\/\" data-mrf-recirculation=\"article-body-link\" rel=\"nofollow noopener\" target=\"_blank\">Victoria<\/a> y Daniel. <strong>La ausencia de la princesa Sof\u00eda que, sin dejar de ser llamativa<\/strong>, podr\u00eda haberse quedado en algo anecd\u00f3tico que se justificaba por la mermada agenda que tiene desde que dio a luz a su cuarta hija, se ha percibido inmensa despu\u00e9s de la noticia que ha eclipsado en Suecia el gran d\u00eda de los Bernadotte.\u00a0<\/p>\n<p> <img src=\"https:\/\/www.europesays.com\/es\/wp-content\/uploads\/2025\/12\/3a9d49dcc93e-dlu596510084.jpg\"   width=\"1024\" height=\"683\" loading=\"lazy\" decoding=\"async\" alt=\"Carlos Felipe de Suecia, con su hermana la princesa Magdalena, y su cu\u00f1ado, Chris O'Neill\" fetchpriority=\"auto\" class=\"image ho-image\"\/>\u00a9 GTRESCarlos Felipe de Suecia, con su hermana la princesa Magdalena, y su cu\u00f1ado, Chris O&#8217;Neill<\/p>\n<p> <img src=\"https:\/\/www.europesays.com\/es\/wp-content\/uploads\/2025\/12\/070d4ab1fc95-gettyimages-2251207385.jpg\"   width=\"1024\" height=\"683\" loading=\"lazy\" decoding=\"async\" alt=\"Es la primera vez desde su compromiso que Carlos Felipe de Suecia acude sin su mujer a esta cita\" fetchpriority=\"auto\" class=\"image ho-image\"\/>\u00a9 Getty ImagesEs la primera vez desde su compromiso que Carlos Felipe de Suecia acude sin su mujer a esta cita<\/p>\n<p id=\"eUs3PETpo3\" data-wc=\"160\">Hablamos de <a class=\"hm-link ho-link\" href=\"https:\/\/www.hola.com\/realeza\/casa_suecia\/20251210872044\/vinculos-entre-sofia-de-suecia-y-jeffrey-epstein\/\" data-mrf-recirculation=\"article-body-link\" rel=\"nofollow noopener\" target=\"_blank\">los v\u00ednculos de Sofia de Suecia con el malogrado financiero Jeffrey Epstein<\/a>, que se suicid\u00f3 en su celda mientras esperaba a ser condenado por delitos de tr\u00e1fico sexual de menores. Seg\u00fan el peri\u00f3dico Dagens Nyheter, se reunieron en varias ocasiones en torno a 2005, cuando ella viv\u00eda en Nueva York y \u00ab\u00e9l incluso se ofreci\u00f3 a pagarle clases de interpretaci\u00f3n\u00bb. Tal y como relata el diario sueco, la empresaria Barbro Ehnbom, economista sueco-estadounidense afincada en Nueva York reconocida por promover redes de mujeres en el \u00e1mbito empresarial, habr\u00eda puesto a j\u00f3venes suecas en contacto con el magnate y una de ellas era la nuera del rey de Suecia<strong>.<\/strong> Al parecer, Epstein don\u00f3 dinero a trav\u00e9s de sus fundaciones a la red de Ehnbom hasta 2014, mientras que la economista ejerc\u00eda como mentora de Sof\u00eda durante su estancia en Nueva York, en una \u00e9poca en la que a\u00fan no conoc\u00eda al pr\u00edncipe Carlos Felipe y era pr\u00e1cticamente una desconocida.\u00a0<\/p>\n<p> <img src=\"https:\/\/www.europesays.com\/es\/wp-content\/uploads\/2025\/12\/85311c575f61-den-kungl-familjen-fotograferad-p-kungl-slottet-infr-kvllens-nobelfestlighe.jpg\"   width=\"1024\" height=\"1024\" loading=\"lazy\" decoding=\"async\" alt=\"Foto oficial de la familia real sueca antes del banquete de gala con los premiados\" fetchpriority=\"auto\" class=\"image ho-image\"\/>\u00a9 KungahusetFoto oficial de la familia real sueca antes del banquete de gala con los premiados<\/p>\n<p id=\"ec9VIc8uHa\" data-wc=\"85\">Aunque no ha emitido ning\u00fan comunicado oficial, la Casa Real s\u00ed ha respondido a la prensa.<strong>\u00a0\u00abLa Princesa Sof\u00eda se reuni\u00f3 con la persona en cuesti\u00f3n en varias ocasiones hace unos 20 a\u00f1os. Desde entonces, no ha habido contacto. Palacio declina una entrevista\u00bb<\/strong>, ha contestado a SVT. Mientras Aftonbladet, p\u00fablica que la jefa de prensa de la instituci\u00f3n, Margareta Thorgren, ha aclarado que Sofia nunca estuvo en la isla del Caribe, que era propiedad de Epstein y en donde se cometieron algunos de los delitos.<\/p>\n<p> <img src=\"https:\/\/www.europesays.com\/es\/wp-content\/uploads\/2025\/12\/c57c7b38738d-gettyimages-2250480203.jpg\"   width=\"1024\" height=\"689\" loading=\"lazy\" decoding=\"async\" alt=\"Marie-Helene Girard, profesora de literatura comparada y mujer del Premio Nobel de F\u00edsica, Michel Devoret, junto al pr\u00edncipe Carlos Felipe\" fetchpriority=\"auto\" class=\"image ho-image\"\/>\u00a9 AFP via Getty ImagesMarie-Helene Girard, profesora de literatura comparada y mujer del Premio Nobel de F\u00edsica, Michel Devoret, junto al pr\u00edncipe Carlos Felipe<\/p>\n<p> <img src=\"https:\/\/www.europesays.com\/es\/wp-content\/uploads\/2025\/12\/51c5a4067e42-gettyimages-2251220303.jpg\"   width=\"682\" height=\"1024\" loading=\"lazy\" decoding=\"async\" alt=\"Magdalena de Suecia en el banquete de los Premios Nobel 2025\" fetchpriority=\"auto\" class=\"image ho-image\"\/>\u00a9 Getty ImagesMagdalena de Suecia, con la tiara Kokoshnik de agua marinas<\/p>\n<p> <img src=\"https:\/\/www.europesays.com\/es\/wp-content\/uploads\/2025\/12\/37a5902e19a9-gettyimages-2250468957.jpg\"   width=\"768\" height=\"1024\" loading=\"lazy\" decoding=\"async\" alt=\"Victoria de Suecia en la cena de gala de los Premios Nobel 2025\" fetchpriority=\"auto\" class=\"image ho-image\"\/>\u00a9 Getty ImagesVictoria de Suecia, recicl\u00f3 un vestido de su madre de la d\u00e9cada de los a\u00f1os 90<\/p>\n<p id=\"eJhSdUZXujH\" data-wc=\"168\">Unas explicaciones tibias, pero necesarias, teniendo en cuenta que la relaci\u00f3n con Epstein ya ha llevado a un pr\u00edncipe (de cuna) a dejar de serlo, como ha ocurrido con el ahora conocido como <a class=\"hm-link ho-link\" href=\"https:\/\/www.hola.com\/realeza\/casa_inglesa\/20251030864760\/carlos-iii-comunicado-retira-titulos-andres\/\" data-mrf-recirculation=\"article-body-link\" rel=\"nofollow noopener\" target=\"_blank\">Andr\u00e9s Mountbatten-Windsor<\/a>. A pesar de que esta pol\u00e9mica ha sido del todo inesperada, su ausencia en la ceremonia de entrega de los Premios Nobel no lo era. Es la primera vez desde que anunci\u00f3 su compromiso con Carlos Felipe de Suecia en 2014 que la princesa Sof\u00eda faltaba a esta cita marcada en rojo en el calendario de los Bernadotte. Hace diez meses que dio a luz a su cuarta hija -el permiso de maternidad en Suecia es de hasta 480 d\u00edas- y <a class=\"hm-link ho-link\" href=\"https:\/\/www.hola.com\/realeza\/casa_suecia\/20251006859992\/sofia-suecia-interrumpe-permiso-maternidad-motivo\/\" data-mrf-recirculation=\"article-body-link\" rel=\"nofollow noopener\" target=\"_blank\">su agenda se ha reducido al m\u00ednimo<\/a> desde entonces. Aun as\u00ed, ya la hemos visto en alg\u00fan acto cerca de su residencia y otros de mayor calado, como el D\u00eda Nacional, al que acudi\u00f3 con la princesa In\u00e9s, por lo que desde el primer momento ha llamado poderosamente la atenci\u00f3n su ausencia.\u00a0<\/p>\n<p> <img src=\"https:\/\/www.europesays.com\/es\/wp-content\/uploads\/2025\/12\/280d596ef53c-gettyimages-2250454131.jpg\"   width=\"1024\" height=\"682\" loading=\"lazy\" decoding=\"async\" alt=\"Magdalena de Suecia en el banquete de los Premios Nobel 2025\" fetchpriority=\"auto\" class=\"image ho-image\"\/>\u00a9 Getty ImagesLa princesa Magdalena con un espectacular vestido en color hielo<\/p>\n<p> <img src=\"https:\/\/www.europesays.com\/es\/wp-content\/uploads\/2025\/12\/0237c40b4090-gettyimages-2250453920.jpg\"   width=\"1024\" height=\"768\" loading=\"lazy\" decoding=\"async\" alt=\"La reina Silivia de Suecia en la cena de gala de los Premios Nobel 2025\" fetchpriority=\"auto\" class=\"image ho-image\"\/>\u00a9 Getty ImagesLa reina Silvia con vestido amarillo de Georg et Arend<\/p>\n<p id=\"ekErcTVe-Z\" data-wc=\"81\">La ausencia de la princesa Sofia en el que es el acto de mayor calado y proyecci\u00f3n internacional de la Casa Real sueca, ha sido justificada de la siguiente manera: debido a que est\u00e1 cuidando a su hija peque\u00f1a que a\u00fan es peque\u00f1a, seg\u00fan ha declarado Johan Tegel desde la Corte a la revista local Svensk Dam. Unas explicaciones que no convencen, pues ha ido a la ceremonia y al banquete de los Nobel incluso cuando estaba embarazada de su peque\u00f1a.\u00a0<\/p>\n<p> <img src=\"https:\/\/www.europesays.com\/es\/wp-content\/uploads\/2025\/12\/cf4531b16a67-gettyimages-2251243372.jpg\"   width=\"1024\" height=\"683\" loading=\"lazy\" decoding=\"async\" alt=\"Cena de la entrega de los Premios Nobel 2025 en Estocolmo (Suecia)\" fetchpriority=\"auto\" class=\"image ho-image\"\/>\u00a9 Getty ImagesEspectacular foto del gran banquete de los Premios Nobel en Estocolomo<\/p>\n<p id=\"eH-JbdhlKqX\" data-wc=\"99\">A pesar del vendaval, Carlos Felipe de Suecia se ha mostrado tranquilo y sonriente tanto en la ceremonia de entrega de los premios, como en el banquete posterior con los galardonados en el sal\u00f3n azul del ayuntamiento de Estocolmo, donde se sent\u00f3 junto a Marie-H\u00e9l\u00e8ne Girard, profesora de literatura comparada y mujer del Premio Nobel de f\u00edsica Michel Devoret. Este jueves volveremos a ver de nuevo a la familia real en la cena de gala que Carlos Gustavo de Suecia ofrecer\u00e1 en el Palacio Real a los laureados. Tampoco se espera en este segundo banquete a la princesa Sofia.\u00a0<\/p>\n","protected":false},"excerpt":{"rendered":"Ha sido una de las im\u00e1genes del d\u00eda: una foto oficial impar de la familia real tras\u00a0la ceremonia&hellip;\n","protected":false},"author":2,"featured_media":282682,"comment_status":"","ping_status":"","sticky":false,"template":"","format":"standard","meta":{"footnotes":""},"categories":[91],"tags":[67533,146,147,25,24,1027,20393,68388,23],"class_list":{"0":"post-282681","1":"post","2":"type-post","3":"status-publish","4":"format-standard","5":"has-post-thumbnail","7":"category-entretenimiento","8":"tag-carlos-felipe-de-suecia","9":"tag-entertainment","10":"tag-entretenimiento","11":"tag-es","12":"tag-espana","13":"tag-realeza","14":"tag-realeza-suecia","15":"tag-sofia-de-suecia","16":"tag-spain"},"share_on_mastodon":{"url":"https:\/\/pubeurope.com\/@es\/115700569273858257","error":""},"_links":{"self":[{"href":"https:\/\/www.europesays.com\/es\/wp-json\/wp\/v2\/posts\/282681","targetHints":{"allow":["GET"]}}],"collection":[{"href":"https:\/\/www.europesays.com\/es\/wp-json\/wp\/v2\/posts"}],"about":[{"href":"https:\/\/www.europesays.com\/es\/wp-json\/wp\/v2\/types\/post"}],"author":[{"embeddable":true,"href":"https:\/\/www.europesays.com\/es\/wp-json\/wp\/v2\/users\/2"}],"replies":[{"embeddable":true,"href":"https:\/\/www.europesays.com\/es\/wp-json\/wp\/v2\/comments?post=282681"}],"version-history":[{"count":0,"href":"https:\/\/www.europesays.com\/es\/wp-json\/wp\/v2\/posts\/282681\/revisions"}],"wp:featuredmedia":[{"embeddable":true,"href":"https:\/\/www.europesays.com\/es\/wp-json\/wp\/v2\/media\/282682"}],"wp:attachment":[{"href":"https:\/\/www.europesays.com\/es\/wp-json\/wp\/v2\/media?parent=282681"}],"wp:term":[{"taxonomy":"category","embeddable":true,"href":"https:\/\/www.europesays.com\/es\/wp-json\/wp\/v2\/categories?post=282681"},{"taxonomy":"post_tag","embeddable":true,"href":"https:\/\/www.europesays.com\/es\/wp-json\/wp\/v2\/tags?post=282681"}],"curies":[{"name":"wp","href":"https:\/\/api.w.org\/{rel}","templated":true}]}}