{"id":282685,"date":"2025-12-11T10:56:12","date_gmt":"2025-12-11T10:56:12","guid":{"rendered":"https:\/\/www.europesays.com\/es\/282685\/"},"modified":"2025-12-11T10:56:12","modified_gmt":"2025-12-11T10:56:12","slug":"el-gobierno-publica-la-orden-del-irpf-para-2026-que-mantiene-una-reduccion-del-5-en-la-tributacion","status":"publish","type":"post","link":"https:\/\/www.europesays.com\/es\/282685\/","title":{"rendered":"El Gobierno publica la orden del IRPF para 2026 que mantiene una reducci\u00f3n del 5% en la tributaci\u00f3n"},"content":{"rendered":"<p>El Bolet\u00edn Oficial del Estado (BOE) ha publicado la Orden del Ministerio de Hacienda por la que se desarrolla para 2026 el sistema de estimaci\u00f3n objetiva del Impuesto sobre la Renta de las Personas F\u00edsicas (IRPF), el denominado sistema de m\u00f3dulos, y el r\u00e9gimen especial simplificado del Impuesto sobre el Valor A\u00f1adido (IVA).<\/p>\n<p>La norma recoge las actividades que pueden tributar mediante esta modalidad. En concreto, el sistema de m\u00f3dulos se aplica en agricultores, ganaderos, parte del sector agroalimentario, sector del transporte y actividades de comercio al por menor, principalmente.<\/p>\n<p>Asimismo, la Orden mantiene una reducci\u00f3n del 5% sobre el rendimiento neto de m\u00f3dulos. Se trata del mismo porcentaje de reducci\u00f3n en la tributaci\u00f3n que se ha aplicado ya en los a\u00f1os 2020, 2021, 2022 y 2024. Esta medida beneficiar\u00e1 a todos los aut\u00f3nomos que tributen mediante este m\u00e9todo de estimaci\u00f3n objetiva.<\/p>\n<p>Por otra parte, respecto al IVA, la norma publicada en el BOE tambi\u00e9n mantiene para 2026 los m\u00f3dulos, as\u00ed como las instrucciones para su uso aplicables en el r\u00e9gimen especial simplificado en el a\u00f1o inmediato anterior, lo que tambi\u00e9n beneficiar\u00e1 a los profesionales y aut\u00f3nomos acogidos a este r\u00e9gimen de tributaci\u00f3n.<\/p>\n<p><img decoding=\"async\" alt=\"Trabajador del sector ganadero\" title=\"Trabajador del sector ganadero\" src=\"https:\/\/www.europesays.com\/es\/wp-content\/uploads\/2025\/12\/160420-ovejas.jpg\"\/><\/p>\n<p id=\"ctl00_PlaceHolderMain_DisplayMode_noticia_pImageCaption\" class=\"media-captionContainer rs_skip\">Trabajador del sector ganadero.<\/p>\n<ul id=\"ctl00_PlaceHolderMain_DisplayMode_noticia_list_banner_home\" class=\"list-banner list-banner-no-border\">&#13;<\/p>\n<li class=\"BannerLi\">&#13;<a title=\"Datos actualizados y ayudas del Plan de Respuesta Inmediata, Reconstrucci\u00f3n y Relanzamiento\" href=\"https:\/\/www.lamoncloa.gob.es\/info-dana\/Paginas\/index.aspx\" rel=\"nofollow noopener\" target=\"_blank\"><img decoding=\"async\" title=\"Datos actualizados y ayudas del Plan de Respuesta Inmediata, Reconstrucci\u00f3n y Relanzamiento\" src=\"https:\/\/www.europesays.com\/es\/wp-content\/uploads\/2025\/10\/banner-noticias-dana.png\" alt=\"Datos actualizados y ayudas del Plan de Respuesta Inmediata, Reconstrucci\u00f3n y Relanzamiento\"\/><\/a>&#13;<\/li>\n<p>&#13;<\/ul>\n","protected":false},"excerpt":{"rendered":"El Bolet\u00edn Oficial del Estado (BOE) ha publicado la Orden del Ministerio de Hacienda por la que se&hellip;\n","protected":false},"author":2,"featured_media":282686,"comment_status":"","ping_status":"","sticky":false,"template":"","format":"standard","meta":{"footnotes":""},"categories":[80],"tags":[517,82,95,94,25,24,1671,2330,23],"class_list":{"0":"post-282685","1":"post","2":"type-post","3":"status-publish","4":"format-standard","5":"has-post-thumbnail","7":"category-economia","8":"tag-actualidad","9":"tag-business","10":"tag-economia","11":"tag-economy","12":"tag-es","13":"tag-espana","14":"tag-hacienda","15":"tag-prensa","16":"tag-spain"},"share_on_mastodon":{"url":"https:\/\/pubeurope.com\/@es\/115700576303688614","error":""},"_links":{"self":[{"href":"https:\/\/www.europesays.com\/es\/wp-json\/wp\/v2\/posts\/282685","targetHints":{"allow":["GET"]}}],"collection":[{"href":"https:\/\/www.europesays.com\/es\/wp-json\/wp\/v2\/posts"}],"about":[{"href":"https:\/\/www.europesays.com\/es\/wp-json\/wp\/v2\/types\/post"}],"author":[{"embeddable":true,"href":"https:\/\/www.europesays.com\/es\/wp-json\/wp\/v2\/users\/2"}],"replies":[{"embeddable":true,"href":"https:\/\/www.europesays.com\/es\/wp-json\/wp\/v2\/comments?post=282685"}],"version-history":[{"count":0,"href":"https:\/\/www.europesays.com\/es\/wp-json\/wp\/v2\/posts\/282685\/revisions"}],"wp:featuredmedia":[{"embeddable":true,"href":"https:\/\/www.europesays.com\/es\/wp-json\/wp\/v2\/media\/282686"}],"wp:attachment":[{"href":"https:\/\/www.europesays.com\/es\/wp-json\/wp\/v2\/media?parent=282685"}],"wp:term":[{"taxonomy":"category","embeddable":true,"href":"https:\/\/www.europesays.com\/es\/wp-json\/wp\/v2\/categories?post=282685"},{"taxonomy":"post_tag","embeddable":true,"href":"https:\/\/www.europesays.com\/es\/wp-json\/wp\/v2\/tags?post=282685"}],"curies":[{"name":"wp","href":"https:\/\/api.w.org\/{rel}","templated":true}]}}