{"id":282687,"date":"2025-12-11T10:58:08","date_gmt":"2025-12-11T10:58:08","guid":{"rendered":"https:\/\/www.europesays.com\/es\/282687\/"},"modified":"2025-12-11T10:58:08","modified_gmt":"2025-12-11T10:58:08","slug":"la-policia-nacional-entra-en-la-sede-de-la-aerolinea-plus-ultra-y-se-lleva-informacion-fiscal","status":"publish","type":"post","link":"https:\/\/www.europesays.com\/es\/282687\/","title":{"rendered":"La Polic\u00eda Nacional entra en la sede de la aerol\u00ednea Plus Ultra y se lleva informaci\u00f3n fiscal"},"content":{"rendered":"<p style=\"\">La UDEF (Unidad Central de Delincuencia Econ\u00f3mica y Fiscal) de la Polic\u00eda Nacional s<strong>e ha personado a las 8 de la ma\u00f1ana de este jueves la sede de Plus Ultra en Madrid<\/strong>, seg\u00fan han asegurado fuentes policiales a ABC. Esta actuaci\u00f3n estar\u00eda relacionada con  &#8230; un caso de blanqueo, seg\u00fan fuentes de la investigaci\u00f3n, sobre el que pesa el secreto de sumario. <\/p>\n<p class=\"voc-p\" style=\"\">Hay que recordar que Plus Ultra es una compa\u00f1\u00eda espa\u00f1ola que fue rescatada por el Gobierno y que ha sido se\u00f1alada por sus v\u00ednculos con el r\u00e9gimen venezolano. ABC ya inform\u00f3 a principios de este a\u00f1o que Anticorrupci\u00f3n cre\u00eda que el rescate p\u00fablico se utiliz\u00f3 para <a href=\"https:\/\/www.abc.es\/espana\/anticorrupcion-cree-rescate-plus-ultra-uso-blanquear-20250131203658-nt.html\" title=\"www.abc.es\" data-voc-vtm-id=\"in-text-traffic\" data-mrf-link=\"www.abc.es\" rel=\"nofollow noopener\" target=\"_blank\">una trama de blanqueo<\/a>, que <a href=\"https:\/\/www.abc.es\/espana\/trama-blanqueo-vinculada-plus-ultra-operaba-mauricio-20250212195905-nt.html\" title=\"www.abc.es\" data-voc-vtm-id=\"in-text-traffic\" data-mrf-link=\"www.abc.es\" rel=\"nofollow noopener\" target=\"_blank\">operaba desde Mauricio<\/a>.<\/p>\n<p class=\"voc-p\" style=\"\">No se trata de un registro sino que los agentes han accedido directamente a la \u00e1rea financiera de donde han obtenido datos fiscales de la compa\u00f1\u00eda. <\/p>\n<p class=\"voc-p\" style=\"\">Se trata de una instrucci\u00f3n del juzgado n\u00famero 15 de Plaza de Castilla en la que, seg\u00fan fuentes de la investigaci\u00f3n, se est\u00e1n volcando los servidores. La aerol\u00ednea asegura que est\u00e1 colaborando con la Polic\u00eda y que las operaciones de la compa\u00f1\u00eda siguen realiz\u00e1ndose con normalidad.<\/p>\n<p class=\"voc-p\" style=\"\">La aerol\u00ednea investigada recibi\u00f3 en 2021 un rescate de 53 millones de euros por parte de la SEPI, en una operaci\u00f3n que estuvo envuelta en la pol\u00e9mica. Algunas informaciones se\u00f1alaron entonces que fue la intervenci\u00f3n directa del expresidente del Gobierno Jos\u00e9 Luis Rodr\u00edguez Zapatero la que al final permiti\u00f3 que se hiciese ese rescate.<\/p>\n<p>\nPr\u00f3ximidad con el r\u00e9gimen de Maduro\n<\/p>\n<p class=\"voc-p\" style=\"\">La compa\u00f1\u00eda, aunque espa\u00f1ola, est\u00e1 controlada por empresarios venezolanos pr\u00f3ximos al r\u00e9gimen de Maduro. Fuentes de Plus Ultra explican que la aerol\u00ednea funciona con normalidad y que en todo momento se est\u00e1 colaborando con los agentes de la UDEF en facilitarles toda la informaci\u00f3n que demandan.<\/p>\n<p class=\"voc-p\" style=\"\">Es relevante que el juzgado que instruye estas diligencias es el mismo que en enero de 2023 archiv\u00f3 provisionalmente la causa que investigaba el rescate de 53 millones otorgado a la aerol\u00ednea Plus Ultra. \u00ab<strong>No aparece debidamente justificada la comisi\u00f3n de un delito<\/strong>\u00bb, afirm\u00f3 entonces la titular del juzgado, ya que seg\u00fan consider\u00f3 entonces se aplic\u00f3 correctamente el real decreto de medidas urgentes de apoyo a la econom\u00eda y el empleo. En este sentido, rechaz\u00f3 que el consejo gestor de la SEPI cometiera los delitos de malversaci\u00f3n de caudales p\u00fablicos, cohecho, prevaricaci\u00f3n, tr\u00e1fico de influencias, obtenci\u00f3n de subvenciones o ayudas de la Administraci\u00f3n falseando los requisitos, como sosten\u00edan los demandantes, que fueron Manos Limpias, Vox y el PP.<\/p>\n","protected":false},"excerpt":{"rendered":"La UDEF (Unidad Central de Delincuencia Econ\u00f3mica y Fiscal) de la Polic\u00eda Nacional se ha personado a las&hellip;\n","protected":false},"author":2,"featured_media":282688,"comment_status":"","ping_status":"","sticky":false,"template":"","format":"standard","meta":{"footnotes":""},"categories":[8],"tags":[26560,17,18,25,24,13,14,11,19,20,813,9,10,15,16,7741,586,2269,4569,23,12,21,22,5765],"class_list":{"0":"post-282687","1":"post","2":"type-post","3":"status-publish","4":"format-standard","5":"has-post-thumbnail","7":"category-espana","8":"tag-aerolinea","9":"tag-breaking-news","10":"tag-breakingnews","11":"tag-es","12":"tag-espana","13":"tag-featured-news","14":"tag-featurednews","15":"tag-headlines","16":"tag-latest-news","17":"tag-latestnews","18":"tag-nacional","19":"tag-news","20":"tag-noticias","21":"tag-noticias-destacadas","22":"tag-noticiasdestacadas","23":"tag-plus","24":"tag-policia","25":"tag-registra","26":"tag-sede","27":"tag-spain","28":"tag-titulares","29":"tag-ultimas-noticias","30":"tag-ultimasnoticias","31":"tag-ultra"},"share_on_mastodon":{"url":"https:\/\/pubeurope.com\/@es\/115700584079353155","error":""},"_links":{"self":[{"href":"https:\/\/www.europesays.com\/es\/wp-json\/wp\/v2\/posts\/282687","targetHints":{"allow":["GET"]}}],"collection":[{"href":"https:\/\/www.europesays.com\/es\/wp-json\/wp\/v2\/posts"}],"about":[{"href":"https:\/\/www.europesays.com\/es\/wp-json\/wp\/v2\/types\/post"}],"author":[{"embeddable":true,"href":"https:\/\/www.europesays.com\/es\/wp-json\/wp\/v2\/users\/2"}],"replies":[{"embeddable":true,"href":"https:\/\/www.europesays.com\/es\/wp-json\/wp\/v2\/comments?post=282687"}],"version-history":[{"count":0,"href":"https:\/\/www.europesays.com\/es\/wp-json\/wp\/v2\/posts\/282687\/revisions"}],"wp:featuredmedia":[{"embeddable":true,"href":"https:\/\/www.europesays.com\/es\/wp-json\/wp\/v2\/media\/282688"}],"wp:attachment":[{"href":"https:\/\/www.europesays.com\/es\/wp-json\/wp\/v2\/media?parent=282687"}],"wp:term":[{"taxonomy":"category","embeddable":true,"href":"https:\/\/www.europesays.com\/es\/wp-json\/wp\/v2\/categories?post=282687"},{"taxonomy":"post_tag","embeddable":true,"href":"https:\/\/www.europesays.com\/es\/wp-json\/wp\/v2\/tags?post=282687"}],"curies":[{"name":"wp","href":"https:\/\/api.w.org\/{rel}","templated":true}]}}