{"id":282696,"date":"2025-12-11T11:11:13","date_gmt":"2025-12-11T11:11:13","guid":{"rendered":"https:\/\/www.europesays.com\/es\/282696\/"},"modified":"2025-12-11T11:11:13","modified_gmt":"2025-12-11T11:11:13","slug":"yo-no-tengo-nada-que-reprochar-al-equipo","status":"publish","type":"post","link":"https:\/\/www.europesays.com\/es\/282696\/","title":{"rendered":"\u00abYo no tengo nada que reprochar al equipo\u00bb"},"content":{"rendered":"<p style=\"\">Florentino tiene la \u00faltima palabra. Solo \u00e9l sabe que quiere hacer con Xabi Alonso, pero la digna derrota ante el City, al menos con orgullo y actitud, algo que no ha sido habitual en el \u00faltimo mes, seguramente le concede una bola extra para Vitoria.  &#8230; Ante el Alav\u00e9s, lo normal es que se siente el tolosarra en el banquillo, pero es evidente que el equipo, aparte de ganas de jugar, necesita ganar ya o no le quedar\u00e1 m\u00e1s remedio al presidente que tomar decisiones: \u00ab<a href=\"https:\/\/www.abc.es\/deportes\/real-madrid\/rueda-prensa-xabi-alonso-20251209185808-nt.html\" target=\"_blank\" data-voc-vtm-id=\"in-text-traffic\" title=\"Siento el apoyo de los jugadores\" data-mrf-link=\"www.abc.es\" rel=\"nofollow noopener\">Siento el apoyo de los jugadores<\/a>, me gusta la cercan\u00eda y el contacto que tengo con ellos en el d\u00eda a d\u00eda\u00bb, dijo Alonso, que confes\u00f3 que no hab\u00eda hablado con el presidente antes de atender a los medios.<\/p>\n<p class=\"voc-p\" style=\"\">Aunque suene parad\u00f3jico, Xabi fue el que sali\u00f3 mejor parado de la derrota ante el City. Al menos, a ojos del Bernab\u00e9u. Cuando su nombre son\u00f3 en megafon\u00eda, recibi\u00f3 m\u00e1s aplausos que cualquier otro jugador, y los pitos de la segunda mitad y, sobre todo, del final del partido, fueron exclusivamente dirigidos a los futbolistas: \u00abEntendemos a la afici\u00f3n, pero el equipo lo ha intentado hasta el final, sin bajar los brazos, a pesar de todas las dificultades con las que estamos conviviendo. No tengo nada que reprocharles. Agradezco su actitud y tenemos que seguir creyendo y trabajando porque todo pasa, y esta mala racha tambi\u00e9n pasar\u00e1\u00bb.<\/p>\n<p class=\"voc-p\" style=\"\">Pep, que asegur\u00f3 que el \u00e1rbitro <a href=\"https:\/\/www.abc.es\/deportes\/real-madrid\/martinez-montoro-claro-penalti-sobre-haaland-rudiger-debio-expulsado-20251210230421-nt.html\" target=\"_blank\" data-voc-vtm-id=\"in-text-traffic\" title=\"le perdon\u00f3 la segunda amarilla a Rudiger\" data-mrf-link=\"www.abc.es\" rel=\"nofollow noopener\">le perdon\u00f3 la segunda amarilla a Rudiger<\/a> y que insinu\u00f3 que no tuvo la valent\u00eda de pitar el penalti que luego se\u00f1al\u00f3 el VAR, reconoci\u00f3 que le gust\u00f3 el Madrid, sobre todo en la primera mitad, en otro mensaje claro de apoyo a su amigo Alonso: \u00abEllos han sido mucho mejores en esos 45 minutos primeros y luego hemos encontrado el gol antes que el juego. Luego, la segunda parte ha sido m\u00e1s equilibrada y ellos han tenido ese arrebato final que tanto gusta al Bernab\u00e9u\u00bb.<\/p>\n<p class=\"voc-p\" style=\"\">Un Bernab\u00e9u que pit\u00f3, sobre todo, a Vinicius. Pero no fue el \u00fanico. Tambi\u00e9n se\u00f1al\u00f3 m\u00e1s jugadores, como a Asencio, que sufri\u00f3 ante un Doku inspirad\u00edsimo. El canterano, un tanto frustrado, recrimin\u00f3 con un gestito con la mano que le dejar\u00e1n de silbar y quiso mostrar su apoyo p\u00fablico a Xabi: \u00ab<a href=\"https:\/\/www.abc.es\/deportes\/real-madrid\/vestuario-apropia-madrid-futbolistas-caprichosos-comportamientos-toxicos-20251208130320-nt.html\" target=\"_blank\" data-voc-vtm-id=\"in-text-traffic\" title=\"Nosotros estamos a muerte con \u00e9l\" data-mrf-link=\"www.abc.es\" rel=\"nofollow noopener\">Nosotros estamos a muerte con \u00e9l<\/a>. No tiene la culpa. Depende de nosotros cambiar la actitud en los partidos\u00bb.<\/p>\n<p class=\"voc-p\" style=\"\">\u00ab<a href=\"https:\/\/www.abc.es\/deportes\/real-madrid\/rodrygo-courtois-salvan-atolladero-blanco-pitos-bernabeu-20251210231021-nt.html\" target=\"_blank\" data-voc-vtm-id=\"in-text-traffic\" title=\"La afici\u00f3n ha animado y al final ha pitado\" data-mrf-link=\"www.abc.es\" rel=\"nofollow noopener\">La afici\u00f3n ha animado y al final ha pitado<\/a>, y tenemos que entenderlo y aceptarlo. Esta es la exigencia del Madrid. Pero hay que tener mucha calma porque esto es muy largo. A pesar del resultado yo he visto cosas positivas. Los resultados son los que son, eso es incuestionable, pero otra cosa es la interpretaci\u00f3n que hac\u00e9is\u00bb, dijo Xabi, convencido que puede revertir la situaci\u00f3n: \u00abEs un momento complicado para nosotros y para el entrenador. Las cosas no est\u00e1n saliendo y se dicen muchas cosas, pero queremos demostrar a la afici\u00f3n que estamos con nuestro entrenador. Necesitamos esta unidad para seguir adelante\u00bb, coment\u00f3 Rodrygo, uno de los mejores ante el City. Ya era hora. <\/p>\n<p class=\"voc-p\" style=\"\">Lo normal es que ante tanta baja y con su mejor partido en mucho tiempo, Goes repita en el once de Mendizorroza, pero veremos si lo puede hacer con Mbapp\u00e9: \u00abTodav\u00eda es pronto para saberlo, pero hoy no estaba para jugar\u00bb, confes\u00f3 Alonso que tiene otra final en Vitoria.<\/p>\n","protected":false},"excerpt":{"rendered":"Florentino tiene la \u00faltima palabra. Solo \u00e9l sabe que quiere hacer con Xabi Alonso, pero la digna derrota&hellip;\n","protected":false},"author":2,"featured_media":282697,"comment_status":"","ping_status":"","sticky":false,"template":"","format":"standard","meta":{"footnotes":""},"categories":[268],"tags":[3732,168,25,24,280,282,281,23,167,1781],"class_list":{"0":"post-282696","1":"post","2":"type-post","3":"status-publish","4":"format-standard","5":"has-post-thumbnail","7":"category-futbol","8":"tag-alonso","9":"tag-deportes","10":"tag-es","11":"tag-espana","12":"tag-football","13":"tag-futbol","14":"tag-soccer","15":"tag-spain","16":"tag-sports","17":"tag-xabi"},"share_on_mastodon":{"url":"https:\/\/pubeurope.com\/@es\/115700635168744324","error":""},"_links":{"self":[{"href":"https:\/\/www.europesays.com\/es\/wp-json\/wp\/v2\/posts\/282696","targetHints":{"allow":["GET"]}}],"collection":[{"href":"https:\/\/www.europesays.com\/es\/wp-json\/wp\/v2\/posts"}],"about":[{"href":"https:\/\/www.europesays.com\/es\/wp-json\/wp\/v2\/types\/post"}],"author":[{"embeddable":true,"href":"https:\/\/www.europesays.com\/es\/wp-json\/wp\/v2\/users\/2"}],"replies":[{"embeddable":true,"href":"https:\/\/www.europesays.com\/es\/wp-json\/wp\/v2\/comments?post=282696"}],"version-history":[{"count":0,"href":"https:\/\/www.europesays.com\/es\/wp-json\/wp\/v2\/posts\/282696\/revisions"}],"wp:featuredmedia":[{"embeddable":true,"href":"https:\/\/www.europesays.com\/es\/wp-json\/wp\/v2\/media\/282697"}],"wp:attachment":[{"href":"https:\/\/www.europesays.com\/es\/wp-json\/wp\/v2\/media?parent=282696"}],"wp:term":[{"taxonomy":"category","embeddable":true,"href":"https:\/\/www.europesays.com\/es\/wp-json\/wp\/v2\/categories?post=282696"},{"taxonomy":"post_tag","embeddable":true,"href":"https:\/\/www.europesays.com\/es\/wp-json\/wp\/v2\/tags?post=282696"}],"curies":[{"name":"wp","href":"https:\/\/api.w.org\/{rel}","templated":true}]}}