{"id":282725,"date":"2025-12-11T11:36:23","date_gmt":"2025-12-11T11:36:23","guid":{"rendered":"https:\/\/www.europesays.com\/es\/282725\/"},"modified":"2025-12-11T11:36:23","modified_gmt":"2025-12-11T11:36:23","slug":"exito-internacional-con-raiz-estradense","status":"publish","type":"post","link":"https:\/\/www.europesays.com\/es\/282725\/","title":{"rendered":"\u00c9xito internacional con ra\u00edz estradense"},"content":{"rendered":"<p class=\"ft-text ft-helper-closenews\">La estradense Sof\u00eda Blanco (33) triunfa internacionalmente junto a su socio, el brasile\u00f1o Caio Barboza (36), con un innovador proyecto de restauraci\u00f3n arquitect\u00f3nica llamado Boat House, y que recientemente ha recibido el premio a Proyecto de Vivienda Privada del A\u00f1o de los Structural Timber Awards (Premios de Madera Estructural). Este no es, no obstante, el primer reconocimiento que ha destacado el trabajo de Barboza Blanco, sino que tambi\u00e9n ha sido reconocido por el Premio Luis Moreno Mansilla, el FAD Awards, el Bauwelt Award, o el Premio COAM Emergente.<\/p>\n<p><img decoding=\"async\" src=\"https:\/\/www.europesays.com\/es\/wp-content\/uploads\/2025\/12\/58b0235e-2e3d-4739-9abe-4b9160aa6fc5_alta-libre-aspect-ratio_default_0.jpg\" width=\"1200\" height=\"1509\" alt=\"Arriba, Barboza y Blanco. A la derecha, la estructura de madera del Boat House. &#10;|  Rohan Strathie\" class=\"ft-helper-img-rd\" loading=\"lazy\"\/><\/p>\n<p class=\"ft-helper-fontColor-quaternary ft-helper-fontSize-body-S ft-helper-spacer-t-xxs\">Caio Barboza, cofundador el estudio junto a Blanco.  \/ .<\/p>\n<p class=\"ft-text\">Blanco mantiene ra\u00edces estradenses y una estrecha relaci\u00f3n con el municipio al que pertenece su familia paterna. De hecho, visita la villa con frecuencia, y durante a\u00f1os pasaba en ella semanas compartiendo momentos con sus abuelos. Si bien su vida transcurre principalmente en Santiago de Compostela, donde desde 2023 gestiona junto a su socio el estudio de arquitectura con el que ahora colecciona distinciones.<\/p>\n<p><img decoding=\"async\" src=\"https:\/\/www.europesays.com\/es\/wp-content\/uploads\/2025\/12\/04c7b917-a059-43e9-ad55-a94c76349ef9_alta-libre-aspect-ratio_default_0.jpg\" width=\"1200\" height=\"1322\" alt=\"\u00c9xito internacional con ra\u00edz estradense\" class=\"ft-helper-img-rd\" loading=\"lazy\"\/><\/p>\n<p class=\"ft-helper-fontColor-quaternary ft-helper-fontSize-body-S ft-helper-spacer-t-xxs\">\u00c9xito internacional con ra\u00edz estradense  \/ ,<\/p>\n<p class=\"ft-text\">La marca se caracteriza por su gran adaptabilidad, capaz de trabajar en proyectos m\u00e1s locales, y de menor escala, como el Boat House, o en otros m\u00e1s ambiciosos en cuanto a lo que infraestructura se refiere. Entre ella y su socio, hablan cinco idiomas y han trabajado en m\u00e1s de 40 pa\u00edses, lo que dota a la empresa de un perfil internacional que los lleva a gestionar iniciativas en cualquier parte del globo.<\/p>\n<p class=\"ft-text\">El Boat House fue uno de los primeros de Barboza y Blanco. Su misi\u00f3n no era nada simple, deb\u00edan restaurar un antiguo almac\u00e9n de barcos en la peque\u00f1a ciudad costera de Fife, en Escocia. Para ello, lo primero era inspeccionar el entorno, as\u00ed como la propia edificaci\u00f3n. Fue ah\u00ed cuando se percataron de dos cosas: la estructura estaba considerablemente da\u00f1ada debido al abandono durante a\u00f1os, y en el bosque contiguo hab\u00eda madera residual, despu\u00e9s de que los vecinos realizaran una tala decenal para que algunos de los ejemplares creciesen con mayor di\u00e1metro.<\/p>\n<p class=\"ft-text\">La filosof\u00eda era clara, quer\u00edan demostrar que se puede hacer arquitectura moderna de forma sostenible, e incluso primitiva, de un modo artesanal y respetuoso. As\u00ed que, empleando la madera residual de la tala mencionada anteriormente, realizaron un trabajo de restauraci\u00f3n estructural de premio.<\/p>\n<p class=\"ft-text\">Tanto Barboza como Blanco recuerdan, por ejemplo, que uno de los mayores retos fue retirar los \u00e1rboles del bosque sin introducir veh\u00edculos pesados que afectasen a la fauna y flora de la zona. Para ello, fue preciso emplear caballos belgas, caracterizados por su alta capacidad muscular. Adem\u00e1s, pese a estar instalados en Santiago, deb\u00edan viajar con asiduidad a Fife para revisar los trabajos, desplaz\u00e1ndose al menos una vez al mes durante todo un a\u00f1o.<\/p>\n<p class=\"ft-text\">Otra de las peculiaridades de este proceso, en el que la madera maciza es la absoluta protagonista, es que la estructura no cuenta con tornillos ni enlaces met\u00e1licos. Todo el ensamblado se llev\u00f3 a cabo mediante la creaci\u00f3n de engranajes en la propia superficie de la madera, tomando como inspiraci\u00f3n m\u00e9todos de la arquitectura china y japonesa.<\/p>\n<p class=\"ft-text\">\u00abEstamos muy contentos e ilusionados por que el proyecto est\u00e9 recibiendo reconocimientos, pero lo que m\u00e1s nos satisface es ver que se valora el trabajo de todo el equipo. Durante todo el proceso hubo muchas reuniones y si algo destacamos es la magn\u00edfica comunicaci\u00f3n con el resto de agentes, especialmente con los carpinteros, pero tambi\u00e9n con los ingenieros forestales y artesanos\u00bb, se\u00f1alan los arquitectos.<\/p>\n<p class=\"ft-text\">Pese al corto recorrido como firma, Barboza Blanco ya acumula numerosas distinciones. Ha conseguido llamar la atenci\u00f3n de su sector y hacerse un hueco con una fuerte se\u00f1a identitaria, pero tambi\u00e9n con una alta capacidad de adaptaci\u00f3n. Los perfiles diferentes pero complementarios de ambos socios hacen que la fusi\u00f3n sea sin\u00f3nimo de \u00e9xito. Un \u00e9xito que comenz\u00f3 a gestarse ya en las aulas de Harvard, cuando ambos se conocieron mientras cursaban un m\u00e1ster de Dise\u00f1o. Los derroteros de la vida los llevaron por caminos diferentes hasta hace dos a\u00f1os, momento en el que crearon este estudio que, pese a su alcance internacional, decidieron ubicar en la ciudad gallega, sin que esto fuese nunca un l\u00edmite para su crecimiento.<\/p>\n<p data-close=\"closedContent\" class=\"subscribeHideForDisplay\">Suscr\u00edbete para seguir leyendo<\/p>\n","protected":false},"excerpt":{"rendered":"La estradense Sof\u00eda Blanco (33) triunfa internacionalmente junto a su socio, el brasile\u00f1o Caio Barboza (36), con un&hellip;\n","protected":false},"author":2,"featured_media":282726,"comment_status":"","ping_status":"","sticky":false,"template":"","format":"standard","meta":{"footnotes":""},"categories":[173],"tags":[229,233,231,230,232,234,146,147,25,2768,24,19219,4518,5266,61,49358,3802,23,2752],"class_list":{"0":"post-282725","1":"post","2":"type-post","3":"status-publish","4":"format-standard","5":"has-post-thumbnail","7":"category-arte-y-diseno","8":"tag-arte","9":"tag-arte-y-diseno","10":"tag-arts","11":"tag-arts-and-design","12":"tag-design","13":"tag-diseno","14":"tag-entertainment","15":"tag-entretenimiento","16":"tag-es","17":"tag-escocia","18":"tag-espana","19":"tag-estradense","20":"tag-exito","21":"tag-filosofia","22":"tag-internacional","23":"tag-raiz","24":"tag-restauracion","25":"tag-spain","26":"tag-trabajo"},"share_on_mastodon":{"url":"https:\/\/pubeurope.com\/@es\/115700733928229677","error":""},"_links":{"self":[{"href":"https:\/\/www.europesays.com\/es\/wp-json\/wp\/v2\/posts\/282725","targetHints":{"allow":["GET"]}}],"collection":[{"href":"https:\/\/www.europesays.com\/es\/wp-json\/wp\/v2\/posts"}],"about":[{"href":"https:\/\/www.europesays.com\/es\/wp-json\/wp\/v2\/types\/post"}],"author":[{"embeddable":true,"href":"https:\/\/www.europesays.com\/es\/wp-json\/wp\/v2\/users\/2"}],"replies":[{"embeddable":true,"href":"https:\/\/www.europesays.com\/es\/wp-json\/wp\/v2\/comments?post=282725"}],"version-history":[{"count":0,"href":"https:\/\/www.europesays.com\/es\/wp-json\/wp\/v2\/posts\/282725\/revisions"}],"wp:featuredmedia":[{"embeddable":true,"href":"https:\/\/www.europesays.com\/es\/wp-json\/wp\/v2\/media\/282726"}],"wp:attachment":[{"href":"https:\/\/www.europesays.com\/es\/wp-json\/wp\/v2\/media?parent=282725"}],"wp:term":[{"taxonomy":"category","embeddable":true,"href":"https:\/\/www.europesays.com\/es\/wp-json\/wp\/v2\/categories?post=282725"},{"taxonomy":"post_tag","embeddable":true,"href":"https:\/\/www.europesays.com\/es\/wp-json\/wp\/v2\/tags?post=282725"}],"curies":[{"name":"wp","href":"https:\/\/api.w.org\/{rel}","templated":true}]}}