{"id":282752,"date":"2025-12-11T11:57:11","date_gmt":"2025-12-11T11:57:11","guid":{"rendered":"https:\/\/www.europesays.com\/es\/282752\/"},"modified":"2025-12-11T11:57:11","modified_gmt":"2025-12-11T11:57:11","slug":"el-jagiellonia-bialystok-se-esta-dando-a-conocer-al-mundo","status":"publish","type":"post","link":"https:\/\/www.europesays.com\/es\/282752\/","title":{"rendered":"El Jagiellonia Bialystok se est\u00e1 dando a conocer al mundo"},"content":{"rendered":"<p data-gtm-element-container=\"modulo-texto-link\" class=\"paragraph\">Carreras deportivas en el mundo del f\u00fatbol hay muchas, pero la de <strong>Jes\u00fas Imaz<\/strong> (Lleida, 1990) es una muy interesante, diferente y, desde luego, exitosa. Tiene su epicentro en <strong>Bialystok<\/strong>, una localidad situada al noreste de Polonia, que cuenta con una poblaci\u00f3n de unos 300.000 habitantes y con un equipo, el <strong>Jagiellonia<\/strong>, que este jueves juega contra el <strong>Rayo<\/strong> <strong>Vallecano<\/strong> en <strong>Conference<\/strong> <strong>League<\/strong> y cuya historia merece la pena conocer.<\/p>\n<p data-gtm-element-container=\"modulo-texto-link\" class=\"paragraph\"><strong>Jes\u00fas<\/strong>, capit\u00e1n y leyenda del equipo, lleva ya siete a\u00f1os all\u00ed y unos nueve en Polonia. Su primer equipo fue el hist\u00f3rico <strong>Wisla Cracovia<\/strong> (ahora en Segunda Divisi\u00f3n) y de ah\u00ed, fich\u00f3 por el <strong>Jagiellonia<\/strong> al que, en la 23\/24, llev\u00f3 a ganar la primera liga polaca de su historia y posteriormente la Supercopa de Polonia. Ante el Rayo, sumar\u00e1 250 partidos con el club, 105 goles (si no marca alguno m\u00e1s) y sobre todo el cari\u00f1o y reconocimiento de una ciudad en la que es un \u00eddolo. Por todo ello, tiene la amabilidad de atender a Mundo Deportivo.<\/p>\n<p data-gtm-element-container=\"modulo-texto-link\" class=\"paragraph\"><strong>Lo primero es saber c\u00f3mo llega el equipo al partido frente al Rayo. Ha habido tropiezos en los \u00faltimos partidos de Copa y Liga pero en Conference est\u00e1is invictos&#8230;<\/strong><\/p>\n<p data-gtm-element-container=\"modulo-texto-link\" class=\"paragraph\">\u00abSi, los \u00faltimos partidos no estamos en nuestro mejor momento y es verdad que el equipo necesita una victoria. Ahora tenemos la oportunidad de hacerlo contra el Rayo, un equipo top y afrontamos el partido como una final\u00bb.\u00a0<\/p>\n<p>                <img loading=\"lazy\" decoding=\"async\" data-full-src=\"https:\/\/www.mundodeportivo.com\/uploads\/2025\/04\/17\/68015061c6d03.jpeg\" alt=\"Horizontal\" width=\"449\" height=\"299\" src=\"https:\/\/www.europesays.com\/es\/wp-content\/uploads\/2025\/12\/68015061c6d03.jpeg\" class=\"lazy\"\/><\/p>\n<p class=\"caption-title \">Jesus Imaz con el Jagiellonia Bialystok\u00a0<\/p>\n<p>                    Artur Reszko \/ EFE<\/p>\n<p data-gtm-element-container=\"modulo-texto-link\" class=\"paragraph\"><strong>Para todos aquellos que no os tengan controlados, \u00bfc\u00f3mo juega el Jagiellonia Bialystok?<\/strong><\/p>\n<p data-gtm-element-container=\"modulo-texto-link\" class=\"paragraph\">\u00abSomos un equipo que queremos ser protagonistas con bal\u00f3n. Tenemos jugadores de calidad y tratamos de salir siempre desde atr\u00e1s. A veces nos toca estar juntitos y en eso tampoco somos muy malos. Tenemos jugadores r\u00e1pidos por fuera y en el caso de que el Plan A no salga pues tenemos ese Plan B\u00bb.\u00a0<\/p>\n<p data-gtm-element-container=\"modulo-texto-link\" class=\"paragraph\"><strong>Y la pregunta t\u00edpica: \u00bfEn qu\u00e9 posici\u00f3n estar\u00eda el Jagiellonia en LaLiga? \u00bfQu\u00e9 nivel ofrecer\u00eda?\u00bb<\/strong><\/p>\n<p data-gtm-element-container=\"modulo-texto-link\" class=\"paragraph\">\u00abYo creo que ser\u00edamos un equipo de los de arriba de Segunda Divisi\u00f3n o, en Primera, de los de media-baja tabla. Competimos contra el Betis el a\u00f1o pasado (en los cuartos de final de la Conference League) y dimos un buen nivel. El f\u00fatbol polaco cada vez est\u00e1 mejorando m\u00e1s y el nivel est\u00e1 creciendo mucho\u00bb.\u00a0\u00a0<\/p>\n<blockquote>\n<p>        \u00abYo creo que en Espa\u00f1a ser\u00edamos un equipo de los de arriba de Segunda Divisi\u00f3n o, en Primera, de los de media-baja tabla\u00bb.<\/p>\n<\/blockquote>\n<p data-gtm-element-container=\"modulo-texto-link\" class=\"paragraph\"><strong>\u00bfY al Rayo? \u00bfC\u00f3mo le ves? Es el \u00fanico equipo espa\u00f1ol en una competici\u00f3n en la que da la sensaci\u00f3n, pese a tener solo cinco ediciones disputadas, que pueden ganarla muchos equipos entre ellos el de La Franja&#8230;<\/strong><\/p>\n<p data-gtm-element-container=\"modulo-texto-link\" class=\"paragraph\">\u00abSi eso es verdad. Al final la gente dice \u00abBuah, la Conference&#8230;\u00bb como desprestigi\u00e1ndola y al final hay equipos muy fuertes como el <strong>Rayo<\/strong>, el <strong>Crystal Palace <\/strong>o el <strong>Estrasburgo<\/strong> con el que nosotros empatamos all\u00ed. El Rayo, aunque no est\u00e1 en su mejor momento, vendr\u00e1 aqu\u00ed como favorito, eso est\u00e1 claro, y querr\u00e1n ganar para sumar los seis puntos que quedan y meterse en el &#8216;top-8&#8217;.\u00bb\u00a0<\/p>\n<p data-gtm-element-container=\"modulo-texto-link\" class=\"paragraph\"><strong>Y ya hablando m\u00e1s sobre tu experiencia personal en Polonia, \u00bfc\u00f3mo surge la idea de ir para all\u00e1? Primero vas al Wisla que ahora est\u00e1 en Segunda Divisi\u00f3n&#8230;<\/strong><\/p>\n<p data-gtm-element-container=\"modulo-texto-link\" class=\"paragraph\">\u00abSi, pasan estas cosas en la vida. Yo estaba en el C\u00e1diz y no estaba teniendo los minutos que yo cre\u00eda que pod\u00eda tener o que merec\u00eda y tuve la suerte de que en ese momento en el Wisla hab\u00eda muchos jugadores espa\u00f1oles, el entrenador y el director deportivo tambi\u00e9n y me llam\u00f3 Kiko Ram\u00edrez que en ese momento era el entrenador y me habl\u00f3 del pa\u00eds, me ense\u00f1\u00f3 el f\u00fatbol aqu\u00ed y me atra\u00eda la idea de ir a un grande de Polonia como el Wisla. Entonces me vine para jugar para reencontrarme con el f\u00fatbol y con un contrato de 1+1 para ver si me adaptaba, si no&#8230; y aqu\u00ed sigo. La verdad que llegu\u00e9, me adapte y aqu\u00ed sigo y la verdad que muy contento\u00bb.\u00a0<\/p>\n<p data-gtm-element-container=\"modulo-texto-link\" class=\"paragraph\"><strong>En ese momento, como dices, Kiko Ram\u00edrez fue tu embajador pero entiendo que ya te has convertido t\u00fa mismo en el embajador de otros jugadores que lleguen a Polonia, \u00bfno?\u00a0<\/strong><\/p>\n<p data-gtm-element-container=\"modulo-texto-link\" class=\"paragraph\">\u00abSi la verdad que s\u00ed. Ya no solo jugadores sino agentes polacos que quieren traer jugadores espa\u00f1oles me llaman y me preguntan si puedo hablar con ciertos jugadores para explicarles como es la vida aqu\u00ed y siempre lo digo: en Espa\u00f1a es muy dif\u00edcil jugar en Primera Divisi\u00f3n y aqu\u00ed tienes la oportunidad de hacerlo. Muchas veces puedes venir y utilizar esto como un trampol\u00edn, hacerlo bien e irte a una liga mejor o hacer tu carrera como he hecho yo\u00bb.\u00a0<\/p>\n<blockquote>\n<p>        \u00abMuchas veces puedes venir y utilizar esto como un trampol\u00edn, hacerlo bien e irte a una liga mejor o hacer tu carrera como he hecho yo\u00bb.<\/p>\n<\/blockquote>\n<p data-gtm-element-container=\"modulo-texto-link\" class=\"paragraph\"><strong>Eres el que m\u00e1s tiempo lleva en el equipo y entiendo que haces como de &#8216;padre&#8217; de los espa\u00f1oles que llegan&#8230;<\/strong><\/p>\n<p data-gtm-element-container=\"modulo-texto-link\" class=\"paragraph\">\u00abSi, intento cogerles, ense\u00f1arles, contarles lo que es aqu\u00ed el invierno&#8230;\u00bb<\/p>\n<p data-gtm-element-container=\"modulo-texto-link\" class=\"paragraph\"><strong>\u00bfCu\u00e1l es la temperatura m\u00e1s baja que has visto en el term\u00f3metro?<\/strong><\/p>\n<p data-gtm-element-container=\"modulo-texto-link\" class=\"paragraph\">\u00abPues me acuerdo una vez, hace dos a\u00f1os, que llegue despu\u00e9s de la vacaciones de Navidad y yo tra\u00eda una chaquetilla y cuando llegue al aeropuerto marcaba -16\u00baC&#8230; (risas)\u00bb.<\/p>\n<p data-gtm-element-container=\"modulo-texto-link\" class=\"paragraph\"><strong>\u00bfY la vida all\u00ed c\u00f3mo es porque te ha tocado el Covid, la guerra de Ucrania&#8230;? Y hablas un polaco casi nativo&#8230;<\/strong><\/p>\n<p data-gtm-element-container=\"modulo-texto-link\" class=\"paragraph\">\u00abAl final cuando llegas a un pa\u00eds que no es el tuyo lo suyo es adaptarte y me cost\u00f3 aprenderla pero s\u00ed, me defiendo. En cuanto al Covid si es verdad que lo pasamos aqu\u00ed porque hab\u00eda menos restricciones y estaba la cosa m\u00e1s tranquila y la guerra es verdad que nos toc\u00f3 un poco de lejos. No vino mucha gente y lo estamos pasando un poco m\u00e1s tranquilos&#8230;\u00bb<\/p>\n<p>                <img loading=\"lazy\" decoding=\"async\" data-full-src=\"https:\/\/www.mundodeportivo.com\/uploads\/2025\/04\/17\/68014cb99d040.jpeg\" alt=\"Horizontal\" width=\"449\" height=\"299\" src=\"https:\/\/www.europesays.com\/es\/wp-content\/uploads\/2025\/12\/68014cb99d040.r_d.1478-879.jpeg\" class=\"lazy\"\/><\/p>\n<p class=\"caption-title \">Jes\u00fas Imaz con el Jagiellonia<\/p>\n<p>                    Artur Reszko \/ EFE<\/p>\n<p data-gtm-element-container=\"modulo-texto-link\" class=\"paragraph\"><strong>En cuanto al equipo, el Jagiellonia, es ahora cuando se le est\u00e1 conociendo un poco m\u00e1s, \u00bfno? Antes los m\u00e1s futboleros pod\u00edan conocer al Legia de Varsovia o al Wisla pero ahora est\u00e1is ah\u00ed vosotros&#8230;<\/strong><\/p>\n<p data-gtm-element-container=\"modulo-texto-link\" class=\"paragraph\">\u00abSi, totalmente. Cuando yo vengo aqu\u00ed es porque el equipo ya ven\u00eda siendo segundo un par de a\u00f1os, jugando las previas de Europa pero cuando justo el a\u00f1o que llego las cosas no fueron tan bien pero lleg\u00f3 un entrenador joven, Adri\u00e1n Siemieniec, y cambi\u00f3 todo. De una temporada que casi descendemos a ganar la Liga y eso hizo que el club creciera y que jugadores que no conoc\u00edan al equipo se interesaran en nosotros. Luego en nuestra primera temporada en Europa llegamos a los cuartos de final y nos hemos abierto al mundo\u00bb.\u00a0<\/p>\n<p>                <img loading=\"lazy\" decoding=\"async\" data-full-src=\"https:\/\/www.mundodeportivo.com\/uploads\/2024\/11\/15\/67373cfa8b73a.jpeg\" alt=\"Jes\u00fas Imaz, levantando el trofeo que acredit\u00f3 al Jagiellonia como campe\u00f3n de Polonia\" width=\"449\" height=\"363\" src=\"https:\/\/www.europesays.com\/es\/wp-content\/uploads\/2025\/12\/67373cfa8b73a.jpeg\" class=\"lazy\"\/><\/p>\n<p class=\"caption-title \">Jes\u00fas Imaz, levantando el trofeo que acredit\u00f3 al Jagiellonia como campe\u00f3n de Polonia<\/p>\n<p>                    .<\/p>\n<p data-gtm-element-container=\"modulo-texto-link\" class=\"paragraph\"><strong>\u00bfY el f\u00fatbol all\u00ed en Polonia? Desde aqu\u00ed siempre se ven muchos tifos, bengalas y dem\u00e1s&#8230;<\/strong><\/p>\n<p data-gtm-element-container=\"modulo-texto-link\" class=\"paragraph\">\u00abS\u00ed, es incre\u00edble. En el primer a\u00f1o que vine, cuando estaba en el Wisla, jugamos el derbi de Cracovia y fue impactante para m\u00ed vivir eso porque el partido se tuvo que parar por el lanzamiento de bengalas y dem\u00e1s. Pero en general se vive mucho el f\u00fatbol y la atm\u00f3sfera en los campos es muy buena\u00bb.<\/p>\n<p data-gtm-element-container=\"modulo-texto-link\" class=\"paragraph\"><strong>Y t\u00fa eres una leyenda all\u00ed. Ante el Rayo cumples 250 partidos&#8230;<\/strong><\/p>\n<p data-gtm-element-container=\"modulo-texto-link\" class=\"paragraph\">\u00abS\u00ed, la verdad que la gente te va conociendo m\u00e1s y se engancha al equipo porque lo estamos haciendo bien. Siempre me han tratado super bien y estoy super contento la verdad\u00bb.\u00a0<\/p>\n<p data-gtm-element-container=\"modulo-texto-link\" class=\"paragraph\"><strong>Y con 35 a\u00f1os est\u00e1s en tu plenitud. Est\u00e1s registrando tus mejores cifras y siempre se dice que un futbolista alcanza su plenitud a los 26\/27 pero&#8230;\u00bfc\u00f3mo se explica?<\/strong><\/p>\n<p data-gtm-element-container=\"modulo-texto-link\" class=\"paragraph\">\u00abPues bueno, f\u00edsicamente estoy muy bien, me gusta lo que hago y voy siempre feliz a entrenar y a jugar y se traduce en hacer bien las cosas. Siempre lo digo, la edad es un n\u00famero. Hay jugadores como Sergio Ramos, Cristiano Ronaldo o Luka Modric que siguen jugando a un nivel incre\u00edble entonces siempre lo digo: que los j\u00f3venes aprieten porque los mayores no aflojamos\u00bb.\u00a0<\/p>\n<p data-gtm-element-container=\"modulo-texto-link\" class=\"paragraph\"><strong>Tienes contrato hasta 2027 en el Jagiellonia pero, \u00bfte gustar\u00eda volver a Espa\u00f1a?<\/strong><\/p>\n<p data-gtm-element-container=\"modulo-texto-link\" class=\"paragraph\">\u00abLa verdad que de momento no me lo planteo. Estoy muy bien aqu\u00ed. Estoy muy enganchado al club y ya antes de renovar me preguntaron qu\u00e9 quer\u00eda hacer en el futuro pero yo me veo jugando todav\u00eda unos a\u00f1os m\u00e1s\u00bb.\u00a0<\/p>\n<p data-gtm-element-container=\"modulo-texto-link\" class=\"paragraph\"><strong>\u00bfTe planteas esa opci\u00f3n de quedarte en Polonia como entrenador?\u00a0<\/strong><\/p>\n<p data-gtm-element-container=\"modulo-texto-link\" class=\"paragraph\">\u00abSi la verdad que s\u00ed. Tengo el nivel II de entrenador pero tendr\u00eda que mejorar todav\u00eda m\u00e1s mi polaco por las clases y dem\u00e1s son en polaco pero s\u00ed, el club siempre me lo dice. Yo creo que he dado mucho aqu\u00ed y siempre tendr\u00e9 la puerta abierta aqu\u00ed\u00bb.\u00a0<\/p>\n","protected":false},"excerpt":{"rendered":"Carreras deportivas en el mundo del f\u00fatbol hay muchas, pero la de Jes\u00fas Imaz (Lleida, 1990) es una&hellip;\n","protected":false},"author":2,"featured_media":282753,"comment_status":"","ping_status":"","sticky":false,"template":"","format":"standard","meta":{"footnotes":""},"categories":[268],"tags":[168,25,24,280,282,281,23,167],"class_list":{"0":"post-282752","1":"post","2":"type-post","3":"status-publish","4":"format-standard","5":"has-post-thumbnail","7":"category-futbol","8":"tag-deportes","9":"tag-es","10":"tag-espana","11":"tag-football","12":"tag-futbol","13":"tag-soccer","14":"tag-spain","15":"tag-sports"},"share_on_mastodon":{"url":"https:\/\/pubeurope.com\/@es\/115700816460711488","error":""},"_links":{"self":[{"href":"https:\/\/www.europesays.com\/es\/wp-json\/wp\/v2\/posts\/282752","targetHints":{"allow":["GET"]}}],"collection":[{"href":"https:\/\/www.europesays.com\/es\/wp-json\/wp\/v2\/posts"}],"about":[{"href":"https:\/\/www.europesays.com\/es\/wp-json\/wp\/v2\/types\/post"}],"author":[{"embeddable":true,"href":"https:\/\/www.europesays.com\/es\/wp-json\/wp\/v2\/users\/2"}],"replies":[{"embeddable":true,"href":"https:\/\/www.europesays.com\/es\/wp-json\/wp\/v2\/comments?post=282752"}],"version-history":[{"count":0,"href":"https:\/\/www.europesays.com\/es\/wp-json\/wp\/v2\/posts\/282752\/revisions"}],"wp:featuredmedia":[{"embeddable":true,"href":"https:\/\/www.europesays.com\/es\/wp-json\/wp\/v2\/media\/282753"}],"wp:attachment":[{"href":"https:\/\/www.europesays.com\/es\/wp-json\/wp\/v2\/media?parent=282752"}],"wp:term":[{"taxonomy":"category","embeddable":true,"href":"https:\/\/www.europesays.com\/es\/wp-json\/wp\/v2\/categories?post=282752"},{"taxonomy":"post_tag","embeddable":true,"href":"https:\/\/www.europesays.com\/es\/wp-json\/wp\/v2\/tags?post=282752"}],"curies":[{"name":"wp","href":"https:\/\/api.w.org\/{rel}","templated":true}]}}